{"id":12907,"date":"2024-11-07T23:10:42","date_gmt":"2024-11-07T23:10:42","guid":{"rendered":"https:\/\/nsf.pt\/?p=12907"},"modified":"2024-11-07T23:10:44","modified_gmt":"2024-11-07T23:10:44","slug":"nunca-pensei-assistir-a-isto","status":"publish","type":"post","link":"https:\/\/nsf.pt\/index.php\/2024\/11\/07\/nunca-pensei-assistir-a-isto\/","title":{"rendered":"Nunca pensei assistir a isto!"},"content":{"rendered":"\n<h2 class=\"wp-block-heading\"><mark style=\"background-color:rgba(0, 0, 0, 0)\" class=\"has-inline-color has-vivid-red-color\"><strong>OPINI\u00c3O <\/strong><\/mark>&#8211; Irene Pimentel e os idiotas \u00fateis que colocaram a extrema-direita no poder<\/h2>\n\n\n<div class=\"wp-block-post-date\"><time datetime=\"2024-11-07T23:10:42+00:00\">7 de Novembro, 2024<\/time><\/div>\n\n\n<h2 class=\"wp-block-heading\">Rea\u00e7\u00e3o de Irene Pimentel \u00e0 elei\u00e7\u00e3o de Trump nos Estados Unidos<\/h2>\n\n\n\n<div style=\"height:18px\" aria-hidden=\"true\" class=\"wp-block-spacer\"><\/div>\n\n\n\n<figure class=\"wp-block-gallery has-nested-images columns-default is-cropped wp-block-gallery-1 is-layout-flex wp-block-gallery-is-layout-flex\">\n<figure class=\"wp-block-image size-large\"><img decoding=\"async\" loading=\"lazy\" width=\"1024\" height=\"490\" data-id=\"12908\" src=\"https:\/\/nsf.pt\/wp-content\/uploads\/2024\/11\/IRENE-PIMENTEL-BANER-1024x490.jpg\" alt=\"\" class=\"wp-image-12908\" srcset=\"https:\/\/nsf.pt\/wp-content\/uploads\/2024\/11\/IRENE-PIMENTEL-BANER-1024x490.jpg 1024w, https:\/\/nsf.pt\/wp-content\/uploads\/2024\/11\/IRENE-PIMENTEL-BANER-300x144.jpg 300w, https:\/\/nsf.pt\/wp-content\/uploads\/2024\/11\/IRENE-PIMENTEL-BANER-768x367.jpg 768w, https:\/\/nsf.pt\/wp-content\/uploads\/2024\/11\/IRENE-PIMENTEL-BANER.jpg 1208w\" sizes=\"(max-width: 1024px) 100vw, 1024px\" \/><\/figure>\n<\/figure>\n\n\n\n<p>Irene Pimentel<\/p>\n\n\n\n<div style=\"height:28px\" aria-hidden=\"true\" class=\"wp-block-spacer\"><\/div>\n\n\n\n<p>&#8220;A minha gera\u00e7\u00e3o de baby-boomers viu anos de paz e desenvolvimento do Estado social na Europa, viu o 25 de Abril, a queda de ditaduras a ocidente e a Leste. Foi uma gera\u00e7\u00e3o anti-fascista, anti-racista, feminista, anti-colonialista, mas tamb\u00e9m adepta de novos totalitarismos. A longevidade faz-nos atravessar agora tempos sombrios, por via eleitoral, com um criminoso a dirigir os EUA e muitos criminosos no poder ou a caminho dele na Europa. Hoje estou particularmente enojada com os nichos woke identit\u00e1rios, aqueles que se dizem de esquerda e consideraram que votar trump ou Kamala era o mesmo. Enfim, todos os idiotas \u00fateis que j\u00e1 colocaram a extrema-direita no poder.&#8221;<\/p>\n\n\n\n<p><\/p>\n\n\n\n<h2 class=\"wp-block-heading\">Uma cr\u00f3nica de opini\u00e3o do NYT oportunamente partilhada<\/h2>\n\n\n\n<p><br>\u00abDonald Trump disse aos americanos exatamente o que planeava fazer.<br>Usaria a for\u00e7a militar contra os seus advers\u00e1rios pol\u00edticos. Despediria milhares de funcion\u00e1rios p\u00fablicos de carreira. Deportaria milh\u00f5es de imigrantes em deten\u00e7\u00f5es de estilo militar. Esmagaria a independ\u00eancia do Departamento de Justi\u00e7a, usaria o governo para promover conspira\u00e7\u00f5es de sa\u00fade p\u00fablica e abandonaria os aliados da Am\u00e9rica no estrangeiro. Ele transformaria o governo numa ferramenta para as suas pr\u00f3prias queixas, numa forma de punir os seus cr\u00edticos e recompensar ricamente os seus apoiantes. Seria um \u201cditador\u201d \u2013 mesmo que apenas no primeiro dia.<br>E, quando solicitados a dar-lhe o poder de fazer tudo isto, os eleitores disseram que sim. Esta foi uma conquista da na\u00e7\u00e3o n\u00e3o pela for\u00e7a, mas com uma permiss\u00e3o. Agora, a Am\u00e9rica est\u00e1 \u00e0 beira de um estilo autorit\u00e1rio de governa\u00e7\u00e3o nunca antes visto nos seus 248 anos de hist\u00f3ria.<br>Depois de derrotar a vice-presidente Kamala Harris, que se tornaria a primeira mulher presidente dos EUA, Trump trar\u00e1 as suas pr\u00f3prias inova\u00e7\u00f5es hist\u00f3ricas para a Casa Branca: o \u00fanico presidente condenado por dezenas de crimes, acusado de mais dezenas e sujeito a impeachment duas vezes.&#8221;<\/p>\n","protected":false},"excerpt":{"rendered":"<p>OPINI\u00c3O &#8211; Irene Pimentel e os idiotas \u00fateis que colocaram a extrema-direita no poder Rea\u00e7\u00e3o&#8230;<\/p>\n","protected":false},"author":2,"featured_media":12908,"comment_status":"open","ping_status":"open","sticky":true,"template":"","format":"standard","meta":{"sfsi_plus_gutenberg_text_before_share":"","sfsi_plus_gutenberg_show_text_before_share":"","sfsi_plus_gutenberg_icon_type":"","sfsi_plus_gutenberg_icon_alignemt":"","sfsi_plus_gutenburg_max_per_row":"","ngg_post_thumbnail":0,"footnotes":""},"categories":[99,455],"tags":[133],"featured_image_urls":{"full":["https:\/\/nsf.pt\/wp-content\/uploads\/2024\/11\/IRENE-PIMENTEL-BANER.jpg",1208,578,false],"thumbnail":["https:\/\/nsf.pt\/wp-content\/uploads\/2024\/11\/IRENE-PIMENTEL-BANER-150x150.jpg",150,150,true],"medium":["https:\/\/nsf.pt\/wp-content\/uploads\/2024\/11\/IRENE-PIMENTEL-BANER-300x144.jpg",300,144,true],"medium_large":["https:\/\/nsf.pt\/wp-content\/uploads\/2024\/11\/IRENE-PIMENTEL-BANER-768x367.jpg",640,306,true],"large":["https:\/\/nsf.pt\/wp-content\/uploads\/2024\/11\/IRENE-PIMENTEL-BANER-1024x490.jpg",640,306,true],"1536x1536":["https:\/\/nsf.pt\/wp-content\/uploads\/2024\/11\/IRENE-PIMENTEL-BANER.jpg",1208,578,false],"2048x2048":["https:\/\/nsf.pt\/wp-content\/uploads\/2024\/11\/IRENE-PIMENTEL-BANER.jpg",1208,578,false],"covernews-slider-full":["https:\/\/nsf.pt\/wp-content\/uploads\/2024\/11\/IRENE-PIMENTEL-BANER-1115x578.jpg",1115,578,true],"covernews-slider-center":["https:\/\/nsf.pt\/wp-content\/uploads\/2024\/11\/IRENE-PIMENTEL-BANER-800x500.jpg",800,500,true],"covernews-featured":["https:\/\/nsf.pt\/wp-content\/uploads\/2024\/11\/IRENE-PIMENTEL-BANER-1024x490.jpg",1024,490,true],"covernews-medium":["https:\/\/nsf.pt\/wp-content\/uploads\/2024\/11\/IRENE-PIMENTEL-BANER-540x340.jpg",540,340,true],"covernews-medium-square":["https:\/\/nsf.pt\/wp-content\/uploads\/2024\/11\/IRENE-PIMENTEL-BANER-400x250.jpg",400,250,true]},"author_info":{"info":["Carlos Ribeiro"]},"category_info":"<a href=\"https:\/\/nsf.pt\/index.php\/category\/opiniao\/\" rel=\"category tag\">OPINI\u00c3O<\/a> <a href=\"https:\/\/nsf.pt\/index.php\/category\/tribuna-2\/\" rel=\"category tag\">TRIBUNA<\/a>","tag_info":"TRIBUNA","comment_count":"0","_links":{"self":[{"href":"https:\/\/nsf.pt\/index.php\/wp-json\/wp\/v2\/posts\/12907"}],"collection":[{"href":"https:\/\/nsf.pt\/index.php\/wp-json\/wp\/v2\/posts"}],"about":[{"href":"https:\/\/nsf.pt\/index.php\/wp-json\/wp\/v2\/types\/post"}],"author":[{"embeddable":true,"href":"https:\/\/nsf.pt\/index.php\/wp-json\/wp\/v2\/users\/2"}],"replies":[{"embeddable":true,"href":"https:\/\/nsf.pt\/index.php\/wp-json\/wp\/v2\/comments?post=12907"}],"version-history":[{"count":1,"href":"https:\/\/nsf.pt\/index.php\/wp-json\/wp\/v2\/posts\/12907\/revisions"}],"predecessor-version":[{"id":12909,"href":"https:\/\/nsf.pt\/index.php\/wp-json\/wp\/v2\/posts\/12907\/revisions\/12909"}],"wp:featuredmedia":[{"embeddable":true,"href":"https:\/\/nsf.pt\/index.php\/wp-json\/wp\/v2\/media\/12908"}],"wp:attachment":[{"href":"https:\/\/nsf.pt\/index.php\/wp-json\/wp\/v2\/media?parent=12907"}],"wp:term":[{"taxonomy":"category","embeddable":true,"href":"https:\/\/nsf.pt\/index.php\/wp-json\/wp\/v2\/categories?post=12907"},{"taxonomy":"post_tag","embeddable":true,"href":"https:\/\/nsf.pt\/index.php\/wp-json\/wp\/v2\/tags?post=12907"}],"curies":[{"name":"wp","href":"https:\/\/api.w.org\/{rel}","templated":true}]}}