{"id":12945,"date":"2024-11-10T22:31:04","date_gmt":"2024-11-10T22:31:04","guid":{"rendered":"https:\/\/nsf.pt\/?p=12945"},"modified":"2024-11-10T22:31:07","modified_gmt":"2024-11-10T22:31:07","slug":"tracadinho","status":"publish","type":"post","link":"https:\/\/nsf.pt\/index.php\/2024\/11\/10\/tracadinho\/","title":{"rendered":"Tra\u00e7adinho"},"content":{"rendered":"\n<h2 class=\"wp-block-heading\">AGENDA &#8211; 29 de novembro, 21.30h &#8211; TORRES VEDRAS<\/h2>\n\n\n<div class=\"wp-block-post-date\"><time datetime=\"2024-11-10T22:31:04+00:00\">10 de Novembro, 2024<\/time><\/div>\n\n\n<h3 class=\"wp-block-heading\">Dia 29 de novembro, 21.30h, o grupo de teatro do Gabinete de Apoio \u00e0 Defici\u00eancia Visual, apresenta o seu 3\u00ba trabalho teatral &#8211; Tra\u00e7adinho. A entrada \u00e9 gratuita mas sujeita \u00e0 lota\u00e7\u00e3o da sala do Teatro-cine de Torres Vedras. 571<\/h3>\n\n\n\n<div style=\"height:23px\" aria-hidden=\"true\" class=\"wp-block-spacer\"><\/div>\n\n\n\n<figure class=\"wp-block-gallery has-nested-images columns-default is-cropped wp-block-gallery-1 is-layout-flex wp-block-gallery-is-layout-flex\">\n<figure class=\"wp-block-image size-large\"><img decoding=\"async\" loading=\"lazy\" width=\"885\" height=\"480\" data-id=\"12949\" src=\"https:\/\/nsf.pt\/wp-content\/uploads\/2024\/11\/Tracadinho.jpg\" alt=\"\" class=\"wp-image-12949\" srcset=\"https:\/\/nsf.pt\/wp-content\/uploads\/2024\/11\/Tracadinho.jpg 885w, https:\/\/nsf.pt\/wp-content\/uploads\/2024\/11\/Tracadinho-300x163.jpg 300w, https:\/\/nsf.pt\/wp-content\/uploads\/2024\/11\/Tracadinho-768x417.jpg 768w\" sizes=\"(max-width: 885px) 100vw, 885px\" \/><\/figure>\n<\/figure>\n\n\n\n<p>Local:\u00a0Teatro-Cine de Torres Vedras<br>Destinat\u00e1rios:\u00a0M\/6<\/p>\n\n\n\n<p>Tra\u00e7adinho leva-nos ao ambiente de um caf\u00e9 de aldeia, onde se cruzam vidas e olhares, dores e amores. Hist\u00f3rias com princ\u00edpio, meio e sem fim, pois o fluir da vida e a sua imperman\u00eancia n\u00e3o t\u00eam ponto final.<\/p>\n\n\n\n<p><strong>Encena\u00e7\u00e3o, dramaturgia e cenografia:<\/strong>&nbsp;Ana Cl\u00e1udio<\/p>\n\n\n\n<p><strong>Cria\u00e7\u00e3o coletiva:<\/strong>&nbsp;grupo de teatro do Gabinete de Apoio \u00e0 Defici\u00eancia Visual (GADV) de Torres Vedras<\/p>\n\n\n\n<p><strong>Elenco:<\/strong>&nbsp;Ana Amaral, Ant\u00f3nio Barrinha, Ant\u00f3nio Marques, Carminda Carvalho, Isabel Santos, Ivone Neves, Joana Martins, Leonel Alves, Maria Mendon\u00e7a, M\u00e1rio Moreno, Tatiana Santos<\/p>\n\n\n\n<p><strong>Contra regra:<\/strong>&nbsp;Sara Duarte<\/p>\n\n\n\n<p><strong>Desenho de luz:<\/strong>\u00a0Lu\u00eds Ferreira &#8211; Teatro-Cine de Torres Vedras<\/p>\n\n\n\n<p><\/p>\n\n\n\n<p><em><strong>Fonte &#8211; Somos Comunidade &#8211; Torres Vedras.<\/strong><\/em><\/p>\n","protected":false},"excerpt":{"rendered":"<p>AGENDA &#8211; 29 de novembro, 21.30h &#8211; TORRES VEDRAS Dia 29 de novembro, 21.30h, o&#8230;<\/p>\n","protected":false},"author":2,"featured_media":12949,"comment_status":"open","ping_status":"open","sticky":true,"template":"","format":"standard","meta":{"sfsi_plus_gutenberg_text_before_share":"","sfsi_plus_gutenberg_show_text_before_share":"","sfsi_plus_gutenberg_icon_type":"","sfsi_plus_gutenberg_icon_alignemt":"","sfsi_plus_gutenburg_max_per_row":"","ngg_post_thumbnail":0,"footnotes":""},"categories":[207,112],"tags":[542],"featured_image_urls":{"full":["https:\/\/nsf.pt\/wp-content\/uploads\/2024\/11\/Tracadinho.jpg",885,480,false],"thumbnail":["https:\/\/nsf.pt\/wp-content\/uploads\/2024\/11\/Tracadinho-150x150.jpg",150,150,true],"medium":["https:\/\/nsf.pt\/wp-content\/uploads\/2024\/11\/Tracadinho-300x163.jpg",300,163,true],"medium_large":["https:\/\/nsf.pt\/wp-content\/uploads\/2024\/11\/Tracadinho-768x417.jpg",640,348,true],"large":["https:\/\/nsf.pt\/wp-content\/uploads\/2024\/11\/Tracadinho.jpg",640,347,false],"1536x1536":["https:\/\/nsf.pt\/wp-content\/uploads\/2024\/11\/Tracadinho.jpg",885,480,false],"2048x2048":["https:\/\/nsf.pt\/wp-content\/uploads\/2024\/11\/Tracadinho.jpg",885,480,false],"covernews-slider-full":["https:\/\/nsf.pt\/wp-content\/uploads\/2024\/11\/Tracadinho.jpg",885,480,false],"covernews-slider-center":["https:\/\/nsf.pt\/wp-content\/uploads\/2024\/11\/Tracadinho-800x480.jpg",800,480,true],"covernews-featured":["https:\/\/nsf.pt\/wp-content\/uploads\/2024\/11\/Tracadinho.jpg",885,480,false],"covernews-medium":["https:\/\/nsf.pt\/wp-content\/uploads\/2024\/11\/Tracadinho-540x340.jpg",540,340,true],"covernews-medium-square":["https:\/\/nsf.pt\/wp-content\/uploads\/2024\/11\/Tracadinho-400x250.jpg",400,250,true]},"author_info":{"info":["Carlos Ribeiro"]},"category_info":"<a href=\"https:\/\/nsf.pt\/index.php\/category\/agenda-2\/\" rel=\"category tag\">AGENDA<\/a> <a href=\"https:\/\/nsf.pt\/index.php\/category\/especial-sf\/teatro\/\" rel=\"category tag\">TEATRO<\/a>","tag_info":"TEATRO","comment_count":"0","_links":{"self":[{"href":"https:\/\/nsf.pt\/index.php\/wp-json\/wp\/v2\/posts\/12945"}],"collection":[{"href":"https:\/\/nsf.pt\/index.php\/wp-json\/wp\/v2\/posts"}],"about":[{"href":"https:\/\/nsf.pt\/index.php\/wp-json\/wp\/v2\/types\/post"}],"author":[{"embeddable":true,"href":"https:\/\/nsf.pt\/index.php\/wp-json\/wp\/v2\/users\/2"}],"replies":[{"embeddable":true,"href":"https:\/\/nsf.pt\/index.php\/wp-json\/wp\/v2\/comments?post=12945"}],"version-history":[{"count":1,"href":"https:\/\/nsf.pt\/index.php\/wp-json\/wp\/v2\/posts\/12945\/revisions"}],"predecessor-version":[{"id":12950,"href":"https:\/\/nsf.pt\/index.php\/wp-json\/wp\/v2\/posts\/12945\/revisions\/12950"}],"wp:featuredmedia":[{"embeddable":true,"href":"https:\/\/nsf.pt\/index.php\/wp-json\/wp\/v2\/media\/12949"}],"wp:attachment":[{"href":"https:\/\/nsf.pt\/index.php\/wp-json\/wp\/v2\/media?parent=12945"}],"wp:term":[{"taxonomy":"category","embeddable":true,"href":"https:\/\/nsf.pt\/index.php\/wp-json\/wp\/v2\/categories?post=12945"},{"taxonomy":"post_tag","embeddable":true,"href":"https:\/\/nsf.pt\/index.php\/wp-json\/wp\/v2\/tags?post=12945"}],"curies":[{"name":"wp","href":"https:\/\/api.w.org\/{rel}","templated":true}]}}