{"id":13053,"date":"2024-11-19T16:36:40","date_gmt":"2024-11-19T16:36:40","guid":{"rendered":"https:\/\/nsf.pt\/?p=13053"},"modified":"2024-11-19T16:36:44","modified_gmt":"2024-11-19T16:36:44","slug":"a-extrema-direita-anda-desviar-fundos-publicos","status":"publish","type":"post","link":"https:\/\/nsf.pt\/index.php\/2024\/11\/19\/a-extrema-direita-anda-desviar-fundos-publicos\/","title":{"rendered":"A extrema-direita anda desviar fundos p\u00fablicos"},"content":{"rendered":"\n<h2 class=\"wp-block-heading\">Ap\u00f3s a acusa\u00e7\u00e3o exigir inelegibilidade de Marine Le Pen, o RN ataca sistema de justi\u00e7a<\/h2>\n\n\n\n<p>Na quarta-feira, 13 de Novembro, o Minist\u00e9rio P\u00fablico requereu, no julgamento dos assistentes parlamentares europeus da Frente Nacional, penas pesadas para os vinte e cinco arguidos, todos suspeitos de \u201cdesvio de fundos p\u00fablicos\u201d em benef\u00edcio do partido de extrema-direita, atrav\u00e9s de um sistema de empregos fict\u00edcios. <\/p>\n\n\n\n<p>Para Marine Le Pen, os procuradores exigiram uma pena de pris\u00e3o de cinco anos \u2013 arriscou dez \u2013 incluindo dois anos, pass\u00edveis de altera\u00e7\u00e3o com pulseira eletr\u00f3nica, uma multa de 30 mil euros e cinco anos de inelegibilidade, <\/p>\n\n\n\n<div style=\"height:16px\" aria-hidden=\"true\" class=\"wp-block-spacer\"><\/div>\n\n\n\n<figure class=\"wp-block-gallery has-nested-images columns-default is-cropped wp-block-gallery-1 is-layout-flex wp-block-gallery-is-layout-flex\">\n<figure class=\"wp-block-image size-large\"><img decoding=\"async\" loading=\"lazy\" width=\"961\" height=\"529\" data-id=\"13070\" src=\"https:\/\/nsf.pt\/wp-content\/uploads\/2024\/11\/pen.jpg\" alt=\"\" class=\"wp-image-13070\" srcset=\"https:\/\/nsf.pt\/wp-content\/uploads\/2024\/11\/pen.jpg 961w, https:\/\/nsf.pt\/wp-content\/uploads\/2024\/11\/pen-300x165.jpg 300w, https:\/\/nsf.pt\/wp-content\/uploads\/2024\/11\/pen-768x423.jpg 768w\" sizes=\"(max-width: 961px) 100vw, 961px\" \/><\/figure>\n<\/figure>\n\n\n\n<p>\u00a9Sarah Meyssonnier &#8211; Reuters<\/p>\n","protected":false},"excerpt":{"rendered":"<p>Ap\u00f3s a acusa\u00e7\u00e3o exigir inelegibilidade de Marine Le Pen, o RN ataca sistema de justi\u00e7a&#8230;<\/p>\n","protected":false},"author":2,"featured_media":13070,"comment_status":"open","ping_status":"open","sticky":true,"template":"","format":"standard","meta":{"sfsi_plus_gutenberg_text_before_share":"","sfsi_plus_gutenberg_show_text_before_share":"","sfsi_plus_gutenberg_icon_type":"","sfsi_plus_gutenberg_icon_alignemt":"","sfsi_plus_gutenburg_max_per_row":"","ngg_post_thumbnail":0,"footnotes":""},"categories":[459,449],"tags":[27],"featured_image_urls":{"full":["https:\/\/nsf.pt\/wp-content\/uploads\/2024\/11\/pen.jpg",961,529,false],"thumbnail":["https:\/\/nsf.pt\/wp-content\/uploads\/2024\/11\/pen-150x150.jpg",150,150,true],"medium":["https:\/\/nsf.pt\/wp-content\/uploads\/2024\/11\/pen-300x165.jpg",300,165,true],"medium_large":["https:\/\/nsf.pt\/wp-content\/uploads\/2024\/11\/pen-768x423.jpg",640,353,true],"large":["https:\/\/nsf.pt\/wp-content\/uploads\/2024\/11\/pen.jpg",640,352,false],"1536x1536":["https:\/\/nsf.pt\/wp-content\/uploads\/2024\/11\/pen.jpg",961,529,false],"2048x2048":["https:\/\/nsf.pt\/wp-content\/uploads\/2024\/11\/pen.jpg",961,529,false],"covernews-slider-full":["https:\/\/nsf.pt\/wp-content\/uploads\/2024\/11\/pen.jpg",961,529,false],"covernews-slider-center":["https:\/\/nsf.pt\/wp-content\/uploads\/2024\/11\/pen-800x500.jpg",800,500,true],"covernews-featured":["https:\/\/nsf.pt\/wp-content\/uploads\/2024\/11\/pen.jpg",961,529,false],"covernews-medium":["https:\/\/nsf.pt\/wp-content\/uploads\/2024\/11\/pen-540x340.jpg",540,340,true],"covernews-medium-square":["https:\/\/nsf.pt\/wp-content\/uploads\/2024\/11\/pen-400x250.jpg",400,250,true]},"author_info":{"info":["Carlos Ribeiro"]},"category_info":"<a href=\"https:\/\/nsf.pt\/index.php\/category\/curtas\/\" rel=\"category tag\">CURTAS<\/a> <a href=\"https:\/\/nsf.pt\/index.php\/category\/local\/\" rel=\"category tag\">MUNDO<\/a>","tag_info":"MUNDO","comment_count":"0","_links":{"self":[{"href":"https:\/\/nsf.pt\/index.php\/wp-json\/wp\/v2\/posts\/13053"}],"collection":[{"href":"https:\/\/nsf.pt\/index.php\/wp-json\/wp\/v2\/posts"}],"about":[{"href":"https:\/\/nsf.pt\/index.php\/wp-json\/wp\/v2\/types\/post"}],"author":[{"embeddable":true,"href":"https:\/\/nsf.pt\/index.php\/wp-json\/wp\/v2\/users\/2"}],"replies":[{"embeddable":true,"href":"https:\/\/nsf.pt\/index.php\/wp-json\/wp\/v2\/comments?post=13053"}],"version-history":[{"count":2,"href":"https:\/\/nsf.pt\/index.php\/wp-json\/wp\/v2\/posts\/13053\/revisions"}],"predecessor-version":[{"id":13071,"href":"https:\/\/nsf.pt\/index.php\/wp-json\/wp\/v2\/posts\/13053\/revisions\/13071"}],"wp:featuredmedia":[{"embeddable":true,"href":"https:\/\/nsf.pt\/index.php\/wp-json\/wp\/v2\/media\/13070"}],"wp:attachment":[{"href":"https:\/\/nsf.pt\/index.php\/wp-json\/wp\/v2\/media?parent=13053"}],"wp:term":[{"taxonomy":"category","embeddable":true,"href":"https:\/\/nsf.pt\/index.php\/wp-json\/wp\/v2\/categories?post=13053"},{"taxonomy":"post_tag","embeddable":true,"href":"https:\/\/nsf.pt\/index.php\/wp-json\/wp\/v2\/tags?post=13053"}],"curies":[{"name":"wp","href":"https:\/\/api.w.org\/{rel}","templated":true}]}}