{"id":13055,"date":"2024-11-19T16:48:19","date_gmt":"2024-11-19T16:48:19","guid":{"rendered":"https:\/\/nsf.pt\/?p=13055"},"modified":"2024-11-19T16:48:22","modified_gmt":"2024-11-19T16:48:22","slug":"trabalhadores-levantam-a-cabeca-na-michelin","status":"publish","type":"post","link":"https:\/\/nsf.pt\/index.php\/2024\/11\/19\/trabalhadores-levantam-a-cabeca-na-michelin\/","title":{"rendered":"Trabalhadores levantam a cabe\u00e7a na Michelin"},"content":{"rendered":"\n<h2 class=\"wp-block-heading\">Fran\u00e7a em sobressaltos pol\u00edticos e laborais<\/h2>\n\n\n\n<p><\/p>\n\n\n\n<h3 class=\"wp-block-heading\"><strong>A<a href=\"https:\/\/www.google.com\/url?sa=t&amp;source=web&amp;rct=j&amp;opi=89978449&amp;url=https:\/\/www.michelin.pt\/&amp;ved=2ahUKEwjq0v6k4eWJAxXTVvEDHff6JMgQFnoECCAQAQ&amp;usg=AOvVaw3mWjAb89roIU4t7nfBZDMx\">\u00a0Michelin<\/a>\u00a0anunciou, aos 1254 empregados das f\u00e1bricas de Cholet e de Vannes, a sua inten\u00e7\u00e3o de encerrar a respetiva produ\u00e7\u00e3o, o mais tardar, at\u00e9 ao in\u00edcio de 2026. Ambas as f\u00e1bricas enfrentam, h\u00e1 v\u00e1rios anos, graves dificuldades econ\u00f3micas<\/strong><\/h3>\n\n\n\n<div style=\"height:13px\" aria-hidden=\"true\" class=\"wp-block-spacer\"><\/div>\n\n\n\n<figure class=\"wp-block-gallery has-nested-images columns-default is-cropped wp-block-gallery-1 is-layout-flex wp-block-gallery-is-layout-flex\">\n<figure class=\"wp-block-image size-large\"><img decoding=\"async\" loading=\"lazy\" width=\"904\" height=\"470\" data-id=\"13072\" src=\"https:\/\/nsf.pt\/wp-content\/uploads\/2024\/11\/mic-em-cholet.jpg\" alt=\"\" class=\"wp-image-13072\" srcset=\"https:\/\/nsf.pt\/wp-content\/uploads\/2024\/11\/mic-em-cholet.jpg 904w, https:\/\/nsf.pt\/wp-content\/uploads\/2024\/11\/mic-em-cholet-300x156.jpg 300w, https:\/\/nsf.pt\/wp-content\/uploads\/2024\/11\/mic-em-cholet-768x399.jpg 768w\" sizes=\"(max-width: 904px) 100vw, 904px\" \/><\/figure>\n<\/figure>\n\n\n\n<p>A f\u00e1brica Michelin em Cholet<\/p>\n\n\n\n<div style=\"height:13px\" aria-hidden=\"true\" class=\"wp-block-spacer\"><\/div>\n\n\n\n<p>Foi um momento desagrad\u00e1vel que Marc Ferracci, Ministro Delegado respons\u00e1vel pela ind\u00fastria, viveu, vindo ao encontro dos funcion\u00e1rios da f\u00e1brica Michelin em Cholet (Maine-et-Loire), que vai fechar portas em 2026,. <\/p>\n\n\n\n<p>Foi abordado com vigor quando chegou ao estabelecimento na sexta-feira, 8 de novembro, o que o obrigou a desaparecer rapidamente. <\/p>\n\n\n\n<p>Este confronto mostra que o governo est\u00e1 envolvido em tens\u00f5es sociais: aumento das fal\u00eancias e dos projectos de reestrutura\u00e7\u00e3o, apelos \u00e0 greve na SNCF, na fun\u00e7\u00e3o p\u00fablica e nos transportes a\u00e9reos, novo aumento da febre entre o campesinato\u2026 as m\u00e1s not\u00edcias acumulam- se, consequ\u00eancia das dificuldades da economia francesa e das medidas de austeridade or\u00e7amental.<\/p>\n\n\n\n<h3 class=\"wp-block-heading\"> \u201cProvavelmente, haver\u00e1 an\u00fancios de encerramento de locais nas pr\u00f3ximas semanas e meses\u201d, admitiu na France Inter tr\u00eas dias antes, referindo-se \u00e0 perda de \u201cmilhares de empregos\u201d.<\/h3>\n","protected":false},"excerpt":{"rendered":"<p>Fran\u00e7a em sobressaltos pol\u00edticos e laborais A\u00a0Michelin\u00a0anunciou, aos 1254 empregados das f\u00e1bricas de Cholet e&#8230;<\/p>\n","protected":false},"author":2,"featured_media":13072,"comment_status":"open","ping_status":"open","sticky":true,"template":"","format":"standard","meta":{"sfsi_plus_gutenberg_text_before_share":"","sfsi_plus_gutenberg_show_text_before_share":"","sfsi_plus_gutenberg_icon_type":"","sfsi_plus_gutenberg_icon_alignemt":"","sfsi_plus_gutenburg_max_per_row":"","ngg_post_thumbnail":0,"footnotes":""},"categories":[447,236],"tags":[530],"featured_image_urls":{"full":["https:\/\/nsf.pt\/wp-content\/uploads\/2024\/11\/mic-em-cholet.jpg",904,470,false],"thumbnail":["https:\/\/nsf.pt\/wp-content\/uploads\/2024\/11\/mic-em-cholet-150x150.jpg",150,150,true],"medium":["https:\/\/nsf.pt\/wp-content\/uploads\/2024\/11\/mic-em-cholet-300x156.jpg",300,156,true],"medium_large":["https:\/\/nsf.pt\/wp-content\/uploads\/2024\/11\/mic-em-cholet-768x399.jpg",640,333,true],"large":["https:\/\/nsf.pt\/wp-content\/uploads\/2024\/11\/mic-em-cholet.jpg",640,333,false],"1536x1536":["https:\/\/nsf.pt\/wp-content\/uploads\/2024\/11\/mic-em-cholet.jpg",904,470,false],"2048x2048":["https:\/\/nsf.pt\/wp-content\/uploads\/2024\/11\/mic-em-cholet.jpg",904,470,false],"covernews-slider-full":["https:\/\/nsf.pt\/wp-content\/uploads\/2024\/11\/mic-em-cholet.jpg",904,470,false],"covernews-slider-center":["https:\/\/nsf.pt\/wp-content\/uploads\/2024\/11\/mic-em-cholet-800x470.jpg",800,470,true],"covernews-featured":["https:\/\/nsf.pt\/wp-content\/uploads\/2024\/11\/mic-em-cholet.jpg",904,470,false],"covernews-medium":["https:\/\/nsf.pt\/wp-content\/uploads\/2024\/11\/mic-em-cholet-540x340.jpg",540,340,true],"covernews-medium-square":["https:\/\/nsf.pt\/wp-content\/uploads\/2024\/11\/mic-em-cholet-400x250.jpg",400,250,true]},"author_info":{"info":["Carlos Ribeiro"]},"category_info":"<a href=\"https:\/\/nsf.pt\/index.php\/category\/movimentos\/\" rel=\"category tag\">MOVIMENTOS<\/a> <a href=\"https:\/\/nsf.pt\/index.php\/category\/mundo\/\" rel=\"category tag\">MUNDO<\/a>","tag_info":"MUNDO","comment_count":"0","_links":{"self":[{"href":"https:\/\/nsf.pt\/index.php\/wp-json\/wp\/v2\/posts\/13055"}],"collection":[{"href":"https:\/\/nsf.pt\/index.php\/wp-json\/wp\/v2\/posts"}],"about":[{"href":"https:\/\/nsf.pt\/index.php\/wp-json\/wp\/v2\/types\/post"}],"author":[{"embeddable":true,"href":"https:\/\/nsf.pt\/index.php\/wp-json\/wp\/v2\/users\/2"}],"replies":[{"embeddable":true,"href":"https:\/\/nsf.pt\/index.php\/wp-json\/wp\/v2\/comments?post=13055"}],"version-history":[{"count":2,"href":"https:\/\/nsf.pt\/index.php\/wp-json\/wp\/v2\/posts\/13055\/revisions"}],"predecessor-version":[{"id":13073,"href":"https:\/\/nsf.pt\/index.php\/wp-json\/wp\/v2\/posts\/13055\/revisions\/13073"}],"wp:featuredmedia":[{"embeddable":true,"href":"https:\/\/nsf.pt\/index.php\/wp-json\/wp\/v2\/media\/13072"}],"wp:attachment":[{"href":"https:\/\/nsf.pt\/index.php\/wp-json\/wp\/v2\/media?parent=13055"}],"wp:term":[{"taxonomy":"category","embeddable":true,"href":"https:\/\/nsf.pt\/index.php\/wp-json\/wp\/v2\/categories?post=13055"},{"taxonomy":"post_tag","embeddable":true,"href":"https:\/\/nsf.pt\/index.php\/wp-json\/wp\/v2\/tags?post=13055"}],"curies":[{"name":"wp","href":"https:\/\/api.w.org\/{rel}","templated":true}]}}