{"id":13115,"date":"2024-11-25T21:34:51","date_gmt":"2024-11-25T21:34:51","guid":{"rendered":"https:\/\/nsf.pt\/?p=13115"},"modified":"2024-11-25T21:46:49","modified_gmt":"2024-11-25T21:46:49","slug":"vasco-lourenco-e-o-25-de-novembro-2","status":"publish","type":"post","link":"https:\/\/nsf.pt\/index.php\/2024\/11\/25\/vasco-lourenco-e-o-25-de-novembro-2\/","title":{"rendered":"Vasco Louren\u00e7o e o 25 de novembro"},"content":{"rendered":"\n<h2 class=\"wp-block-heading\">N\u00e3o duvidemos,&nbsp;<strong>os derrotados em 28 de Setembro de 1974 e em 11 de Mar\u00e7o de 1975, voltaram a ser derrotados em 25 de Novembro de 1975<\/strong>!<\/h2>\n\n\n\n<p>&nbsp;<a href=\"https:\/\/nsf.pt\/index.php\/2022\/11\/\">25 de Novembro, 2022<\/a><\/p>\n\n\n\n<h2 class=\"wp-block-heading\"><mark style=\"background-color:rgba(0, 0, 0, 0)\" class=\"has-inline-color has-vivid-red-color\">INSERIDO NO DOSSIER O 25 de novembro e o efeito de Rashomon<\/mark><\/h2>\n\n\n\n<h2 class=\"wp-block-heading\"><mark style=\"background-color:rgba(0, 0, 0, 0)\" class=\"has-inline-color has-vivid-red-color\"><strong>ARQUIVO NSF<\/strong><\/mark> | Comunicado da Associa\u00e7\u00e3o 25 de abril em 25 de novembro, 2022<\/h2>\n\n\n\n<p><strong>A prop\u00f3sito do 25 de novembro a Associa\u00e7\u00e3o 25 de Abril divulgou um comunicado assinado por Vasco Louren\u00e7o sobre a utiliza\u00e7\u00e3o indevida e inaceit\u00e1vel da data e do seu nome por parte de for\u00e7as pol\u00edticas que foram derrotadas na ocasi\u00e3o.<\/strong><\/p>\n\n\n\n<p>\u201cCaros Associados<\/p>\n\n\n\n<p>Como se tem constatado, o 25 de Novembro de 1975 continua a ser explorado pelas diversas for\u00e7as pol\u00edticos, consoante os seus pr\u00f3prios interesses. Nada mais natural\u2026<\/p>\n\n\n\n<p>Mas, se se pode compreender que algumas dessas for\u00e7as pol\u00edticos continuem a n\u00e3o assumir o envolvimento que as levou \u00e0 inviabiliza\u00e7\u00e3o dos seus objectivos, menos se compreende e aceita que for\u00e7as pol\u00edticos, ent\u00e3o igualmente vencidas nesse importante acontecimento politico militar, teimem em tentar apresentar-se como se ent\u00e3o tivessem sa\u00eddo vencedoras dos confrontos verificados.<\/p>\n\n\n\n<p>E insistam em tentar cavalgar a ac\u00e7\u00e3o dos militares que ent\u00e3o conseguiram garantir a continua\u00e7\u00e3o do cumprimento do Programa do MFA, consumado na aprova\u00e7\u00e3o da Constitui\u00e7\u00e3o da Rep\u00fablica, aprovada por uma Assembleia Constituinte, eleita livremente, nas elei\u00e7\u00f5es mais concorridas que alguma vez se verificaram em Portugal. Como livres t\u00eam continuado a ser as diversas elei\u00e7\u00f5es resultantes dessa mesma Constitui\u00e7\u00e3o.<\/p>\n\n\n\n<p>Como a minha imagem est\u00e1, de forma abusiva, a ser utilizada por esses vencidos, que em 25 de Novembro de 1975 tentaram concretizar um novo 28 de Maio, venho afirmar que \u201c<strong>N\u00e3o aceito agradecimentos dos que, em 25 de Novembro de 1975, foram vencidos, por mim e pelos meus camaradas de Abril<\/strong>\u201c!<\/p>\n\n\n\n<p>N\u00e3o duvidemos,&nbsp;<strong>os derrotados em 28 de Setembro de 1974 e em 11 de Mar\u00e7o de 1975, voltaram a ser derrotados em 25 de Novembro de 1975<\/strong>!<\/p>\n\n\n\n<p>Comemorar o qu\u00ea?<\/p>\n\n\n\n<p>A derrota?<\/p>\n\n\n\n<p>Haja decoro!<\/p>\n\n\n\n<p>Lisboa, 25.11.2022 | Sauda\u00e7\u00f5es de Abril | Vasco Louren\u00e7o\u201d<\/p>\n\n\n\n<figure class=\"wp-block-image aligncenter is-resized\"><img decoding=\"async\" loading=\"lazy\" width=\"489\" height=\"396\" src=\"https:\/\/semfronteiras.eu\/wp-content\/uploads\/2022\/11\/vl.jpg\" alt=\"\" class=\"wp-image-8433\" style=\"aspect-ratio:1.2348484848484849;width:489px;height:auto\" srcset=\"https:\/\/nsf.pt\/wp-content\/uploads\/2022\/11\/vl.jpg 489w, https:\/\/nsf.pt\/wp-content\/uploads\/2022\/11\/vl-300x243.jpg 300w\" sizes=\"(max-width: 489px) 100vw, 489px\" \/><\/figure>\n\n\n\n<div style=\"height:25px\" aria-hidden=\"true\" class=\"wp-block-spacer\"><\/div>\n\n\n\n<figure class=\"wp-block-gallery has-nested-images columns-default is-cropped wp-block-gallery-1 is-layout-flex wp-block-gallery-is-layout-flex\">\n<figure class=\"wp-block-image size-large\"><img decoding=\"async\" loading=\"lazy\" width=\"1024\" height=\"416\" data-id=\"13121\" src=\"https:\/\/nsf.pt\/wp-content\/uploads\/2024\/11\/35-nov-2-1024x416.jpg\" alt=\"\" class=\"wp-image-13121\" srcset=\"https:\/\/nsf.pt\/wp-content\/uploads\/2024\/11\/35-nov-2-1024x416.jpg 1024w, https:\/\/nsf.pt\/wp-content\/uploads\/2024\/11\/35-nov-2-300x122.jpg 300w, https:\/\/nsf.pt\/wp-content\/uploads\/2024\/11\/35-nov-2-768x312.jpg 768w, https:\/\/nsf.pt\/wp-content\/uploads\/2024\/11\/35-nov-2.jpg 1390w\" sizes=\"(max-width: 1024px) 100vw, 1024px\" \/><\/figure>\n<\/figure>\n","protected":false},"excerpt":{"rendered":"<p>N\u00e3o duvidemos,&nbsp;os derrotados em 28 de Setembro de 1974 e em 11 de Mar\u00e7o de&#8230;<\/p>\n","protected":false},"author":2,"featured_media":13116,"comment_status":"open","ping_status":"open","sticky":true,"template":"","format":"standard","meta":{"sfsi_plus_gutenberg_text_before_share":"","sfsi_plus_gutenberg_show_text_before_share":"","sfsi_plus_gutenberg_icon_type":"","sfsi_plus_gutenberg_icon_alignemt":"","sfsi_plus_gutenburg_max_per_row":"","ngg_post_thumbnail":0,"footnotes":""},"categories":[605,238],"tags":[211,300],"featured_image_urls":{"full":["https:\/\/nsf.pt\/wp-content\/uploads\/2024\/11\/vasco.jpg",598,411,false],"thumbnail":["https:\/\/nsf.pt\/wp-content\/uploads\/2024\/11\/vasco-150x150.jpg",150,150,true],"medium":["https:\/\/nsf.pt\/wp-content\/uploads\/2024\/11\/vasco-300x206.jpg",300,206,true],"medium_large":["https:\/\/nsf.pt\/wp-content\/uploads\/2024\/11\/vasco.jpg",598,411,false],"large":["https:\/\/nsf.pt\/wp-content\/uploads\/2024\/11\/vasco.jpg",598,411,false],"1536x1536":["https:\/\/nsf.pt\/wp-content\/uploads\/2024\/11\/vasco.jpg",598,411,false],"2048x2048":["https:\/\/nsf.pt\/wp-content\/uploads\/2024\/11\/vasco.jpg",598,411,false],"covernews-slider-full":["https:\/\/nsf.pt\/wp-content\/uploads\/2024\/11\/vasco.jpg",598,411,false],"covernews-slider-center":["https:\/\/nsf.pt\/wp-content\/uploads\/2024\/11\/vasco.jpg",598,411,false],"covernews-featured":["https:\/\/nsf.pt\/wp-content\/uploads\/2024\/11\/vasco.jpg",598,411,false],"covernews-medium":["https:\/\/nsf.pt\/wp-content\/uploads\/2024\/11\/vasco-540x340.jpg",540,340,true],"covernews-medium-square":["https:\/\/nsf.pt\/wp-content\/uploads\/2024\/11\/vasco-400x250.jpg",400,250,true]},"author_info":{"info":["Carlos Ribeiro"]},"category_info":"<a href=\"https:\/\/nsf.pt\/index.php\/category\/25-de-novembro\/\" rel=\"category tag\">25 de novembro<\/a> <a href=\"https:\/\/nsf.pt\/index.php\/category\/destaque\/\" rel=\"category tag\">DESTAQUE<\/a>","tag_info":"DESTAQUE","comment_count":"0","_links":{"self":[{"href":"https:\/\/nsf.pt\/index.php\/wp-json\/wp\/v2\/posts\/13115"}],"collection":[{"href":"https:\/\/nsf.pt\/index.php\/wp-json\/wp\/v2\/posts"}],"about":[{"href":"https:\/\/nsf.pt\/index.php\/wp-json\/wp\/v2\/types\/post"}],"author":[{"embeddable":true,"href":"https:\/\/nsf.pt\/index.php\/wp-json\/wp\/v2\/users\/2"}],"replies":[{"embeddable":true,"href":"https:\/\/nsf.pt\/index.php\/wp-json\/wp\/v2\/comments?post=13115"}],"version-history":[{"count":2,"href":"https:\/\/nsf.pt\/index.php\/wp-json\/wp\/v2\/posts\/13115\/revisions"}],"predecessor-version":[{"id":13122,"href":"https:\/\/nsf.pt\/index.php\/wp-json\/wp\/v2\/posts\/13115\/revisions\/13122"}],"wp:featuredmedia":[{"embeddable":true,"href":"https:\/\/nsf.pt\/index.php\/wp-json\/wp\/v2\/media\/13116"}],"wp:attachment":[{"href":"https:\/\/nsf.pt\/index.php\/wp-json\/wp\/v2\/media?parent=13115"}],"wp:term":[{"taxonomy":"category","embeddable":true,"href":"https:\/\/nsf.pt\/index.php\/wp-json\/wp\/v2\/categories?post=13115"},{"taxonomy":"post_tag","embeddable":true,"href":"https:\/\/nsf.pt\/index.php\/wp-json\/wp\/v2\/tags?post=13115"}],"curies":[{"name":"wp","href":"https:\/\/api.w.org\/{rel}","templated":true}]}}