{"id":13137,"date":"2024-11-28T16:24:08","date_gmt":"2024-11-28T16:24:08","guid":{"rendered":"https:\/\/nsf.pt\/?p=13137"},"modified":"2024-11-28T17:59:37","modified_gmt":"2024-11-28T17:59:37","slug":"o-governo-tem-que-condenar-a-politica-criminosa-levada-a-cabo-por-israel","status":"publish","type":"post","link":"https:\/\/nsf.pt\/index.php\/2024\/11\/28\/o-governo-tem-que-condenar-a-politica-criminosa-levada-a-cabo-por-israel\/","title":{"rendered":"O governo tem que condenar a pol\u00edtica criminosa levada a cabo por Israel"},"content":{"rendered":"\n<h2 class=\"wp-block-heading\">Contrariando a moral e o direito, Portugal estreita la\u00e7os com Israel<\/h2>\n\n\n<div class=\"wp-block-post-date\"><time datetime=\"2024-11-28T16:24:08+00:00\">28 de Novembro, 2024<\/time><\/div>\n\n\n<h3 class=\"wp-block-heading\">Transcrevemos o mais recente comunicado do MPPM no qual se revela que os atos diplom\u00e1ticos envolvendo Israel n\u00e3o s\u00e3o transparentes (para al\u00e9m de serem conden\u00e1veis) e s\u00e3o discriminat\u00f3rias porque Francesca Albanese n\u00e3o foi recebida durante a sua recente estada em Portugal.<\/h3>\n\n\n\n<p>O comunicado refere ainda que a maioria dos partidos pol\u00edticos representados na Assembleia da Rep\u00fablica est\u00e1 tamb\u00e9m empenhada em manter e estreitar as rela\u00e7\u00f5es com Israel mas n\u00e3o os refere de forma expl\u00edcita nem menciona essa inten\u00e7\u00e3o expressa por declara\u00e7\u00f5es dos partidos em causa.<\/p>\n\n\n\n<p>Entretanto na Casa do Alentejo teve lugar no passado dia 18 do m\u00eas de novembro  uma manifesta\u00e7\u00e3o de solidariedade para com o povo palestiniano. <br><strong>A Casa do Alentejo, em Lisboa, assistiu no dia 18 de Novembro, a mais uma vibrante sess\u00e3o de solidariedade com o povo palestino conduzida por um painel que inclu\u00eda a nova embaixadora da Palestina, Rawan Sulaiman, o jornalista Bruno Amaral de Carvalho, o professor universit\u00e1rio e investigador Pedro Ponte e Sousa, e Carlos Almeida, vice-presidente do MPPM.<\/strong><\/p>\n\n\n\n<div style=\"height:12px\" aria-hidden=\"true\" class=\"wp-block-spacer\"><\/div>\n\n\n\n<figure class=\"wp-block-gallery has-nested-images columns-default is-cropped wp-block-gallery-1 is-layout-flex wp-block-gallery-is-layout-flex\">\n<figure class=\"wp-block-image size-large\"><img decoding=\"async\" loading=\"lazy\" width=\"1024\" height=\"587\" data-id=\"13140\" src=\"https:\/\/nsf.pt\/wp-content\/uploads\/2024\/11\/a-do-alentejo-1024x587.jpg\" alt=\"\" class=\"wp-image-13140\" srcset=\"https:\/\/nsf.pt\/wp-content\/uploads\/2024\/11\/a-do-alentejo-1024x587.jpg 1024w, https:\/\/nsf.pt\/wp-content\/uploads\/2024\/11\/a-do-alentejo-300x172.jpg 300w, https:\/\/nsf.pt\/wp-content\/uploads\/2024\/11\/a-do-alentejo-768x440.jpg 768w, https:\/\/nsf.pt\/wp-content\/uploads\/2024\/11\/a-do-alentejo.jpg 1402w\" sizes=\"(max-width: 1024px) 100vw, 1024px\" \/><\/figure>\n<\/figure>\n\n\n\n<p>Casa do Alentejo \u00a9 MPPM<\/p>\n\n\n\n<div style=\"height:26px\" aria-hidden=\"true\" class=\"wp-block-spacer\"><\/div>\n\n\n\n<h2 class=\"wp-block-heading\">Comunicado do MPPM<\/h2>\n\n\n\n<p>O MPPM denuncia e condena dois preocupantes factos ocorridos recentemente que comprovam que o governo e a maioria dos partidos representados na Assembleia da Rep\u00fablica est\u00e3o empenhados em manter e estreitar as rela\u00e7\u00f5es com Israel, ao contr\u00e1rio daquilo que pol\u00edtica, jur\u00eddica e moralmente seria exig\u00edvel.<\/p>\n\n\n\n<p>O facto mais recente \u00e9 a visita a Portugal, no in\u00edcio da presente semana, da vice-ministra dos Neg\u00f3cios Estrangeiros de Israel (a primeira visita oficial ap\u00f3s tomar posse), a qual, segundo relatos publicados em redes sociais, foi recebida pelo Secret\u00e1rio de Estado dos Neg\u00f3cios Estrangeiros e da Coopera\u00e7\u00e3o do Governo Portugu\u00eas. Apesar de n\u00e3o haver refer\u00eancias nos meios de comunica\u00e7\u00e3o regularmente utilizados pelo MNE portugu\u00eas sobre este encontro, o MPPM considera que a sua simples realiza\u00e7\u00e3o \u00e9 preocupante e conden\u00e1vel. E \u00e9 lament\u00e1vel que n\u00e3o tenha havido igual disponibilidade por parte do Minist\u00e9rio dos Neg\u00f3cios Estrangeiros para receber a Relatora Especial das Na\u00e7\u00f5es Unidas para os Territ\u00f3rios Palestinos Ocupados, Francesca Albanese, durante a sua recente estada em Portugal.<\/p>\n\n\n\n<p>Num momento em que Israel est\u00e1 a levar a cabo uma guerra de exterm\u00ednio em Gaza, um genoc\u00eddio contra o povo palestino, uma guerra contra o L\u00edbano e ataques e provoca\u00e7\u00f5es contra outros pa\u00edses da regi\u00e3o (S\u00edria, Ir\u00e3o, I\u00e9men); no momento em que Israel se configura como um Estado p\u00e1ria, condenado ao n\u00edvel internacional por violar repetidamente resolu\u00e7\u00f5es da ONU e o Direito Internacional e por cometer crimes de guerra e contra a Humanidade, bem documentados nos horrores que diariamente nos chegam, em particular de Gaza; num momento em que Israel aprofunda as suas leis e pr\u00e1ticas de apartheid, em que comete toda a esp\u00e9cie de abusos e crimes contra os palestinos encarcerados nas suas pris\u00f5es e em que v\u00e1rios pol\u00edticos israelitas assumem que visam impossibilitar a cria\u00e7\u00e3o do Estado da Palestina \u2014 a recep\u00e7\u00e3o da governante israelita pelo governo portugu\u00eas (o mesmo governo que defende \u201cn\u00e3o ser o momento\u201d para reconhecer o Estado da Palestina ou para terminar o Acordo de Associa\u00e7\u00e3o UE-Israel) legitima a ideia de que o governo portugu\u00eas valida e apoia a pol\u00edtica de Israel atr\u00e1s descrita.&nbsp;<\/p>\n\n\n\n<p>Segundo informa\u00e7\u00f5es partilhadas tamb\u00e9m em redes sociais e em alguma comunica\u00e7\u00e3o social israelita e sionista, um dos motivos da vinda da governante israelita a Portugal visou a inaugura\u00e7\u00e3o da \u201cIsrael Allies Foundation &#8211; Portugal\u201d (IAF-P). A IAF \u00e9 uma organiza\u00e7\u00e3o lobista pr\u00f3-Israel, ligada \u00e0 extrema-direita israelita e internacional. Segundo as fontes dispon\u00edveis, a representa\u00e7\u00e3o portuguesa desta organiza\u00e7\u00e3o, instrumental e assumidamente lobista das for\u00e7as pol\u00edticas mais reaccion\u00e1rias, revisionistas e obscurantistas, ser\u00e1 liderada por Liliana Reis, deputada do PSD, e Pedro Fraz\u00e3o, deputado do partido Chega.&nbsp;<\/p>\n\n\n\n<p>Afirma uma nota publicada no portal oficial da Assembleia da Rep\u00fablica: \u201cO Grupo Parlamentar de Amizade Portugal-Israel (GPA) recebe na Assembleia da Rep\u00fablica, no dia 24 de Outubro, uma Delega\u00e7\u00e3o da Israel Allies Foundation (IAF), organiza\u00e7\u00e3o parceira deste GPA.\u201d Ter\u00e3o participado \u201cnesta recep\u00e7\u00e3o o deputado Alexandre Po\u00e7o (PSD), Presidente do GPA, os deputados Ricardo Pinheiro (PS) e Pedro dos Santos Fraz\u00e3o (CH), as deputadas Maria de F\u00e1tima Fonseca (PS) e Maria Jo\u00e3o Castro (PS) e os deputados Pedro Delgado Alves (PS), Jorge Seguro Sanches (PS) e Hugo Carneiro (PSD).\u201d<\/p>\n\n\n\n<p>O MPPM reafirma que se exige do Governo \u2013 e de igual modo dos representantes pol\u00edticos do povo portugu\u00eas, todos eles abrangidos e obrigados pelos limites e orienta\u00e7\u00f5es da Constitui\u00e7\u00e3o da Rep\u00fablica Portuguesa \u2013 que:<\/p>\n\n\n\n<p>&#8211; condene nos termos mais firmes a pol\u00edtica criminosa levada a cabo por Israel e tome todas as medidas para que Portugal n\u00e3o se veja, de forma nenhuma, envolvido no apoio (pol\u00edtico, moral ou material) a essas pol\u00edticas;<\/p>\n\n\n\n<p>&#8211; assuma uma posi\u00e7\u00e3o clara, nas Na\u00e7\u00f5es Unidas, no sentido da suspens\u00e3o de Israel da condi\u00e7\u00e3o de Estado-membro enquanto persistir na sua pol\u00edtica de coloniza\u00e7\u00e3o e de apartheid, em aberta desafio \u00e0s viola\u00e7\u00e3o das resolu\u00e7\u00f5es da ONU;<\/p>\n\n\n\n<p>&#8211; se empenhe na defesa do cessar-fogo imediato em Gaza e no L\u00edbano, duma paz justa e duradoura, e que proceda sem mais tardar ao reconhecimento por Portugal do Estado da Palestina.<\/p>\n\n\n\n<p>O MPPM reafirma a sua solidariedade com a luta do povo palestino contra o genoc\u00eddio em curso, contra a ocupa\u00e7\u00e3o, por uma solu\u00e7\u00e3o justa da quest\u00e3o dos refugiados, de acordo com as resolu\u00e7\u00f5es das Na\u00e7\u00f5es Unidas, por uma Palestina independente e soberana com Jerusal\u00e9m Oriental como capital.<\/p>\n\n\n\n<p>O MPPM apela a todos que adiram, divulguem e participem nas pr\u00f3ximas ac\u00e7\u00f5es de solidariedade para com o povo palestino e pela paz no M\u00e9dio Oriente, em especial as que se v\u00e3o realizar em Coimbra, Porto e Lisboa no dia 29 de Novembro, Dia Internacional de Solidariedade com o Povo Palestino, e na manifesta\u00e7\u00e3o do dia seguinte em Lisboa.<\/p>\n\n\n\n<p>21 de Novembro de 2024<\/p>\n\n\n\n<p>A Direc\u00e7\u00e3o Nacional do MPPM<\/p>\n","protected":false},"excerpt":{"rendered":"<p>Contrariando a moral e o direito, Portugal estreita la\u00e7os com Israel Transcrevemos o mais recente&#8230;<\/p>\n","protected":false},"author":2,"featured_media":13140,"comment_status":"open","ping_status":"open","sticky":true,"template":"","format":"standard","meta":{"sfsi_plus_gutenberg_text_before_share":"","sfsi_plus_gutenberg_show_text_before_share":"","sfsi_plus_gutenberg_icon_type":"","sfsi_plus_gutenberg_icon_alignemt":"","sfsi_plus_gutenburg_max_per_row":"","ngg_post_thumbnail":0,"footnotes":""},"categories":[495,459,238],"tags":[479,258],"featured_image_urls":{"full":["https:\/\/nsf.pt\/wp-content\/uploads\/2024\/11\/a-do-alentejo.jpg",1402,804,false],"thumbnail":["https:\/\/nsf.pt\/wp-content\/uploads\/2024\/11\/a-do-alentejo-150x150.jpg",150,150,true],"medium":["https:\/\/nsf.pt\/wp-content\/uploads\/2024\/11\/a-do-alentejo-300x172.jpg",300,172,true],"medium_large":["https:\/\/nsf.pt\/wp-content\/uploads\/2024\/11\/a-do-alentejo-768x440.jpg",640,367,true],"large":["https:\/\/nsf.pt\/wp-content\/uploads\/2024\/11\/a-do-alentejo-1024x587.jpg",640,367,true],"1536x1536":["https:\/\/nsf.pt\/wp-content\/uploads\/2024\/11\/a-do-alentejo.jpg",1402,804,false],"2048x2048":["https:\/\/nsf.pt\/wp-content\/uploads\/2024\/11\/a-do-alentejo.jpg",1402,804,false],"covernews-slider-full":["https:\/\/nsf.pt\/wp-content\/uploads\/2024\/11\/a-do-alentejo-1115x715.jpg",1115,715,true],"covernews-slider-center":["https:\/\/nsf.pt\/wp-content\/uploads\/2024\/11\/a-do-alentejo-800x500.jpg",800,500,true],"covernews-featured":["https:\/\/nsf.pt\/wp-content\/uploads\/2024\/11\/a-do-alentejo-1024x587.jpg",1024,587,true],"covernews-medium":["https:\/\/nsf.pt\/wp-content\/uploads\/2024\/11\/a-do-alentejo-540x340.jpg",540,340,true],"covernews-medium-square":["https:\/\/nsf.pt\/wp-content\/uploads\/2024\/11\/a-do-alentejo-400x250.jpg",400,250,true]},"author_info":{"info":["Carlos Ribeiro"]},"category_info":"<a href=\"https:\/\/nsf.pt\/index.php\/category\/ceasefirenow\/\" rel=\"category tag\">CEASEFIRENOW<\/a> <a href=\"https:\/\/nsf.pt\/index.php\/category\/curtas\/\" rel=\"category tag\">CURTAS<\/a> <a href=\"https:\/\/nsf.pt\/index.php\/category\/destaque\/\" rel=\"category tag\">DESTAQUE<\/a>","tag_info":"DESTAQUE","comment_count":"0","_links":{"self":[{"href":"https:\/\/nsf.pt\/index.php\/wp-json\/wp\/v2\/posts\/13137"}],"collection":[{"href":"https:\/\/nsf.pt\/index.php\/wp-json\/wp\/v2\/posts"}],"about":[{"href":"https:\/\/nsf.pt\/index.php\/wp-json\/wp\/v2\/types\/post"}],"author":[{"embeddable":true,"href":"https:\/\/nsf.pt\/index.php\/wp-json\/wp\/v2\/users\/2"}],"replies":[{"embeddable":true,"href":"https:\/\/nsf.pt\/index.php\/wp-json\/wp\/v2\/comments?post=13137"}],"version-history":[{"count":3,"href":"https:\/\/nsf.pt\/index.php\/wp-json\/wp\/v2\/posts\/13137\/revisions"}],"predecessor-version":[{"id":13141,"href":"https:\/\/nsf.pt\/index.php\/wp-json\/wp\/v2\/posts\/13137\/revisions\/13141"}],"wp:featuredmedia":[{"embeddable":true,"href":"https:\/\/nsf.pt\/index.php\/wp-json\/wp\/v2\/media\/13140"}],"wp:attachment":[{"href":"https:\/\/nsf.pt\/index.php\/wp-json\/wp\/v2\/media?parent=13137"}],"wp:term":[{"taxonomy":"category","embeddable":true,"href":"https:\/\/nsf.pt\/index.php\/wp-json\/wp\/v2\/categories?post=13137"},{"taxonomy":"post_tag","embeddable":true,"href":"https:\/\/nsf.pt\/index.php\/wp-json\/wp\/v2\/tags?post=13137"}],"curies":[{"name":"wp","href":"https:\/\/api.w.org\/{rel}","templated":true}]}}