{"id":13155,"date":"2024-12-03T18:44:36","date_gmt":"2024-12-03T18:44:36","guid":{"rendered":"https:\/\/nsf.pt\/?p=13155"},"modified":"2024-12-06T08:08:12","modified_gmt":"2024-12-06T08:08:12","slug":"filme-documental-exilios-do-feminino-no-mira-forum-do-porto","status":"publish","type":"post","link":"https:\/\/nsf.pt\/index.php\/2024\/12\/03\/filme-documental-exilios-do-feminino-no-mira-forum-do-porto\/","title":{"rendered":"Filme documental Ex\u00edlios do Feminino no Mira F\u00f3rum do Porto\u00a0"},"content":{"rendered":"\n<h2 class=\"wp-block-heading\">Vozes que ilustram uma Hist\u00f3ria complexa, com contornos pol\u00edticos, ideol\u00f3gicos e sociais <\/h2>\n\n\n\n<h2 class=\"wp-block-heading\"><mark style=\"background-color:rgba(0, 0, 0, 0)\" class=\"has-inline-color has-vivid-red-color\"><strong>O projeto Ex\u00edlios no Feminino [1]<\/strong><\/mark><\/h2>\n\n\n<div class=\"wp-block-post-date\"><time datetime=\"2024-12-03T18:44:36+00:00\">3 de Dezembro, 2024<\/time><\/div>\n\n\n<h3 class=\"wp-block-heading\">AGENDA <mark style=\"background-color:rgba(0, 0, 0, 0)\" class=\"has-inline-color has-black-color\">&#8211; <strong>SESS\u00c3O NO PORTO &#8211; MIRA F\u00d3RUM &#8211;<\/strong><\/mark><a href=\"https:\/\/www.facebook.com\/events\/1582136935768011\/?acontext=%7B%22event_action_history%22%3A[]%7D&amp;locale=pt_PT\"><strong><mark style=\"background-color:rgba(0, 0, 0, 0)\" class=\"has-inline-color has-vivid-red-color\"> 6 de dezembro 21h30<\/mark><\/strong><\/a><mark style=\"background-color:rgba(0, 0, 0, 0)\" class=\"has-inline-color has-black-color\"><a href=\"https:\/\/www.facebook.com\/events\/1582136935768011\/?acontext=%7B%22event_action_history%22%3A[]%7D&amp;locale=pt_PT\">,<\/a><\/mark><a href=\"https:\/\/www.facebook.com\/events\/1582136935768011\/?acontext=%7B%22event_action_history%22%3A[]%7D&amp;locale=pt_PT\" data-type=\"link\" data-id=\"https:\/\/www.facebook.com\/events\/1582136935768011\/?acontext=%7B%22event_action_history%22%3A[]%7D&amp;locale=pt_PT\"> <\/a>Organizada pela AJA Norte &#8211; Associa\u00e7\u00e3o Jos\u00e9 Afonso<\/h3>\n\n\n\n<div style=\"height:17px\" aria-hidden=\"true\" class=\"wp-block-spacer\"><\/div>\n\n\n\n<figure class=\"wp-block-gallery has-nested-images columns-default is-cropped wp-block-gallery-1 is-layout-flex wp-block-gallery-is-layout-flex\">\n<figure class=\"wp-block-image size-large\"><img decoding=\"async\" loading=\"lazy\" width=\"1024\" height=\"470\" data-id=\"13160\" src=\"https:\/\/nsf.pt\/wp-content\/uploads\/2024\/12\/ira-1024x470.jpg\" alt=\"\" class=\"wp-image-13160\" srcset=\"https:\/\/nsf.pt\/wp-content\/uploads\/2024\/12\/ira-1024x470.jpg 1024w, https:\/\/nsf.pt\/wp-content\/uploads\/2024\/12\/ira-300x138.jpg 300w, https:\/\/nsf.pt\/wp-content\/uploads\/2024\/12\/ira-768x352.jpg 768w, https:\/\/nsf.pt\/wp-content\/uploads\/2024\/12\/ira.jpg 1353w\" sizes=\"(max-width: 1024px) 100vw, 1024px\" \/><\/figure>\n<\/figure>\n\n\n\n<p>Mira F\u00f3rum &#8211; Porto | Exposi\u00e7\u00e3o<\/p>\n\n\n\n<div style=\"height:27px\" aria-hidden=\"true\" class=\"wp-block-spacer\"><\/div>\n\n\n\n<figure class=\"wp-block-image size-large\"><img decoding=\"async\" loading=\"lazy\" width=\"752\" height=\"422\" src=\"https:\/\/nsf.pt\/wp-content\/uploads\/2024\/12\/sessao.jpg\" alt=\"\" class=\"wp-image-13158\" srcset=\"https:\/\/nsf.pt\/wp-content\/uploads\/2024\/12\/sessao.jpg 752w, https:\/\/nsf.pt\/wp-content\/uploads\/2024\/12\/sessao-300x168.jpg 300w\" sizes=\"(max-width: 752px) 100vw, 752px\" \/><\/figure>\n\n\n\n<hr class=\"wp-block-separator has-alpha-channel-opacity\"\/>\n\n\n\n<div style=\"height:13px\" aria-hidden=\"true\" class=\"wp-block-spacer\"><\/div>\n\n\n\n<p class=\"has-white-color has-black-background-color has-text-color has-background\">FILME DOCUMENTAL | PORTO | 6 de dezembro 2024<\/p>\n\n\n\n<p class=\"has-white-color has-black-background-color has-text-color has-background\">Ex\u00edlios no Feminino<\/p>\n\n\n\n<p class=\"has-white-color has-black-background-color has-text-color has-background\">O filme documental desenvolvido por Edgar Feldman, Paulo Guerra e Eduarda Manso est\u00e1 organizado em dois epis\u00f3dios, cada um com cerca de 50 minutos e reproduz as entrevistas realizadas a Am\u00e9lia Resende, Beatriz Abrantes, Fernanda Marques, Helena Cabe\u00e7adas, Helena Rato, Irene Pimentel e Maria Em\u00edlia Brederode dos Santos.<\/p>\n\n\n\n<p class=\"has-white-color has-black-background-color has-text-color has-background\">A antestreia foi levada a efeito na Associa\u00e7\u00e3o 25 de Abril no dia 29 de abril de 2023 e a sua apresenta\u00e7\u00e3o p\u00fablica ocorreu nos dias 23 e 24 de Abril na RTP 2, \u00e0s 23h00.<\/p>\n\n\n\n<p class=\"has-white-color has-black-background-color has-text-color has-background\">No termo das apresenta\u00e7\u00f5es do filme ser\u00e1 realizado um debate com a participa\u00e7\u00e3o dos protagonistas do livro Ex\u00edlios no Feminino presentes no Mira F\u00f3rum, Carlos Ribeiro editor da obra e as coautoras Fernanda Marques, Am\u00e9lia Resende e Maria Em\u00edlia Brederode Santos. A publica\u00e7\u00e3o esteve na base do filme documental agora apresentado no Porto.<\/p>\n\n\n\n<p class=\"has-white-color has-black-background-color has-text-color has-background\">Fazem parte da equipa Edgar Feldman e Paulo Guerra na realiza\u00e7\u00e3o, Eduarda Salaviza Manso nas entrevistas, Jorge Galv\u00e3o nos grafismos e Lu\u00eds Cilia na m\u00fasica original<\/p>\n\n\n\n<hr class=\"wp-block-separator has-alpha-channel-opacity\"\/>\n\n\n\n<h3 class=\"wp-block-heading\">Em que consiste esta dupla de document\u00e1rios que foi divulgada na RTP por ocasi\u00e3o do cinquenten\u00e1rio do 25 de Abril? &nbsp;<\/h3>\n\n\n\n<p>Trata-se de uma transposi\u00e7\u00e3o, criativa, parcial e complementar, para a linguagem audiovisual de textos produzidos por sete autoras &#8211; Am\u00e9lia Resende, Beatriz Abrantes, Fernanda Marques, Helena Cabe\u00e7adas, Helena Rato, Irene Pimentel e Maria Em\u00edlia Brederode Santos \u2013 sobre as suas hist\u00f3rias de vida principalmente nas vertentes relacionadas com a milit\u00e2ncia pol\u00edtica e com a interven\u00e7\u00e3o em \u00e1reas do desenvolvimento social e cultural do pa\u00eds no p\u00f3s-25 de Abril.&nbsp;<\/p>\n\n\n\n<h2 class=\"wp-block-heading\">O projeto Ex\u00edlios no Feminino<\/h2>\n\n\n\n<p>Assim o filme documental Ex\u00edlios no Feminino, que \u00e9 apresentado em duas sess\u00f5es de 50 minutos cada, integra-se no projeto com o mesmo nome que teve origem na proposta de 3 mulheres ent\u00e3o membros da Associa\u00e7\u00e3o de Exilados Pol\u00edticos Portugueses, Teresa Perdig\u00e3o, Ana Rosenheim e Concei\u00e7\u00e3o Cardeira, logo ap\u00f3s a sa\u00edda do primeiro volume da publica\u00e7\u00e3o Ex\u00edlios, em 2015. Este livro que no essencial deu a palavra a homens e a ex-militantes do Grito do Povo sobre antecedentes e viv\u00eancias no per\u00edodo do ex\u00edlio pol\u00edtico entre 1961 e 1974 j\u00e1 incorporava, no entanto, seis textos escritos no feminino [dos 22 publicados]. A inten\u00e7\u00e3o das proponentes, que verificaram ter existido uma abordagem excessivamente masculina do tema central do livro, era replicar o modelo da publica\u00e7\u00e3o coordenada e editada a partir de crit\u00e9rios de design gr\u00e1fico de Fernando Cardoso, mas com hist\u00f3rias e relatos de mulheres retirando da sombra do esquecimento as in\u00fameras militantes que deram um contributo decisivo \u00e0 luta antifascista antes do 25 de Abril.&nbsp;<\/p>\n\n\n\n<p>Circunst\u00e2ncias internas levaram ao abandono ou afastamento da associa\u00e7\u00e3o de uma vintena de associados e de associadas, entre as quais as proponentes citadas. O projeto, nos termos pretendidos, fora em consequ\u00eancia abandonado.&nbsp;<\/p>\n\n\n\n<h2 class=\"wp-block-heading\">Uma nova abordagem ao projeto<\/h2>\n\n\n\n<p>Mais tarde na Presid\u00eancia da AEP 61-74 de Fernanda Marques, uma especialista em hist\u00f3rias de vida e em avalia\u00e7\u00e3o de compet\u00eancias que a levaram a desenvolver uma tese de mestrado na Universidade do Porto sobre o tema, a inten\u00e7\u00e3o \u00e9 retomada com o apoio log\u00edstico de Beatriz Abrantes tendo sido constitu\u00eddo um grupo de sete mulheres para desenvolver uma nova abordagem ao projeto.&nbsp;<\/p>\n\n\n\n<p>Assim, na origem do Ex\u00edlios no Feminino existe uma revindica\u00e7\u00e3o que podemos relacionar com a igualdade de g\u00e9nero e uma exig\u00eancia de tratamento nos processos hist\u00f3ricos do papel da mulher, quer na resist\u00eancia antifascista quer ainda na milit\u00e2ncia pol\u00edtica no per\u00edodo do ex\u00edlio antes do 25 de Abril.&nbsp;<\/p>\n\n\n\n<p><\/p>\n\n\n\n<h3 class=\"wp-block-heading\">Pr\u00f3ximo artigo: A voz das mulheres e o pensamento cr\u00edtico [2]<\/h3>\n\n\n\n<p><\/p>\n\n\n\n<figure class=\"wp-block-embed is-type-video is-provider-youtube wp-block-embed-youtube wp-embed-aspect-16-9 wp-has-aspect-ratio\"><div class=\"wp-block-embed__wrapper\">\n<iframe loading=\"lazy\" title=\"Ex\u00edlios no Feminino - Sete percursos de luta e de esperan\u00e7a\" width=\"640\" height=\"360\" src=\"https:\/\/www.youtube.com\/embed\/r3-fNqD7X8c?feature=oembed\" frameborder=\"0\" allow=\"accelerometer; autoplay; clipboard-write; encrypted-media; gyroscope; picture-in-picture; web-share\" referrerpolicy=\"strict-origin-when-cross-origin\" allowfullscreen><\/iframe>\n<\/div><\/figure>\n\n\n\n<div style=\"height:26px\" aria-hidden=\"true\" class=\"wp-block-spacer\"><\/div>\n\n\n\n<figure class=\"wp-block-gallery has-nested-images columns-default is-cropped wp-block-gallery-3 is-layout-flex wp-block-gallery-is-layout-flex\">\n<figure class=\"wp-block-image size-large\"><img decoding=\"async\" loading=\"lazy\" width=\"550\" height=\"286\" data-id=\"13157\" src=\"https:\/\/nsf.pt\/wp-content\/uploads\/2024\/12\/sessao-2.jpg\" alt=\"\" class=\"wp-image-13157\" srcset=\"https:\/\/nsf.pt\/wp-content\/uploads\/2024\/12\/sessao-2.jpg 550w, https:\/\/nsf.pt\/wp-content\/uploads\/2024\/12\/sessao-2-300x156.jpg 300w\" sizes=\"(max-width: 550px) 100vw, 550px\" \/><\/figure>\n<\/figure>\n","protected":false},"excerpt":{"rendered":"<p>Vozes que ilustram uma Hist\u00f3ria complexa, com contornos pol\u00edticos, ideol\u00f3gicos e sociais O projeto Ex\u00edlios&#8230;<\/p>\n","protected":false},"author":2,"featured_media":13160,"comment_status":"open","ping_status":"open","sticky":true,"template":"","format":"standard","meta":{"sfsi_plus_gutenberg_text_before_share":"","sfsi_plus_gutenberg_show_text_before_share":"","sfsi_plus_gutenberg_icon_type":"","sfsi_plus_gutenberg_icon_alignemt":"","sfsi_plus_gutenburg_max_per_row":"","ngg_post_thumbnail":0,"footnotes":""},"categories":[207,459,415,381],"tags":[480],"featured_image_urls":{"full":["https:\/\/nsf.pt\/wp-content\/uploads\/2024\/12\/ira.jpg",1353,621,false],"thumbnail":["https:\/\/nsf.pt\/wp-content\/uploads\/2024\/12\/ira-150x150.jpg",150,150,true],"medium":["https:\/\/nsf.pt\/wp-content\/uploads\/2024\/12\/ira-300x138.jpg",300,138,true],"medium_large":["https:\/\/nsf.pt\/wp-content\/uploads\/2024\/12\/ira-768x352.jpg",640,293,true],"large":["https:\/\/nsf.pt\/wp-content\/uploads\/2024\/12\/ira-1024x470.jpg",640,294,true],"1536x1536":["https:\/\/nsf.pt\/wp-content\/uploads\/2024\/12\/ira.jpg",1353,621,false],"2048x2048":["https:\/\/nsf.pt\/wp-content\/uploads\/2024\/12\/ira.jpg",1353,621,false],"covernews-slider-full":["https:\/\/nsf.pt\/wp-content\/uploads\/2024\/12\/ira-1115x621.jpg",1115,621,true],"covernews-slider-center":["https:\/\/nsf.pt\/wp-content\/uploads\/2024\/12\/ira-800x500.jpg",800,500,true],"covernews-featured":["https:\/\/nsf.pt\/wp-content\/uploads\/2024\/12\/ira-1024x470.jpg",1024,470,true],"covernews-medium":["https:\/\/nsf.pt\/wp-content\/uploads\/2024\/12\/ira-540x340.jpg",540,340,true],"covernews-medium-square":["https:\/\/nsf.pt\/wp-content\/uploads\/2024\/12\/ira-400x250.jpg",400,250,true]},"author_info":{"info":["Carlos Ribeiro"]},"category_info":"<a href=\"https:\/\/nsf.pt\/index.php\/category\/agenda-2\/\" rel=\"category tag\">AGENDA<\/a> <a href=\"https:\/\/nsf.pt\/index.php\/category\/curtas\/\" rel=\"category tag\">CURTAS<\/a> <a href=\"https:\/\/nsf.pt\/index.php\/category\/exilios\/\" rel=\"category tag\">EX\u00cdLIOS<\/a> <a href=\"https:\/\/nsf.pt\/index.php\/category\/livros-do-exilio\/\" rel=\"category tag\">Livros do Ex\u00edlio<\/a>","tag_info":"Livros do Ex\u00edlio","comment_count":"0","_links":{"self":[{"href":"https:\/\/nsf.pt\/index.php\/wp-json\/wp\/v2\/posts\/13155"}],"collection":[{"href":"https:\/\/nsf.pt\/index.php\/wp-json\/wp\/v2\/posts"}],"about":[{"href":"https:\/\/nsf.pt\/index.php\/wp-json\/wp\/v2\/types\/post"}],"author":[{"embeddable":true,"href":"https:\/\/nsf.pt\/index.php\/wp-json\/wp\/v2\/users\/2"}],"replies":[{"embeddable":true,"href":"https:\/\/nsf.pt\/index.php\/wp-json\/wp\/v2\/comments?post=13155"}],"version-history":[{"count":3,"href":"https:\/\/nsf.pt\/index.php\/wp-json\/wp\/v2\/posts\/13155\/revisions"}],"predecessor-version":[{"id":13163,"href":"https:\/\/nsf.pt\/index.php\/wp-json\/wp\/v2\/posts\/13155\/revisions\/13163"}],"wp:featuredmedia":[{"embeddable":true,"href":"https:\/\/nsf.pt\/index.php\/wp-json\/wp\/v2\/media\/13160"}],"wp:attachment":[{"href":"https:\/\/nsf.pt\/index.php\/wp-json\/wp\/v2\/media?parent=13155"}],"wp:term":[{"taxonomy":"category","embeddable":true,"href":"https:\/\/nsf.pt\/index.php\/wp-json\/wp\/v2\/categories?post=13155"},{"taxonomy":"post_tag","embeddable":true,"href":"https:\/\/nsf.pt\/index.php\/wp-json\/wp\/v2\/tags?post=13155"}],"curies":[{"name":"wp","href":"https:\/\/api.w.org\/{rel}","templated":true}]}}