{"id":13176,"date":"2024-12-08T16:45:19","date_gmt":"2024-12-08T16:45:19","guid":{"rendered":"https:\/\/nsf.pt\/?p=13176"},"modified":"2024-12-08T18:57:42","modified_gmt":"2024-12-08T18:57:42","slug":"vale-a-pena-conversar-sobre-o-passado-a-pensar-no-presente-e-no-futuro","status":"publish","type":"post","link":"https:\/\/nsf.pt\/index.php\/2024\/12\/08\/vale-a-pena-conversar-sobre-o-passado-a-pensar-no-presente-e-no-futuro\/","title":{"rendered":"Vale a pena conversar sobre o passado,\u00a0a pensar no presente e no futuro"},"content":{"rendered":"\n<h2 class=\"wp-block-heading\">Filme documental Ex\u00edlios no Feminino foi exibido no Porto&nbsp;<\/h2>\n\n\n<div class=\"wp-block-post-date\"><time datetime=\"2024-12-08T16:45:19+00:00\">8 de Dezembro, 2024<\/time><\/div>\n\n\n<h3 class=\"wp-block-heading\">O Mira F\u00f3rum, em Campanh\u00e3, acolheu com a amabilidade e o entusiasmo habitual mais uma iniciativa da AJA Norte na passada sexta-feira \u00e0 noite. De facto, a Associa\u00e7\u00e3o Jos\u00e9 Afonso tem promovido nos \u00faltimos tempos v\u00e1rios encontros naquele espa\u00e7o de cultura e cidadania.&nbsp;<\/h3>\n\n\n\n<div style=\"height:14px\" aria-hidden=\"true\" class=\"wp-block-spacer\"><\/div>\n\n\n\n<figure class=\"wp-block-gallery has-nested-images columns-default is-cropped wp-block-gallery-1 is-layout-flex wp-block-gallery-is-layout-flex\">\n<figure class=\"wp-block-image size-full\"><img decoding=\"async\" loading=\"lazy\" width=\"890\" height=\"456\" data-id=\"13178\" src=\"https:\/\/nsf.pt\/wp-content\/uploads\/2024\/12\/mira12.jpg\" alt=\"\" class=\"wp-image-13178\" srcset=\"https:\/\/nsf.pt\/wp-content\/uploads\/2024\/12\/mira12.jpg 890w, https:\/\/nsf.pt\/wp-content\/uploads\/2024\/12\/mira12-300x154.jpg 300w, https:\/\/nsf.pt\/wp-content\/uploads\/2024\/12\/mira12-768x393.jpg 768w\" sizes=\"(max-width: 890px) 100vw, 890px\" \/><\/figure>\n<\/figure>\n\n\n\n<p class=\"has-text-align-center\">No Mira F\u00f3rum, Campanh\u00e3, realizam-se iniciativas regulares como exposi\u00e7\u00f5es, debates, encontros e outras atividades art\u00edsticas e culturais<\/p>\n\n\n\n<div style=\"height:20px\" aria-hidden=\"true\" class=\"wp-block-spacer\"><\/div>\n\n\n\n<p>Desta feita, em noite de greve dos transportes, foram v\u00e1rios os corajosos que se apresentaram para visualizar em grupo o filme documental cujo t\u00edtulo \u00e9 id\u00eantico ao do projeto e do livro que lhe deu origem: Ex\u00edlios no Feminino.&nbsp;<\/p>\n\n\n\n<p>Depois da exibi\u00e7\u00e3o a maior parte dos participantes reuniu-se em formato de tert\u00falia e foram muitas as rea\u00e7\u00f5es \u00e0s situa\u00e7\u00f5es e \u00e0s mensagens que as protagonistas das imagens projetadas adiantaram em tom de testemunho e de relato de mem\u00f3rias, com mais de meio s\u00e9culo de Hist\u00f3ria como pano de fundo.<\/p>\n\n\n\n<h2 class=\"wp-block-heading\">Uma tert\u00falia animada e participada<\/h2>\n\n\n\n<div style=\"height:18px\" aria-hidden=\"true\" class=\"wp-block-spacer\"><\/div>\n\n\n\n<figure class=\"wp-block-gallery has-nested-images columns-default is-cropped wp-block-gallery-3 is-layout-flex wp-block-gallery-is-layout-flex\">\n<figure class=\"wp-block-image size-large\"><img decoding=\"async\" loading=\"lazy\" width=\"1024\" height=\"768\" data-id=\"13186\" src=\"https:\/\/nsf.pt\/wp-content\/uploads\/2024\/12\/IMG_2155.jpeg\" alt=\"\" class=\"wp-image-13186\" srcset=\"https:\/\/nsf.pt\/wp-content\/uploads\/2024\/12\/IMG_2155.jpeg 1024w, https:\/\/nsf.pt\/wp-content\/uploads\/2024\/12\/IMG_2155-300x225.jpeg 300w, https:\/\/nsf.pt\/wp-content\/uploads\/2024\/12\/IMG_2155-768x576.jpeg 768w\" sizes=\"(max-width: 1024px) 100vw, 1024px\" \/><\/figure>\n\n\n\n<figure class=\"wp-block-image size-large\"><img decoding=\"async\" loading=\"lazy\" width=\"1024\" height=\"768\" data-id=\"13180\" src=\"https:\/\/nsf.pt\/wp-content\/uploads\/2024\/12\/IMG_9025.jpeg\" alt=\"\" class=\"wp-image-13180\" srcset=\"https:\/\/nsf.pt\/wp-content\/uploads\/2024\/12\/IMG_9025.jpeg 1024w, https:\/\/nsf.pt\/wp-content\/uploads\/2024\/12\/IMG_9025-300x225.jpeg 300w, https:\/\/nsf.pt\/wp-content\/uploads\/2024\/12\/IMG_9025-768x576.jpeg 768w\" sizes=\"(max-width: 1024px) 100vw, 1024px\" \/><\/figure>\n\n\n\n<figure class=\"wp-block-image size-large\"><img decoding=\"async\" loading=\"lazy\" width=\"1024\" height=\"383\" data-id=\"13182\" src=\"https:\/\/nsf.pt\/wp-content\/uploads\/2024\/12\/mira1.jpeg\" alt=\"\" class=\"wp-image-13182\" srcset=\"https:\/\/nsf.pt\/wp-content\/uploads\/2024\/12\/mira1.jpeg 1024w, https:\/\/nsf.pt\/wp-content\/uploads\/2024\/12\/mira1-300x112.jpeg 300w, https:\/\/nsf.pt\/wp-content\/uploads\/2024\/12\/mira1-768x287.jpeg 768w\" sizes=\"(max-width: 1024px) 100vw, 1024px\" \/><\/figure>\n\n\n\n<figure class=\"wp-block-image size-large\"><img decoding=\"async\" loading=\"lazy\" width=\"1024\" height=\"503\" data-id=\"13185\" src=\"https:\/\/nsf.pt\/wp-content\/uploads\/2024\/12\/mira2.jpeg\" alt=\"\" class=\"wp-image-13185\" srcset=\"https:\/\/nsf.pt\/wp-content\/uploads\/2024\/12\/mira2.jpeg 1024w, https:\/\/nsf.pt\/wp-content\/uploads\/2024\/12\/mira2-300x147.jpeg 300w, https:\/\/nsf.pt\/wp-content\/uploads\/2024\/12\/mira2-768x377.jpeg 768w\" sizes=\"(max-width: 1024px) 100vw, 1024px\" \/><\/figure>\n\n\n\n<figure class=\"wp-block-image size-large\"><img decoding=\"async\" loading=\"lazy\" width=\"1024\" height=\"397\" data-id=\"13179\" src=\"https:\/\/nsf.pt\/wp-content\/uploads\/2024\/12\/mira4.jpeg\" alt=\"\" class=\"wp-image-13179\" srcset=\"https:\/\/nsf.pt\/wp-content\/uploads\/2024\/12\/mira4.jpeg 1024w, https:\/\/nsf.pt\/wp-content\/uploads\/2024\/12\/mira4-300x116.jpeg 300w, https:\/\/nsf.pt\/wp-content\/uploads\/2024\/12\/mira4-768x298.jpeg 768w\" sizes=\"(max-width: 1024px) 100vw, 1024px\" \/><\/figure>\n\n\n\n<figure class=\"wp-block-image size-large\"><img decoding=\"async\" loading=\"lazy\" width=\"1024\" height=\"350\" data-id=\"13181\" src=\"https:\/\/nsf.pt\/wp-content\/uploads\/2024\/12\/mira5.jpeg\" alt=\"\" class=\"wp-image-13181\" srcset=\"https:\/\/nsf.pt\/wp-content\/uploads\/2024\/12\/mira5.jpeg 1024w, https:\/\/nsf.pt\/wp-content\/uploads\/2024\/12\/mira5-300x103.jpeg 300w, https:\/\/nsf.pt\/wp-content\/uploads\/2024\/12\/mira5-768x263.jpeg 768w\" sizes=\"(max-width: 1024px) 100vw, 1024px\" \/><\/figure>\n<\/figure>\n\n\n\n<p class=\"has-text-align-center\">Paulo Esperan\u00e7a introduziu o filme documental e o objetivo da iniciativa da AJA Norte<\/p>\n\n\n\n<div style=\"height:16px\" aria-hidden=\"true\" class=\"wp-block-spacer\"><\/div>\n\n\n\n<p>As interroga\u00e7\u00f5es foram por um lado sobre as liga\u00e7\u00f5es mais relevantes do filme com os conte\u00fados do livro e especificamente sobre o projeto e processo de elabora\u00e7\u00e3o. Foram tamb\u00e9m sobre temas muito concretos como as rela\u00e7\u00f5es de poder entre militantes de organiza\u00e7\u00f5es que alegavam querer mudar o mundo, sobre os preconceitos em rela\u00e7\u00e3o \u00e0s op\u00e7\u00f5es sexuais, sobre o direito ao corpo por parte das mulheres, sobre a viol\u00eancia dom\u00e9stica e sobre as diversas abordagens hist\u00f3ricas \u00e0s correntes feministas.&nbsp;<\/p>\n\n\n\n<p>Os presentes assumiram como um desafio coletivo refletir sobre as mudan\u00e7as que ter\u00e3o ou n\u00e3o ocorrido, nestas \u00e1reas da mudan\u00e7a social, ao longo dos anos desde o 25 de Abril. No essencial foram sobretudo apontadas \u00e1reas que carecem de a\u00e7\u00f5es mais radicais e intensas para que a transforma\u00e7\u00e3o das atitudes e comportamentos ocorra com a profundidade desejada.&nbsp;<\/p>\n\n\n\n<p>Por fim foi estabelecida uma liga\u00e7\u00e3o mais global entre o filme e o livro tendo sido salientado que algumas \u00e1reas sacralizadas, no plano ideol\u00f3gico e pol\u00edtico, presentes nos testemunhos sobre o ex\u00edlio realizados no passado principalmente por homens, foram questionadas de forma aberta pela maioria das autoras dos textos cuja reflex\u00e3o coletiva, irrever\u00eancia e radicalidade criam agora condi\u00e7\u00f5es para debates mais profundados sobre um per\u00edodo hist\u00f3rico com in\u00edcio nos anos sessenta do s\u00e9culo passado.&nbsp;<\/p>\n\n\n\n<p><\/p>\n\n\n\n<p><em> Fotos \u00a9 Jo\u00e3o NUNO-Aja Norte e CVR &#8211; Nsf <\/em><\/p>\n","protected":false},"excerpt":{"rendered":"<p>Filme documental Ex\u00edlios no Feminino foi exibido no Porto&nbsp; O Mira F\u00f3rum, em Campanh\u00e3, acolheu&#8230;<\/p>\n","protected":false},"author":2,"featured_media":13178,"comment_status":"open","ping_status":"open","sticky":true,"template":"","format":"standard","meta":{"sfsi_plus_gutenberg_text_before_share":"","sfsi_plus_gutenberg_show_text_before_share":"","sfsi_plus_gutenberg_icon_type":"","sfsi_plus_gutenberg_icon_alignemt":"","sfsi_plus_gutenburg_max_per_row":"","ngg_post_thumbnail":0,"footnotes":""},"categories":[238,415,468],"tags":[407],"featured_image_urls":{"full":["https:\/\/nsf.pt\/wp-content\/uploads\/2024\/12\/mira12.jpg",890,456,false],"thumbnail":["https:\/\/nsf.pt\/wp-content\/uploads\/2024\/12\/mira12-150x150.jpg",150,150,true],"medium":["https:\/\/nsf.pt\/wp-content\/uploads\/2024\/12\/mira12-300x154.jpg",300,154,true],"medium_large":["https:\/\/nsf.pt\/wp-content\/uploads\/2024\/12\/mira12-768x393.jpg",640,328,true],"large":["https:\/\/nsf.pt\/wp-content\/uploads\/2024\/12\/mira12.jpg",640,328,false],"1536x1536":["https:\/\/nsf.pt\/wp-content\/uploads\/2024\/12\/mira12.jpg",890,456,false],"2048x2048":["https:\/\/nsf.pt\/wp-content\/uploads\/2024\/12\/mira12.jpg",890,456,false],"covernews-slider-full":["https:\/\/nsf.pt\/wp-content\/uploads\/2024\/12\/mira12.jpg",890,456,false],"covernews-slider-center":["https:\/\/nsf.pt\/wp-content\/uploads\/2024\/12\/mira12-800x456.jpg",800,456,true],"covernews-featured":["https:\/\/nsf.pt\/wp-content\/uploads\/2024\/12\/mira12.jpg",890,456,false],"covernews-medium":["https:\/\/nsf.pt\/wp-content\/uploads\/2024\/12\/mira12-540x340.jpg",540,340,true],"covernews-medium-square":["https:\/\/nsf.pt\/wp-content\/uploads\/2024\/12\/mira12-400x250.jpg",400,250,true]},"author_info":{"info":["Carlos Ribeiro"]},"category_info":"<a href=\"https:\/\/nsf.pt\/index.php\/category\/destaque\/\" rel=\"category tag\">DESTAQUE<\/a> <a href=\"https:\/\/nsf.pt\/index.php\/category\/exilios\/\" rel=\"category tag\">EX\u00cdLIOS<\/a> <a href=\"https:\/\/nsf.pt\/index.php\/category\/foco\/\" rel=\"category tag\">FOCO<\/a>","tag_info":"FOCO","comment_count":"0","_links":{"self":[{"href":"https:\/\/nsf.pt\/index.php\/wp-json\/wp\/v2\/posts\/13176"}],"collection":[{"href":"https:\/\/nsf.pt\/index.php\/wp-json\/wp\/v2\/posts"}],"about":[{"href":"https:\/\/nsf.pt\/index.php\/wp-json\/wp\/v2\/types\/post"}],"author":[{"embeddable":true,"href":"https:\/\/nsf.pt\/index.php\/wp-json\/wp\/v2\/users\/2"}],"replies":[{"embeddable":true,"href":"https:\/\/nsf.pt\/index.php\/wp-json\/wp\/v2\/comments?post=13176"}],"version-history":[{"count":2,"href":"https:\/\/nsf.pt\/index.php\/wp-json\/wp\/v2\/posts\/13176\/revisions"}],"predecessor-version":[{"id":13188,"href":"https:\/\/nsf.pt\/index.php\/wp-json\/wp\/v2\/posts\/13176\/revisions\/13188"}],"wp:featuredmedia":[{"embeddable":true,"href":"https:\/\/nsf.pt\/index.php\/wp-json\/wp\/v2\/media\/13178"}],"wp:attachment":[{"href":"https:\/\/nsf.pt\/index.php\/wp-json\/wp\/v2\/media?parent=13176"}],"wp:term":[{"taxonomy":"category","embeddable":true,"href":"https:\/\/nsf.pt\/index.php\/wp-json\/wp\/v2\/categories?post=13176"},{"taxonomy":"post_tag","embeddable":true,"href":"https:\/\/nsf.pt\/index.php\/wp-json\/wp\/v2\/tags?post=13176"}],"curies":[{"name":"wp","href":"https:\/\/api.w.org\/{rel}","templated":true}]}}