{"id":13416,"date":"2024-12-22T20:40:39","date_gmt":"2024-12-22T20:40:39","guid":{"rendered":"https:\/\/nsf.pt\/?p=13416"},"modified":"2024-12-23T14:48:51","modified_gmt":"2024-12-23T14:48:51","slug":"nam-destaca-o-papel-de-almada-contreiras-na-historia-recente-de-portugal","status":"publish","type":"post","link":"https:\/\/nsf.pt\/index.php\/2024\/12\/22\/nam-destaca-o-papel-de-almada-contreiras-na-historia-recente-de-portugal\/","title":{"rendered":"NAM destaca o papel de Almada Contreiras na Hist\u00f3ria recente de Portugal"},"content":{"rendered":"\n<h2 class=\"wp-block-heading\">Homenagem \u00e0 mem\u00f3ria do militar de Abril que foi central na Armada e na luta pela democracia<\/h2>\n\n\n<div class=\"wp-block-post-date\"><time datetime=\"2024-12-22T20:40:39+00:00\">22 de Dezembro, 2024<\/time><\/div>\n\n\n<p><\/p>\n\n\n\n<p><strong>O Movimento NAM-N\u00e2o Apaguem a Mem\u00f3ria  emitiu um comunicado relacionado com a morte de Carlos Almada Contreiras, enaltecendo a atividade democr\u00e1tica e revolucion\u00e1ria do militar de Abril que, na comunica\u00e7\u00e3o social est\u00e1 a ser  reduzido a um mero epis\u00f3dio, importante \u00e9 verdade &#8211; indicar o Gr\u00e2ndola Vila Morena como sinal dos revoltosos do 25 de Abril &#8211; mas que n\u00e3o pode ser a marca de algu\u00e9m que desempenhou um papel central na Hist\u00f3ria recente de Portugal.<\/strong><\/p>\n\n\n\n<div style=\"height:24px\" aria-hidden=\"true\" class=\"wp-block-spacer\"><\/div>\n\n\n\n<figure class=\"wp-block-gallery has-nested-images columns-default is-cropped wp-block-gallery-1 is-layout-flex wp-block-gallery-is-layout-flex\">\n<figure class=\"wp-block-image size-large\"><img decoding=\"async\" loading=\"lazy\" width=\"296\" height=\"190\" data-id=\"13417\" src=\"https:\/\/nsf.pt\/wp-content\/uploads\/2024\/12\/mada.jpg\" alt=\"\" class=\"wp-image-13417\"\/><\/figure>\n<\/figure>\n\n\n\n<p class=\"has-text-align-center\">Almada Contreiras<\/p>\n\n\n\n<div style=\"height:22px\" aria-hidden=\"true\" class=\"wp-block-spacer\"><\/div>\n\n\n\n<h2 class=\"wp-block-heading\">Comunicado do NAM<\/h2>\n\n\n\n<p>Faleceu no passado dia 18 de dezembro deste ano de 2024 o Militar de Abril e lutador pela Democracia e pela Liberdade Carlos Almada Contreiras.<\/p>\n\n\n\n<p>Nesta hora de m\u00e1goa e de luto, a Associa\u00e7\u00e3o \u201cMovimento C\u00edvico N\u00e3o Apaguem a Mem\u00f3ria (NAM)\u201d quer, em primeiro lugar, enviar as mais sentidas e solid\u00e1rias condol\u00eancias \u00e0 Fam\u00edlia enlutada, ou seja, \u00e0s suas tr\u00eas filhas, ao seu neto, aos seus irm\u00e3os, mas tamb\u00e9m aos seus sobrinhos.&nbsp;<\/p>\n\n\n\n<p>Nestes tempos de uma absolutista cultura do superficial e do ef\u00e9mero, Carlos Almada Contreiras est\u00e1 a ser recordado por ser a pessoa que indicou a senha para o desencadear da opera\u00e7\u00e3o militar que p\u00f4s fim aos 48 anos de ditadura do Estado Novo. O que \u00e9 verdade, porque era boa a sua liga\u00e7\u00e3o com as pessoas da Comunica\u00e7\u00e3o Social, mas o cidad\u00e3o exemplar Carlos de Almada Contreiras foi bem mais do que isso.<\/p>\n\n\n\n<p>Na verdade e como tamb\u00e9m por outros j\u00e1 foi referido, mas que se imp\u00f5e voltar a sublinhar, ele foi um pioneiro no estabelecimento de liga\u00e7\u00f5es entre os oficiais da Marinha organizados politicamente na oposi\u00e7\u00e3o \u00e0 ditadura de Salazar e Caetano e o Movimento dos Capit\u00e3es gerado no seio do Ex\u00e9rcito, e desempenhou um muito relevante papel na elabora\u00e7\u00e3o do Programa do MFA, bem como na colabora\u00e7\u00e3o que, no seio do Movimento das For\u00e7as Armadas, os marinheiros promoveram com os seus camaradas do Ex\u00e9rcito e tamb\u00e9m, ainda que em menor escala, com os da For\u00e7a A\u00e9rea, igualmente se lhe devendo o controlo das comunica\u00e7\u00f5es da Marinha, onde as liga\u00e7\u00f5es \u00e0 NATO e principalmente a Espanha se revelariam muito importantes no decorrer das Opera\u00e7\u00f5es.<\/p>\n\n\n\n<p>Para al\u00e9m de outras actividades de natureza c\u00edvica e de preserva\u00e7\u00e3o da Mem\u00f3ria, nomeadamente atrav\u00e9s da escrita de livros e da edi\u00e7\u00e3o de outras publica\u00e7\u00f5es, Carlos de Almada Contreiras, que foi membro da Comiss\u00e3o Coordenadora do Programa do MFA, do Conselho de Estado, do Conselho dos 20, do Conselho da Revolu\u00e7\u00e3o e do S.D.C.I., teve um papel fulcral no p\u00f3s 25 de Abril, contribuindo decisivamente para a ac\u00e7\u00e3o do MFA, e para a cria\u00e7\u00e3o e consolida\u00e7\u00e3o da Democracia e do Estado de Direito em Portugal, quer antes quer depois do regresso dos militares aos quart\u00e9is, tendo ainda desenvolvido uma actividade fundamental na<\/p>\n\n\n\n<p>liga\u00e7\u00e3o dos Capit\u00e3es de Abril a Oficiais do pa\u00eds vizinho que foram determinantes no fim do regime da ditadura franquista, liga\u00e7\u00e3o essa que se manteve ap\u00f3s a abertura democr\u00e1tica em Espanha.<\/p>\n\n\n\n<p>E \u00e9 por tudo isto que, especialmente quando, incr\u00e9dulos, estamos a assistir em Portugal a actua\u00e7\u00f5es da PSP que s\u00e3o t\u00edpicas de Estados totalit\u00e1rios que, algumas delas, como a que ocorreu em Lisboa na passada quinta-feira na Rua do Benformoso\/Martim Moniz, trazem \u00e0 mem\u00f3ria n\u00e3o apenas as ac\u00e7\u00f5es repressivas do Estado Novo, mas at\u00e9 as persegui\u00e7\u00f5es nazis aos judeus que viviam no gueto de Vars\u00f3via, o militar de Abril e cidad\u00e3o exemplar Carlos de Almada Contreiras tem imperiosamente de ser louvado e recordado. Ele bem o merece.<\/p>\n\n\n\n<p>Lisboa, 21\/12\/2024<\/p>\n\n\n\n<p>A Direc\u00e7\u00e3o da Associa\u00e7\u00e3o <em>\u201cMovimento C\u00edvico N\u00e3o Apaguem a Mem\u00f3ria (NAM)\u201d<\/em><\/p>\n","protected":false},"excerpt":{"rendered":"<p>Homenagem \u00e0 mem\u00f3ria do militar de Abril que foi central na Armada e na luta&#8230;<\/p>\n","protected":false},"author":2,"featured_media":13417,"comment_status":"open","ping_status":"open","sticky":true,"template":"","format":"standard","meta":{"sfsi_plus_gutenberg_text_before_share":"","sfsi_plus_gutenberg_show_text_before_share":"","sfsi_plus_gutenberg_icon_type":"","sfsi_plus_gutenberg_icon_alignemt":"","sfsi_plus_gutenburg_max_per_row":"","ngg_post_thumbnail":0,"footnotes":""},"categories":[334,93,238,467],"tags":[384],"featured_image_urls":{"full":["https:\/\/nsf.pt\/wp-content\/uploads\/2024\/12\/mada.jpg",296,190,false],"thumbnail":["https:\/\/nsf.pt\/wp-content\/uploads\/2024\/12\/mada-150x150.jpg",150,150,true],"medium":["https:\/\/nsf.pt\/wp-content\/uploads\/2024\/12\/mada.jpg",296,190,false],"medium_large":["https:\/\/nsf.pt\/wp-content\/uploads\/2024\/12\/mada.jpg",296,190,false],"large":["https:\/\/nsf.pt\/wp-content\/uploads\/2024\/12\/mada.jpg",296,190,false],"1536x1536":["https:\/\/nsf.pt\/wp-content\/uploads\/2024\/12\/mada.jpg",296,190,false],"2048x2048":["https:\/\/nsf.pt\/wp-content\/uploads\/2024\/12\/mada.jpg",296,190,false],"covernews-slider-full":["https:\/\/nsf.pt\/wp-content\/uploads\/2024\/12\/mada.jpg",296,190,false],"covernews-slider-center":["https:\/\/nsf.pt\/wp-content\/uploads\/2024\/12\/mada.jpg",296,190,false],"covernews-featured":["https:\/\/nsf.pt\/wp-content\/uploads\/2024\/12\/mada.jpg",296,190,false],"covernews-medium":["https:\/\/nsf.pt\/wp-content\/uploads\/2024\/12\/mada.jpg",296,190,false],"covernews-medium-square":["https:\/\/nsf.pt\/wp-content\/uploads\/2024\/12\/mada.jpg",296,190,false]},"author_info":{"info":["Carlos Ribeiro"]},"category_info":"<a href=\"https:\/\/nsf.pt\/index.php\/category\/abril-vivo\/\" rel=\"category tag\">ABRIL VIVO!<\/a> <a href=\"https:\/\/nsf.pt\/index.php\/category\/memorias-vivas\/combatentes-da-liberdade\/\" rel=\"category tag\">Combatentes da Liberdade<\/a> <a href=\"https:\/\/nsf.pt\/index.php\/category\/destaque\/\" rel=\"category tag\">DESTAQUE<\/a> <a href=\"https:\/\/nsf.pt\/index.php\/category\/na-hora\/\" rel=\"category tag\">NA HORA<\/a>","tag_info":"NA HORA","comment_count":"0","_links":{"self":[{"href":"https:\/\/nsf.pt\/index.php\/wp-json\/wp\/v2\/posts\/13416"}],"collection":[{"href":"https:\/\/nsf.pt\/index.php\/wp-json\/wp\/v2\/posts"}],"about":[{"href":"https:\/\/nsf.pt\/index.php\/wp-json\/wp\/v2\/types\/post"}],"author":[{"embeddable":true,"href":"https:\/\/nsf.pt\/index.php\/wp-json\/wp\/v2\/users\/2"}],"replies":[{"embeddable":true,"href":"https:\/\/nsf.pt\/index.php\/wp-json\/wp\/v2\/comments?post=13416"}],"version-history":[{"count":1,"href":"https:\/\/nsf.pt\/index.php\/wp-json\/wp\/v2\/posts\/13416\/revisions"}],"predecessor-version":[{"id":13418,"href":"https:\/\/nsf.pt\/index.php\/wp-json\/wp\/v2\/posts\/13416\/revisions\/13418"}],"wp:featuredmedia":[{"embeddable":true,"href":"https:\/\/nsf.pt\/index.php\/wp-json\/wp\/v2\/media\/13417"}],"wp:attachment":[{"href":"https:\/\/nsf.pt\/index.php\/wp-json\/wp\/v2\/media?parent=13416"}],"wp:term":[{"taxonomy":"category","embeddable":true,"href":"https:\/\/nsf.pt\/index.php\/wp-json\/wp\/v2\/categories?post=13416"},{"taxonomy":"post_tag","embeddable":true,"href":"https:\/\/nsf.pt\/index.php\/wp-json\/wp\/v2\/tags?post=13416"}],"curies":[{"name":"wp","href":"https:\/\/api.w.org\/{rel}","templated":true}]}}