{"id":13532,"date":"2025-01-09T19:21:21","date_gmt":"2025-01-09T19:21:21","guid":{"rendered":"https:\/\/nsf.pt\/?p=13532"},"modified":"2025-01-09T20:13:11","modified_gmt":"2025-01-09T20:13:11","slug":"o-armamentismo-dos-neocons-e-o-racismo-dos-neonazis-a-mesma-doutrina-com-novos-interpretes","status":"publish","type":"post","link":"https:\/\/nsf.pt\/index.php\/2025\/01\/09\/o-armamentismo-dos-neocons-e-o-racismo-dos-neonazis-a-mesma-doutrina-com-novos-interpretes\/","title":{"rendered":"O armamentismo dos neocons e o racismo dos neonazis \u2014 a mesma doutrina com novos int\u00e9rpretes"},"content":{"rendered":"<div class=\"wp-block-post-date\"><time datetime=\"2025-01-09T19:21:21+00:00\">9 de Janeiro, 2025<\/time><\/div>\n\n\n<p><strong>Carlos Matos Gomes<\/strong><\/p>\n\n\n\n<figure class=\"wp-block-image size-full is-resized\"><img decoding=\"async\" loading=\"lazy\" width=\"423\" height=\"426\" src=\"https:\/\/nsf.pt\/wp-content\/uploads\/2025\/01\/carlos-m.jpg\" alt=\"\" class=\"wp-image-13536\" style=\"aspect-ratio:0.9929577464788732;width:117px;height:auto\" srcset=\"https:\/\/nsf.pt\/wp-content\/uploads\/2025\/01\/carlos-m.jpg 423w, https:\/\/nsf.pt\/wp-content\/uploads\/2025\/01\/carlos-m-298x300.jpg 298w, https:\/\/nsf.pt\/wp-content\/uploads\/2025\/01\/carlos-m-150x150.jpg 150w\" sizes=\"(max-width: 423px) 100vw, 423px\" \/><\/figure>\n\n\n\n<p id=\"820f\">Os movimentos iniciais dos nazis no terreno da economia nos anos vinte do s\u00e9culo passado ainda est\u00e3o sujeitos a in\u00fameras controv\u00e9rsias. Essa dificuldade tem sido atribu\u00edda ao sucesso do regime de Hitler em encobrir os gastos com armamentos, tendo chegado ao ponto de deixar de publicar dados sobre as despesas governamentais. O atual discurso dos dirigentes do \u201cOcidente Global\u201d sobre gastos militares segue o mesmo m\u00e9todo, substituindo a censura pelo emassamento de dados de onde n\u00e3o \u00e9 poss\u00edvel retirar informa\u00e7\u00f5es fidedignas.<\/p>\n\n\n\n<p id=\"08a3\">O papel do grupo de personagens que no s\u00e9culo passado dirigiram a passagem do nazismo de uma ideologia a um regime totalit\u00e1rio e expansionista tamb\u00e9m tem sido mantido na obscuridade para concentrar o mal na figura de Hitler. A passagem do nazismo da teoria e da propaganda \u00e0 pr\u00e1tica foi obra de um grupo em que todos se odiavam, mas em que todos competiam para desempenhar os principais pap\u00e9is e, sobre tudo enriquecer. Alfred Rosenberg, Himmler, Goring, Heydrich s\u00e3o alguns nomes dos que promoveram a Alemanha de Hitler. Alfred Rosenberg , menos conhecido, foi importante, por exemplo, na elabora\u00e7\u00e3o da ideia de que havia uma conspira\u00e7\u00e3o judaica mundial por detr\u00e1s da revolu\u00e7\u00e3o comunista na Uni\u00e3o Sovi\u00e9tica. Nessa perspectiva, os eslavos eram uma ra\u00e7a inferior, a ser escravizada pelos alem\u00e3es, e a URSS era um projeto judeu para os liderar contra a ra\u00e7a superior. Um discurso coincidente com o atualmente difundido pelos grandes meios de manipula\u00e7\u00e3o.<\/p>\n\n\n\n<p id=\"226b\">A corte de Trump e o programa MAGA \u00e9 um regresso ao passado. A imagem que temos do nazismo e dos nazis \u00e9 de seres robotizados, de botas altas, bigode, bra\u00e7o estendido, desumanizados, mas os nazis dos anos vinte e trinta do s\u00e9culo passado eram seres aparentemente t\u00e3o inofensivos como os quase juvenis beb\u00e9s Nestl\u00e9 que as fotografias de Elon Musk ou Mark Zuckerberger sugerem e os nazis da vers\u00e3o anterior tamb\u00e9m j\u00e1 utilizavam a alta tecnologia para justificarem o seu poder. Heydrich era um apaixonado pela avia\u00e7\u00e3o e um amante dos ca\u00e7as Messerschmitt, \u00e0 semelhan\u00e7a de Elon Musk com os sat\u00e9lites e os foguet\u00f5es da Starlink.<\/p>\n\n\n\n<p id=\"1f43\">O n\u00facleo duro do nazismo era constitu\u00eddo por personagens que se apresentavam como normais, em ambientes familiares, e o seu \u00eaxito consistiu em terem escondido a paranoia que os infetava com uma h\u00e1bil propaganda, esta a cargo de Goebbells. O n\u00facleo duro dos neocons \u00e9 apresentado como um conjunto de g\u00e9nios que dominam a Intelig\u00eancia Artificial e com ela v\u00e3o impor o seu dom\u00ednio aos povos inferiores.<\/p>\n\n\n\n<p id=\"12d3\">Revivemos um tempo de velhos truques adaptados aos meios atualmente dispon\u00edveis, mas a natureza dos int\u00e9rpretes n\u00e3o mudou. Adam Tooze, historiador ingl\u00eas e professor em Hist\u00f3ria Econ\u00f3mica Europeia Moderna na Universidade de Cambridge, no livro&nbsp;<em>O Pre\u00e7o da Destrui\u00e7\u00e3o<\/em>&nbsp;(2006), um t\u00edtulo premonit\u00f3rio, destaca que o marco divis\u00f3rio entre a Rep\u00fablica de Weimar e o Terceiro Reich n\u00e3o foi a cria\u00e7\u00e3o ou destrui\u00e7\u00e3o de empregos, mas a mobiliza\u00e7\u00e3o em torno do rearmamento. O que \u00e9 semelhante \u00e0 separa\u00e7\u00e3o entre o capitalismo antes e depois da queda do muro de Berlim e da vit\u00f3ria do neoliberalismo da Escola de Chicago e do N\u00e3o H\u00e1 Alternativa (TINA).<\/p>\n\n\n\n<p id=\"6638\">As opini\u00f5es p\u00fablicas europeias est\u00e3o a ser massacradas com duas ideias-martelo, uma, a necessidade de gastar recursos em armamento, que ilude o desemprego e a degrada\u00e7\u00e3o do estado social provocadas pelas duas guerras lan\u00e7adas pelos Estados Unidos para manterem a sua hegemonia mundial, a da Ucr\u00e2nia e a do M\u00e9dio Oriente; a outra, a da necessidade da Ordem, de um Estado Forte que defenda as oligarquias.<\/p>\n\n\n\n<p id=\"717a\">Os grupos neonazis em crescimento realizam neste momento o trabalho de sapa de \u201cidentificar\u201d o imigrante como o inimigo, atribuindo-lhe a autoria de toda a sorte de crimes, considerando-o fator de inseguran\u00e7a, ou como algu\u00e9m que rouba o trabalho aos nativos e destr\u00f3i a identidade cultural do povo de acolhimento. O discurso dos v\u00e1rios \u201ccavaleiros do Apocalipse\u201d, de Trump a Ventura, de Salvini a Farage \u00e9 o mesmo, porque \u00e9 o mesmo o espantalho do medo que agitam e que esconde o medo das elites instaladas da perda do seu dom\u00ednio sobre o sistema pol\u00edtico. O trabalho de propaganda do armamentismo como programa pol\u00edtico de salva\u00e7\u00e3o da nossa civiliza\u00e7\u00e3o, \u00e9 uma tarefa considerada \u201climpa\u201d e est\u00e1 a cargo de pol\u00edticos institucionais e dirigida pela NATO.<\/p>\n\n\n\n<p id=\"c628\">Quer os pastores que dirigem os movimentos neonazis, ditos populistas, quer os burocratas da NATO e da Uni\u00e3o Europeia, os institucionais, sabem que a imigra\u00e7\u00e3o n\u00e3o \u00e9 a causa da crise econ\u00f3mica e social que o \u201cOcidente Global\u201d vive, mas que \u00e9 uma consequ\u00eancia das a\u00e7\u00f5es que este desenvolve e desenvolveu para impor e manter o seu modelo social baseado na desigualdade e que os imigrantes s\u00e3o meras pe\u00e7as de usar e deitar fora de importar ou rejeitar consoante o \u201cmercado\u201d.<\/p>\n\n\n\n<p id=\"0e90\">A algazarra criada no \u201cOcidente Global\u201d contra a imigra\u00e7\u00e3o, a inseguran\u00e7a e a corrup\u00e7\u00e3o, que na vers\u00e3o portuguesa est\u00e1 a cargo do Chega de Ventura, \u00e9 um dos meios de manipula\u00e7\u00e3o utilizados pelos&nbsp;<em>neocons<\/em>&nbsp;americanos para evitarem a perda da supremacia planet\u00e1ria que ganharam com o final da Segunda Guerra. As elites ocidentais decidiram que o perigo deveria ser enfrentado com o refor\u00e7o dos aparelhos dos estados sobre os cidad\u00e3os, com a instaura\u00e7\u00e3o de estados policiais e tendencialmente totalit\u00e1rios, ditos iliberais, com o isolamento e o fechamento ao exterior e com o desencadeamento de conflitos armados em zonas estrat\u00e9gicas, a Eur\u00e1sia, com a guerra na Ucr\u00e2nia, o M\u00e9dio Oriente, atrav\u00e9s de Israel, as regi\u00f5es de \u00c1frica produtoras de minerais raros, necess\u00e1rios para as novas tecnologias. O Chega de Ventura \u00e9 o agente deste programa para Portugal.<\/p>\n\n\n\n<p id=\"0456\">O nazismo n\u00e3o foi um produto alem\u00e3o sa\u00eddo de uma linha de montagem como um Mercedes ou uma salsicha de Frankfurt, o nazismo \u00e9 uma velh\u00edssima ideologia baseada na intoler\u00e2ncia relativamente ao outro, ao diferente, \u00e9 uma ideologia racista assente no conceito da superioridade. A cumplicidade dos dirigentes europeus com o regime de Israel e o apoio dos oligarcas dos Estados Unidos ao genoc\u00eddio levado a cabo na Palestina por Israel revela quanto o nazismo est\u00e1 entranhado na cultura do Ocidente, nas suas elites e oligarquias.<\/p>\n\n\n\n<p id=\"dd5c\">Os que n\u00e3o toleram os outros s\u00e3o os cobardes que n\u00e3o confiam em si. Os movimentos nazis, como todos os seus antecessores fundados na intoler\u00e2ncia, representam o medo. As fogueiras da Inquisi\u00e7\u00e3o e as paredes de fuzilamento, os guetos, os discursos amea\u00e7adores s\u00e3o sinais pol\u00edticos que devem alertar os democratas contra os perigos que amea\u00e7am a humanidade.<\/p>\n\n\n\n<p id=\"1607\">A alternativa a um grande confronto seria eliminar ou minimizar as causas das diferen\u00e7as, as desigualdades que geram os movimentos migrat\u00f3rios, a verdadeira corrup\u00e7\u00e3o, as dos&nbsp;<em>offshore<\/em>, das parcerias p\u00fablico-privadas, as da promiscuidade entre neg\u00f3cios p\u00fablicos e lucros privados, mas isso implicaria diminuir os lucros proporcionados pelas guerras e partilhar o poder, o oposto de uma estrat\u00e9gia assente na hegemonia planet\u00e1ria de uma minoria de bezerros de oiro.<\/p>\n\n\n\n<div style=\"height:50px\" aria-hidden=\"true\" class=\"wp-block-spacer\"><\/div>\n\n\n\n<figure class=\"wp-block-gallery has-nested-images columns-default is-cropped wp-block-gallery-1 is-layout-flex wp-block-gallery-is-layout-flex\">\n<figure class=\"wp-block-image size-large\"><img decoding=\"async\" loading=\"lazy\" width=\"1024\" height=\"604\" data-id=\"13535\" src=\"https:\/\/nsf.pt\/wp-content\/uploads\/2025\/01\/neocons-1024x604.jpg\" alt=\"\" class=\"wp-image-13535\" srcset=\"https:\/\/nsf.pt\/wp-content\/uploads\/2025\/01\/neocons-1024x604.jpg 1024w, https:\/\/nsf.pt\/wp-content\/uploads\/2025\/01\/neocons-300x177.jpg 300w, https:\/\/nsf.pt\/wp-content\/uploads\/2025\/01\/neocons-768x453.jpg 768w, https:\/\/nsf.pt\/wp-content\/uploads\/2025\/01\/neocons.jpg 1238w\" sizes=\"(max-width: 1024px) 100vw, 1024px\" \/><\/figure>\n<\/figure>\n","protected":false},"excerpt":{"rendered":"<p>Carlos Matos Gomes Os movimentos iniciais dos nazis no terreno da economia nos anos vinte&#8230;<\/p>\n","protected":false},"author":2,"featured_media":13533,"comment_status":"open","ping_status":"open","sticky":true,"template":"","format":"standard","meta":{"sfsi_plus_gutenberg_text_before_share":"","sfsi_plus_gutenberg_show_text_before_share":"","sfsi_plus_gutenberg_icon_type":"","sfsi_plus_gutenberg_icon_alignemt":"","sfsi_plus_gutenburg_max_per_row":"","ngg_post_thumbnail":0,"footnotes":""},"categories":[174,99],"tags":[27],"featured_image_urls":{"full":["https:\/\/nsf.pt\/wp-content\/uploads\/2025\/01\/rosenberg.jpg",1335,860,false],"thumbnail":["https:\/\/nsf.pt\/wp-content\/uploads\/2025\/01\/rosenberg-150x150.jpg",150,150,true],"medium":["https:\/\/nsf.pt\/wp-content\/uploads\/2025\/01\/rosenberg-300x193.jpg",300,193,true],"medium_large":["https:\/\/nsf.pt\/wp-content\/uploads\/2025\/01\/rosenberg-768x495.jpg",640,413,true],"large":["https:\/\/nsf.pt\/wp-content\/uploads\/2025\/01\/rosenberg-1024x660.jpg",640,413,true],"1536x1536":["https:\/\/nsf.pt\/wp-content\/uploads\/2025\/01\/rosenberg.jpg",1335,860,false],"2048x2048":["https:\/\/nsf.pt\/wp-content\/uploads\/2025\/01\/rosenberg.jpg",1335,860,false],"covernews-slider-full":["https:\/\/nsf.pt\/wp-content\/uploads\/2025\/01\/rosenberg-1115x715.jpg",1115,715,true],"covernews-slider-center":["https:\/\/nsf.pt\/wp-content\/uploads\/2025\/01\/rosenberg-800x500.jpg",800,500,true],"covernews-featured":["https:\/\/nsf.pt\/wp-content\/uploads\/2025\/01\/rosenberg-1024x660.jpg",1024,660,true],"covernews-medium":["https:\/\/nsf.pt\/wp-content\/uploads\/2025\/01\/rosenberg-540x340.jpg",540,340,true],"covernews-medium-square":["https:\/\/nsf.pt\/wp-content\/uploads\/2025\/01\/rosenberg-400x250.jpg",400,250,true]},"author_info":{"info":["Carlos Ribeiro"]},"category_info":"<a href=\"https:\/\/nsf.pt\/index.php\/category\/especial-sf\/dossies\/\" rel=\"category tag\">DOSSI\u00caS<\/a> <a href=\"https:\/\/nsf.pt\/index.php\/category\/opiniao\/\" rel=\"category tag\">OPINI\u00c3O<\/a>","tag_info":"OPINI\u00c3O","comment_count":"0","_links":{"self":[{"href":"https:\/\/nsf.pt\/index.php\/wp-json\/wp\/v2\/posts\/13532"}],"collection":[{"href":"https:\/\/nsf.pt\/index.php\/wp-json\/wp\/v2\/posts"}],"about":[{"href":"https:\/\/nsf.pt\/index.php\/wp-json\/wp\/v2\/types\/post"}],"author":[{"embeddable":true,"href":"https:\/\/nsf.pt\/index.php\/wp-json\/wp\/v2\/users\/2"}],"replies":[{"embeddable":true,"href":"https:\/\/nsf.pt\/index.php\/wp-json\/wp\/v2\/comments?post=13532"}],"version-history":[{"count":2,"href":"https:\/\/nsf.pt\/index.php\/wp-json\/wp\/v2\/posts\/13532\/revisions"}],"predecessor-version":[{"id":13538,"href":"https:\/\/nsf.pt\/index.php\/wp-json\/wp\/v2\/posts\/13532\/revisions\/13538"}],"wp:featuredmedia":[{"embeddable":true,"href":"https:\/\/nsf.pt\/index.php\/wp-json\/wp\/v2\/media\/13533"}],"wp:attachment":[{"href":"https:\/\/nsf.pt\/index.php\/wp-json\/wp\/v2\/media?parent=13532"}],"wp:term":[{"taxonomy":"category","embeddable":true,"href":"https:\/\/nsf.pt\/index.php\/wp-json\/wp\/v2\/categories?post=13532"},{"taxonomy":"post_tag","embeddable":true,"href":"https:\/\/nsf.pt\/index.php\/wp-json\/wp\/v2\/tags?post=13532"}],"curies":[{"name":"wp","href":"https:\/\/api.w.org\/{rel}","templated":true}]}}