{"id":13552,"date":"2025-01-11T11:34:46","date_gmt":"2025-01-11T11:34:46","guid":{"rendered":"https:\/\/nsf.pt\/?p=13552"},"modified":"2025-01-11T11:34:47","modified_gmt":"2025-01-11T11:34:47","slug":"o-apocalipse-da-imigracao-e-os-seus-cavaleiros-nazis","status":"publish","type":"post","link":"https:\/\/nsf.pt\/index.php\/2025\/01\/11\/o-apocalipse-da-imigracao-e-os-seus-cavaleiros-nazis\/","title":{"rendered":"O Apocalipse da Imigra\u00e7\u00e3o e os seus Cavaleiros Nazis"},"content":{"rendered":"\n<h2 class=\"wp-block-heading\">MAGA (Make America Great Again) da elei\u00e7\u00e3o de Trump \u00e9 a r\u00e9plica do Dutch UbberAlles (a Alemanha acima de tudo) dos nazis.<\/h2>\n\n\n<div class=\"wp-block-post-date\"><time datetime=\"2025-01-11T11:34:46+00:00\">11 de Janeiro, 2025<\/time><\/div>\n\n\n<h2 class=\"wp-block-heading\">Carlos Matos Gomes<\/h2>\n\n\n\n<p>[Editado NSF &#8211; Destaques. imagem e subt\u00edtulo].<\/p>\n\n\n\n<figure class=\"wp-block-image size-full is-resized\"><img decoding=\"async\" loading=\"lazy\" width=\"423\" height=\"426\" src=\"https:\/\/nsf.pt\/wp-content\/uploads\/2025\/01\/carlos-m-1.jpg\" alt=\"\" class=\"wp-image-13553\" style=\"aspect-ratio:0.9929577464788732;width:93px;height:auto\" srcset=\"https:\/\/nsf.pt\/wp-content\/uploads\/2025\/01\/carlos-m-1.jpg 423w, https:\/\/nsf.pt\/wp-content\/uploads\/2025\/01\/carlos-m-1-298x300.jpg 298w, https:\/\/nsf.pt\/wp-content\/uploads\/2025\/01\/carlos-m-1-150x150.jpg 150w\" sizes=\"(max-width: 423px) 100vw, 423px\" \/><\/figure>\n\n\n\n<p><\/p>\n\n\n\n<h3 class=\"wp-block-heading\">Desde o in\u00edcio dos tempos que doen\u00e7as, pragas, ciclones, terramotos, conflitos pol\u00edticos e sociais t\u00eam servido para impor o dom\u00ednio de uma minoria sobre uma maioria.<\/h3>\n\n\n\n<p>O medo, numa adapta\u00e7\u00e3o pessoal de uma cita\u00e7\u00e3o da B\u00edblia, \u00e9 o anzol dos cobardes que a todos apanha e ajunta na sua rede varredoura. (Habacuque). O medo \u00e9 o mais eficaz instrumento de exerc\u00edcio do poder. O medo do outro \u00e9 o mais antigo de entre a vasta pan\u00f3plia de medos. O livro do&nbsp;<em>Apocalipse<\/em>&nbsp;da B\u00edblia anuncia o fim dos tempos com o medo dos outros: \u201cH\u00e1 de se levantar na\u00e7\u00e3o contra na\u00e7\u00e3o e reino contra reino. Haver\u00e1 fome e terramotos em v\u00e1rios lugares. Tudo isso \u00e9 o come\u00e7o das dores.\u201d<\/p>\n\n\n\n<blockquote class=\"wp-block-quote\">\n<p>O \u201cOcidente Global\u201d \u00e9 a designa\u00e7\u00e3o atual da \u201cTerra Prometida\u201d do \u201cpovo eleito\u201d da B\u00edblia, de facto o \u201cOcidente Global\u201d traduz uma delimita\u00e7\u00e3o de territ\u00f3rio t\u00edpica das ideologias suprematistas que justificaram a inquisi\u00e7\u00e3o, a coloniza\u00e7\u00e3o europeia, o colonialismo, o nazismo e o sionismo.<\/p>\n<\/blockquote>\n\n\n\n<p>A elei\u00e7\u00e3o dos imigrantes e da imigra\u00e7\u00e3o como a origem do mal e do fim dos tempos integra-se na estrat\u00e9gia dos grandes poderes que se impuseram nos Estados Unidos e na Europa de criar uma amea\u00e7a para justificar um estado de medo que, por sua vez, leva uma maioria a aceitar a sujei\u00e7\u00e3o a um tirano e a perda de direitos. Uma reedi\u00e7\u00e3o da estrat\u00e9gia utilizada antes da Segunda Guerra pela Alemanha nazi.<\/p>\n\n\n\n<p>Os movimentos que a manipula\u00e7\u00e3o de massas designa melosamente como populistas, nacionalistas, de extrema-direita s\u00e3o reprodu\u00e7\u00f5es atualizadas das ideologias de dom\u00ednio de minorias privilegiadas sobre as maiorias e fazem parte da sua estrat\u00e9gia de poder. O nazismo n\u00e3o est\u00e1 nos uniformes de botas altas, est\u00e1 nos meios de produzir desigualdades.<\/p>\n\n\n\n<p>A elei\u00e7\u00e3o dos imigrantes como fator de medo por parte de Trump nos EUA e por v\u00e1rios movimentos neonazis na Europa que incluem entre outros o Chega em Portugal, o VOX em Espanha, a Liga do Norte, de Salvini, em It\u00e1lia, a AfD na Alemanha, a FN ou o RN de Le Pen, em Fran\u00e7a, o Partido da Independ\u00eancia do Reino Unido (UKIP), de Nigel Farage, o Partido para a Liberdade (PVV), da Holanda, o Fidesz (Uni\u00e3o C\u00edvica H\u00fangara) e o Partido Jobbik da Hungria, o partido cat\u00f3lico Lei e Justi\u00e7a (PiS) da Pol\u00f3nia \u00e9 uma manobra pol\u00edtica de dom\u00ednio levada a cabo pelas oligarquias ocidentais no poder id\u00eantica \u00e0 que noutros tempos reis, papas e banqueiros utilizaram diabolizando os hereges, os c\u00e1taros, as mulheres feiticeiras, os ciganos, os judeus, os socialistas, os comunistas, e ati\u00e7ando contra eles as matilhas dos seus sic\u00e1rios.<\/p>\n\n\n\n<p>A imigra\u00e7\u00e3o e a defesa ordem foram escolhidas como temas centrais a serem explorados politicamente porque os \u201carautos do apocalipse\u201d, como Steve Bannon, o primeiro cardeal de Trump, agora em parceria com Elon Musk, os centros de an\u00e1lise dos grandes bancos e das ag\u00eancias de\u00a0<em>rating<\/em>, os clubes de manipula\u00e7\u00e3o como o Bilderberg, funda\u00e7\u00f5es, ag\u00eancias de informa\u00e7\u00e3o dos estados, igrejas, conclu\u00edram que <\/p>\n\n\n\n<blockquote class=\"wp-block-quote\">\n<p>o \u201cmundo\u201d vai tornar-se um sistema catastr\u00f3fico devido \u00e0 ocorr\u00eancia de tr\u00eas processos simult\u00e2neos, a sobrepopula\u00e7\u00e3o, as calamidades naturais causadas pelas altera\u00e7\u00f5es clim\u00e1ticas, com a diminui\u00e7\u00e3o de terras ar\u00e1veis e a expuls\u00e3o de povos nativos de territ\u00f3rios ricos em mat\u00e9rias primas essenciais \u00e0s novas tecnologias.<\/p>\n<\/blockquote>\n\n\n\n<p>Estes fatores provocar\u00e3o conflitos cuja primeira consequ\u00eancia ser\u00e1, como j\u00e1 acontece, o deslocamento de grandes massas humanas em busca de zonas de sobreviv\u00eancia no \u201cprimeiro mundo\u201d, os Estados Unidos e a Europa. A resposta das oligarquias do \u201cprimeiro mundo\u201d \u00e0 grande onda de ressaca que tem origem no modelo de coloniza\u00e7\u00e3o europeia implantado nas Am\u00e9ricas, Norte e Sul a partir do s\u00e9culo XVII, com o colonialismo em \u00c1frica desde o final do s\u00e9culo XIX e com a partilha do M\u00e9dio Oriente ap\u00f3s a Grande Guerra est\u00e1 a ser, como \u00e9 vis\u00edvel, a cria\u00e7\u00e3o de barreiras f\u00edsicas e legislativas \u00e0 imigra\u00e7\u00e3o e \u00e0 instaura\u00e7\u00e3o no interior do seu espa\u00e7o de regimes que tender\u00e3o para o totalitarismo, cuja primeira fase \u00e9 o estado policial, com o argumento de que apenas um Estado forte (dominado por uma oligarquia), garante a ordem e o modelo social implantado.<\/p>\n\n\n\n<blockquote class=\"wp-block-quote\">\n<p>O processo de dissemina\u00e7\u00e3o da ideologia dos\u00a0<em>neocons<\/em>\u00a0que a partir de Ronald Reagan foi progressivamente tomando conta do\u00a0<em>establishment<\/em>\u00a0americano tem semelhan\u00e7as com a ascens\u00e3o do nazismo e do fascismo no s\u00e9culo XX, incluindo a atribui\u00e7\u00e3o da origem do mal ao outro, os judeus num caso e agora os imigrantes. <\/p>\n<\/blockquote>\n\n\n\n<p>A invoca\u00e7\u00e3o dos direitos de uma ra\u00e7a superior traduzida no lema MAGA (Make America Great Again) da elei\u00e7\u00e3o de Trump \u00e9 a r\u00e9plica do Dutch UbberAlles (a Alemanha acima de tudo) dos nazis. A invoca\u00e7\u00e3o feita pelos hierarcas europeus, dirigentes de estados e de organiza\u00e7\u00f5es, de que as guerras na Ucr\u00e2nia e no M\u00e9dio Oriente em que eles envolveram os seus povos se travam em defesa dos valores europeus, ou ocidentais contra os b\u00e1rbaros que os querem destruir \u00e9 apenas uma vers\u00e3o da mesma ideologia adaptada ao mercado europeu.<\/p>\n\n\n\n<p>A luta contra a imigra\u00e7\u00e3o, a agressividade contra comunidades estrangeiras, os apelos \u00e0 ordem, a limpeza da corrup\u00e7\u00e3o constituem apenas o primeiro passo de uma guerra preventiva de grupos poderosos e dos seus dom\u00ednios e pretende garantir um Estado ao seu servi\u00e7o. O seu Estado.<\/p>\n\n\n\n<p>O discurso da necessidade de mais despesa militar, de luta pela ordem e seguran\u00e7a e contra a imigra\u00e7\u00e3o espalhado pelos movimentos neonazis esconde a realidade que \u00e9 a de nos encontrarmos numa luta entre totalitarismo e democracia.<\/p>\n\n\n\n<blockquote class=\"wp-block-quote\">\n<p>A recente imagem da Rua do Benformoso, com uma forma\u00e7\u00e3o de pol\u00edcias de um lado e um grupo de imigrantes encostados \u00e0 parede do outro \u00e9 a de uma fronteira. <\/p>\n<\/blockquote>\n\n\n\n<p>Ou estamos de um lado, ou do outro. N\u00e3o h\u00e1 ningu\u00e9m no meio.<\/p>\n","protected":false},"excerpt":{"rendered":"<p>MAGA (Make America Great Again) da elei\u00e7\u00e3o de Trump \u00e9 a r\u00e9plica do Dutch UbberAlles&#8230;<\/p>\n","protected":false},"author":2,"featured_media":13554,"comment_status":"open","ping_status":"open","sticky":true,"template":"","format":"standard","meta":{"sfsi_plus_gutenberg_text_before_share":"","sfsi_plus_gutenberg_show_text_before_share":"","sfsi_plus_gutenberg_icon_type":"","sfsi_plus_gutenberg_icon_alignemt":"","sfsi_plus_gutenburg_max_per_row":"","ngg_post_thumbnail":0,"footnotes":""},"categories":[174,99],"tags":[518],"featured_image_urls":{"full":["https:\/\/nsf.pt\/wp-content\/uploads\/2025\/01\/dua.jpg",1041,513,false],"thumbnail":["https:\/\/nsf.pt\/wp-content\/uploads\/2025\/01\/dua-150x150.jpg",150,150,true],"medium":["https:\/\/nsf.pt\/wp-content\/uploads\/2025\/01\/dua-300x148.jpg",300,148,true],"medium_large":["https:\/\/nsf.pt\/wp-content\/uploads\/2025\/01\/dua-768x378.jpg",640,315,true],"large":["https:\/\/nsf.pt\/wp-content\/uploads\/2025\/01\/dua-1024x505.jpg",640,316,true],"1536x1536":["https:\/\/nsf.pt\/wp-content\/uploads\/2025\/01\/dua.jpg",1041,513,false],"2048x2048":["https:\/\/nsf.pt\/wp-content\/uploads\/2025\/01\/dua.jpg",1041,513,false],"covernews-slider-full":["https:\/\/nsf.pt\/wp-content\/uploads\/2025\/01\/dua.jpg",1041,513,false],"covernews-slider-center":["https:\/\/nsf.pt\/wp-content\/uploads\/2025\/01\/dua-800x500.jpg",800,500,true],"covernews-featured":["https:\/\/nsf.pt\/wp-content\/uploads\/2025\/01\/dua-1024x505.jpg",1024,505,true],"covernews-medium":["https:\/\/nsf.pt\/wp-content\/uploads\/2025\/01\/dua-540x340.jpg",540,340,true],"covernews-medium-square":["https:\/\/nsf.pt\/wp-content\/uploads\/2025\/01\/dua-400x250.jpg",400,250,true]},"author_info":{"info":["Carlos Ribeiro"]},"category_info":"<a href=\"https:\/\/nsf.pt\/index.php\/category\/especial-sf\/dossies\/\" rel=\"category tag\">DOSSI\u00caS<\/a> <a href=\"https:\/\/nsf.pt\/index.php\/category\/opiniao\/\" rel=\"category tag\">OPINI\u00c3O<\/a>","tag_info":"OPINI\u00c3O","comment_count":"0","_links":{"self":[{"href":"https:\/\/nsf.pt\/index.php\/wp-json\/wp\/v2\/posts\/13552"}],"collection":[{"href":"https:\/\/nsf.pt\/index.php\/wp-json\/wp\/v2\/posts"}],"about":[{"href":"https:\/\/nsf.pt\/index.php\/wp-json\/wp\/v2\/types\/post"}],"author":[{"embeddable":true,"href":"https:\/\/nsf.pt\/index.php\/wp-json\/wp\/v2\/users\/2"}],"replies":[{"embeddable":true,"href":"https:\/\/nsf.pt\/index.php\/wp-json\/wp\/v2\/comments?post=13552"}],"version-history":[{"count":1,"href":"https:\/\/nsf.pt\/index.php\/wp-json\/wp\/v2\/posts\/13552\/revisions"}],"predecessor-version":[{"id":13555,"href":"https:\/\/nsf.pt\/index.php\/wp-json\/wp\/v2\/posts\/13552\/revisions\/13555"}],"wp:featuredmedia":[{"embeddable":true,"href":"https:\/\/nsf.pt\/index.php\/wp-json\/wp\/v2\/media\/13554"}],"wp:attachment":[{"href":"https:\/\/nsf.pt\/index.php\/wp-json\/wp\/v2\/media?parent=13552"}],"wp:term":[{"taxonomy":"category","embeddable":true,"href":"https:\/\/nsf.pt\/index.php\/wp-json\/wp\/v2\/categories?post=13552"},{"taxonomy":"post_tag","embeddable":true,"href":"https:\/\/nsf.pt\/index.php\/wp-json\/wp\/v2\/tags?post=13552"}],"curies":[{"name":"wp","href":"https:\/\/api.w.org\/{rel}","templated":true}]}}