{"id":13557,"date":"2025-01-12T18:19:53","date_gmt":"2025-01-12T18:19:53","guid":{"rendered":"https:\/\/nsf.pt\/?p=13557"},"modified":"2025-01-12T21:04:29","modified_gmt":"2025-01-12T21:04:29","slug":"saiu-o-tiro-pela-culatra","status":"publish","type":"post","link":"https:\/\/nsf.pt\/index.php\/2025\/01\/12\/saiu-o-tiro-pela-culatra\/","title":{"rendered":"Saiu o tiro pela culatra\u00a0"},"content":{"rendered":"\n<h2 class=\"wp-block-heading\">Milhares na rua contra o clima de medo, o racismo, a xenofobia e as pol\u00edticas anti-imigra\u00e7\u00e3o&nbsp;<\/h2>\n\n\n<div class=\"wp-block-post-date\"><time datetime=\"2025-01-12T18:19:53+00:00\">12 de Janeiro, 2025<\/time><\/div>\n\n\n<p class=\"has-vivid-red-color has-text-color\"><strong>REPORTAGEM &#8211; O NSF na Almirante Reis em Lisboa<\/strong><\/p>\n\n\n\n<h3 class=\"wp-block-heading\">Montenegro navega em \u00e1guas do Chega. Neste terreno a arte de navegar \u00e9 condi\u00e7\u00e3o <em>sine quo non<\/em> para tirar partido da iniciativa. Mas o homem \u00e9 fraco marinheiro. Quer entrar no mar alto, mas n\u00e3o sai da zona costeira e, assim sendo, as suas manobras \u2013 na rua do Benformoso e nos bairros perif\u00e9ricos de Lisboa, entre outros &#8211; acabam por se virar contra o pr\u00f3prio e contra um governo que acerta poucas ou quase nenhumas. Os portugueses v\u00e3o registando.&nbsp;<\/h3>\n\n\n\n<p>Ontem milhares desceram \u00e0 rua. Um cortejo impressionante de residentes em Portugal, nacionais e migrantes de in\u00fameros pa\u00edses, respondeu de forma clara e inequ\u00edvoca \u00e0s tentativas de instalar um sistema repressivo que pode transformar-se, muito rapidamente, numa base para um Estado Policial.&nbsp;<\/p>\n\n\n\n<p>A manifesta\u00e7\u00e3o foi bem mais que uma demonstra\u00e7\u00e3o de protesto. Nela esteve presente um sentido de unidade, uma l\u00f3gica comunit\u00e1ria e de partilha entre povos com voca\u00e7\u00e3o de passar fronteiras para procurar melhores condi\u00e7\u00f5es de vida e de liberdade.&nbsp;<\/p>\n\n\n\n<p>A avenida Almirante Reis e o largo do Martim Moniz passaram a simbolizar uma nova uni\u00e3o. Trata-se de um capital simb\u00f3lico que importa preservar a todo o custo por ser um bem precioso para a nossa vida em comum.&nbsp;<\/p>\n\n\n\n<p><strong>GALERIA<\/strong><\/p>\n\n\n\n<p><em><strong>Fotografias \u00a9 CVR &#8211; NSF<\/strong><\/em><\/p>\n\n\n\n<div style=\"height:31px\" aria-hidden=\"true\" class=\"wp-block-spacer\"><\/div>\n\n\n\n<figure class=\"wp-block-gallery has-nested-images columns-default is-cropped wp-block-gallery-1 is-layout-flex wp-block-gallery-is-layout-flex\">\n<figure class=\"wp-block-image size-large\"><img decoding=\"async\" loading=\"lazy\" width=\"1024\" height=\"768\" data-id=\"13561\" src=\"https:\/\/nsf.pt\/wp-content\/uploads\/2025\/01\/IMG_9361.jpeg\" alt=\"\" class=\"wp-image-13561\" srcset=\"https:\/\/nsf.pt\/wp-content\/uploads\/2025\/01\/IMG_9361.jpeg 1024w, https:\/\/nsf.pt\/wp-content\/uploads\/2025\/01\/IMG_9361-300x225.jpeg 300w, https:\/\/nsf.pt\/wp-content\/uploads\/2025\/01\/IMG_9361-768x576.jpeg 768w\" sizes=\"(max-width: 1024px) 100vw, 1024px\" \/><\/figure>\n\n\n\n<figure class=\"wp-block-image size-large\"><img decoding=\"async\" loading=\"lazy\" width=\"1024\" height=\"768\" data-id=\"13565\" src=\"https:\/\/nsf.pt\/wp-content\/uploads\/2025\/01\/IMG_9381.jpeg\" alt=\"\" class=\"wp-image-13565\" srcset=\"https:\/\/nsf.pt\/wp-content\/uploads\/2025\/01\/IMG_9381.jpeg 1024w, https:\/\/nsf.pt\/wp-content\/uploads\/2025\/01\/IMG_9381-300x225.jpeg 300w, https:\/\/nsf.pt\/wp-content\/uploads\/2025\/01\/IMG_9381-768x576.jpeg 768w\" sizes=\"(max-width: 1024px) 100vw, 1024px\" \/><\/figure>\n\n\n\n<figure class=\"wp-block-image size-large\"><img decoding=\"async\" loading=\"lazy\" width=\"1024\" height=\"768\" data-id=\"13559\" src=\"https:\/\/nsf.pt\/wp-content\/uploads\/2025\/01\/IMG_9382.jpeg\" alt=\"\" class=\"wp-image-13559\" srcset=\"https:\/\/nsf.pt\/wp-content\/uploads\/2025\/01\/IMG_9382.jpeg 1024w, https:\/\/nsf.pt\/wp-content\/uploads\/2025\/01\/IMG_9382-300x225.jpeg 300w, https:\/\/nsf.pt\/wp-content\/uploads\/2025\/01\/IMG_9382-768x576.jpeg 768w\" sizes=\"(max-width: 1024px) 100vw, 1024px\" \/><\/figure>\n\n\n\n<figure class=\"wp-block-image size-large\"><img decoding=\"async\" loading=\"lazy\" width=\"1024\" height=\"768\" data-id=\"13562\" src=\"https:\/\/nsf.pt\/wp-content\/uploads\/2025\/01\/IMG_9442.jpeg\" alt=\"\" class=\"wp-image-13562\" srcset=\"https:\/\/nsf.pt\/wp-content\/uploads\/2025\/01\/IMG_9442.jpeg 1024w, https:\/\/nsf.pt\/wp-content\/uploads\/2025\/01\/IMG_9442-300x225.jpeg 300w, https:\/\/nsf.pt\/wp-content\/uploads\/2025\/01\/IMG_9442-768x576.jpeg 768w\" sizes=\"(max-width: 1024px) 100vw, 1024px\" \/><\/figure>\n\n\n\n<figure class=\"wp-block-image size-large\"><img decoding=\"async\" loading=\"lazy\" width=\"1024\" height=\"768\" data-id=\"13564\" src=\"https:\/\/nsf.pt\/wp-content\/uploads\/2025\/01\/IMG_9457.jpeg\" alt=\"\" class=\"wp-image-13564\" srcset=\"https:\/\/nsf.pt\/wp-content\/uploads\/2025\/01\/IMG_9457.jpeg 1024w, https:\/\/nsf.pt\/wp-content\/uploads\/2025\/01\/IMG_9457-300x225.jpeg 300w, https:\/\/nsf.pt\/wp-content\/uploads\/2025\/01\/IMG_9457-768x576.jpeg 768w\" sizes=\"(max-width: 1024px) 100vw, 1024px\" \/><\/figure>\n\n\n\n<figure class=\"wp-block-image size-large\"><img decoding=\"async\" loading=\"lazy\" width=\"1024\" height=\"768\" data-id=\"13558\" src=\"https:\/\/nsf.pt\/wp-content\/uploads\/2025\/01\/IMG_9484.jpeg\" alt=\"\" class=\"wp-image-13558\" srcset=\"https:\/\/nsf.pt\/wp-content\/uploads\/2025\/01\/IMG_9484.jpeg 1024w, https:\/\/nsf.pt\/wp-content\/uploads\/2025\/01\/IMG_9484-300x225.jpeg 300w, https:\/\/nsf.pt\/wp-content\/uploads\/2025\/01\/IMG_9484-768x576.jpeg 768w\" sizes=\"(max-width: 1024px) 100vw, 1024px\" \/><\/figure>\n\n\n\n<figure class=\"wp-block-image size-large\"><img decoding=\"async\" loading=\"lazy\" width=\"1024\" height=\"768\" data-id=\"13563\" src=\"https:\/\/nsf.pt\/wp-content\/uploads\/2025\/01\/IMG_9489.jpeg\" alt=\"\" class=\"wp-image-13563\" srcset=\"https:\/\/nsf.pt\/wp-content\/uploads\/2025\/01\/IMG_9489.jpeg 1024w, https:\/\/nsf.pt\/wp-content\/uploads\/2025\/01\/IMG_9489-300x225.jpeg 300w, https:\/\/nsf.pt\/wp-content\/uploads\/2025\/01\/IMG_9489-768x576.jpeg 768w\" sizes=\"(max-width: 1024px) 100vw, 1024px\" \/><\/figure>\n\n\n\n<figure class=\"wp-block-image size-large\"><img decoding=\"async\" loading=\"lazy\" width=\"1024\" height=\"768\" data-id=\"13560\" src=\"https:\/\/nsf.pt\/wp-content\/uploads\/2025\/01\/IMG_9492.jpeg\" alt=\"\" class=\"wp-image-13560\" srcset=\"https:\/\/nsf.pt\/wp-content\/uploads\/2025\/01\/IMG_9492.jpeg 1024w, https:\/\/nsf.pt\/wp-content\/uploads\/2025\/01\/IMG_9492-300x225.jpeg 300w, https:\/\/nsf.pt\/wp-content\/uploads\/2025\/01\/IMG_9492-768x576.jpeg 768w\" sizes=\"(max-width: 1024px) 100vw, 1024px\" \/><\/figure>\n<\/figure>\n\n\n\n<p><\/p>\n","protected":false},"excerpt":{"rendered":"<p>Milhares na rua contra o clima de medo, o racismo, a xenofobia e as pol\u00edticas&#8230;<\/p>\n","protected":false},"author":2,"featured_media":13566,"comment_status":"open","ping_status":"open","sticky":true,"template":"","format":"standard","meta":{"sfsi_plus_gutenberg_text_before_share":"","sfsi_plus_gutenberg_show_text_before_share":"","sfsi_plus_gutenberg_icon_type":"","sfsi_plus_gutenberg_icon_alignemt":"","sfsi_plus_gutenburg_max_per_row":"","ngg_post_thumbnail":0,"footnotes":""},"categories":[238,374],"tags":[619],"featured_image_urls":{"full":["https:\/\/nsf.pt\/wp-content\/uploads\/2025\/01\/CHILE.jpg",1259,793,false],"thumbnail":["https:\/\/nsf.pt\/wp-content\/uploads\/2025\/01\/CHILE-150x150.jpg",150,150,true],"medium":["https:\/\/nsf.pt\/wp-content\/uploads\/2025\/01\/CHILE-300x189.jpg",300,189,true],"medium_large":["https:\/\/nsf.pt\/wp-content\/uploads\/2025\/01\/CHILE-768x484.jpg",640,403,true],"large":["https:\/\/nsf.pt\/wp-content\/uploads\/2025\/01\/CHILE-1024x645.jpg",640,403,true],"1536x1536":["https:\/\/nsf.pt\/wp-content\/uploads\/2025\/01\/CHILE.jpg",1259,793,false],"2048x2048":["https:\/\/nsf.pt\/wp-content\/uploads\/2025\/01\/CHILE.jpg",1259,793,false],"covernews-slider-full":["https:\/\/nsf.pt\/wp-content\/uploads\/2025\/01\/CHILE-1115x715.jpg",1115,715,true],"covernews-slider-center":["https:\/\/nsf.pt\/wp-content\/uploads\/2025\/01\/CHILE-800x500.jpg",800,500,true],"covernews-featured":["https:\/\/nsf.pt\/wp-content\/uploads\/2025\/01\/CHILE-1024x645.jpg",1024,645,true],"covernews-medium":["https:\/\/nsf.pt\/wp-content\/uploads\/2025\/01\/CHILE-540x340.jpg",540,340,true],"covernews-medium-square":["https:\/\/nsf.pt\/wp-content\/uploads\/2025\/01\/CHILE-400x250.jpg",400,250,true]},"author_info":{"info":["Carlos Ribeiro"]},"category_info":"<a href=\"https:\/\/nsf.pt\/index.php\/category\/destaque\/\" rel=\"category tag\">DESTAQUE<\/a> <a href=\"https:\/\/nsf.pt\/index.php\/category\/evento-central\/\" rel=\"category tag\">EVENTO CENTRAL<\/a>","tag_info":"EVENTO CENTRAL","comment_count":"0","_links":{"self":[{"href":"https:\/\/nsf.pt\/index.php\/wp-json\/wp\/v2\/posts\/13557"}],"collection":[{"href":"https:\/\/nsf.pt\/index.php\/wp-json\/wp\/v2\/posts"}],"about":[{"href":"https:\/\/nsf.pt\/index.php\/wp-json\/wp\/v2\/types\/post"}],"author":[{"embeddable":true,"href":"https:\/\/nsf.pt\/index.php\/wp-json\/wp\/v2\/users\/2"}],"replies":[{"embeddable":true,"href":"https:\/\/nsf.pt\/index.php\/wp-json\/wp\/v2\/comments?post=13557"}],"version-history":[{"count":3,"href":"https:\/\/nsf.pt\/index.php\/wp-json\/wp\/v2\/posts\/13557\/revisions"}],"predecessor-version":[{"id":13612,"href":"https:\/\/nsf.pt\/index.php\/wp-json\/wp\/v2\/posts\/13557\/revisions\/13612"}],"wp:featuredmedia":[{"embeddable":true,"href":"https:\/\/nsf.pt\/index.php\/wp-json\/wp\/v2\/media\/13566"}],"wp:attachment":[{"href":"https:\/\/nsf.pt\/index.php\/wp-json\/wp\/v2\/media?parent=13557"}],"wp:term":[{"taxonomy":"category","embeddable":true,"href":"https:\/\/nsf.pt\/index.php\/wp-json\/wp\/v2\/categories?post=13557"},{"taxonomy":"post_tag","embeddable":true,"href":"https:\/\/nsf.pt\/index.php\/wp-json\/wp\/v2\/tags?post=13557"}],"curies":[{"name":"wp","href":"https:\/\/api.w.org\/{rel}","templated":true}]}}