{"id":13574,"date":"2025-01-12T19:58:32","date_gmt":"2025-01-12T19:58:32","guid":{"rendered":"https:\/\/nsf.pt\/?p=13574"},"modified":"2025-01-12T20:56:17","modified_gmt":"2025-01-12T20:56:17","slug":"nao-nos-encostem-nem-a-parede-nem-a-um-portugal-retrogrado-e-violento","status":"publish","type":"post","link":"https:\/\/nsf.pt\/index.php\/2025\/01\/12\/nao-nos-encostem-nem-a-parede-nem-a-um-portugal-retrogrado-e-violento\/","title":{"rendered":"N\u00e3o nos encostem, nem \u00e0 parede nem a um Portugal retr\u00f3grado e violento\u00a0"},"content":{"rendered":"\n<h2 class=\"wp-block-heading\">Imigrantes de todas as origens deram voz \u00e0 sua indigna\u00e7\u00e3o em sintonia com milhares de cidad\u00e3os antirracistas<\/h2>\n\n\n\n<p class=\"has-vivid-red-color has-text-color\">REPORTAGEM &#8211; O NSF na Almirante Reis em Lisboa<\/p>\n\n\n<div class=\"wp-block-post-date\"><time datetime=\"2025-01-12T19:58:32+00:00\">12 de Janeiro, 2025<\/time><\/div>\n\n\n<h3 class=\"wp-block-heading\">Foi necessariamente a palavra-de-ordem que uniu todos e todas as participantes no desfile que desceu a Almirante Reis, avenida que acabou por se transformar num gigantesco cen\u00e1rio que acolheu um mosaico de faixas e de bandeiras de todas as cores e feitio.<\/h3>\n\n\n\n<p>A for\u00e7a do protesto e da reclama\u00e7\u00e3o foi proporcional \u00e0 indignidade ocorrida na rua do Benformoso onde v\u00e1rios imigrantes declararam que n\u00e3o receavam a presen\u00e7a e a a\u00e7\u00e3o da pol\u00edcia mas n\u00e3o podiam aceitar serem colocados numa situa\u00e7\u00e3o relacionada com atividades criminosas e, na circunst\u00e2ncia, serem vistos pelos seus familiares nesta posi\u00e7\u00e3o pr\u00f3pria da pr\u00e9-deten\u00e7\u00e3o de criminosos.&nbsp;<\/p>\n\n\n\n<div style=\"height:24px\" aria-hidden=\"true\" class=\"wp-block-spacer\"><\/div>\n\n\n\n<figure class=\"wp-block-gallery has-nested-images columns-default is-cropped wp-block-gallery-1 is-layout-flex wp-block-gallery-is-layout-flex\">\n<figure class=\"wp-block-image size-large\"><img decoding=\"async\" loading=\"lazy\" width=\"1024\" height=\"768\" data-id=\"13575\" src=\"https:\/\/nsf.pt\/wp-content\/uploads\/2025\/01\/IMG_9363.jpeg\" alt=\"\" class=\"wp-image-13575\" srcset=\"https:\/\/nsf.pt\/wp-content\/uploads\/2025\/01\/IMG_9363.jpeg 1024w, https:\/\/nsf.pt\/wp-content\/uploads\/2025\/01\/IMG_9363-300x225.jpeg 300w, https:\/\/nsf.pt\/wp-content\/uploads\/2025\/01\/IMG_9363-768x576.jpeg 768w\" sizes=\"(max-width: 1024px) 100vw, 1024px\" \/><\/figure>\n\n\n\n<figure class=\"wp-block-image size-large\"><img decoding=\"async\" loading=\"lazy\" width=\"1024\" height=\"768\" data-id=\"13576\" src=\"https:\/\/nsf.pt\/wp-content\/uploads\/2025\/01\/IMG_9383.jpeg\" alt=\"\" class=\"wp-image-13576\" srcset=\"https:\/\/nsf.pt\/wp-content\/uploads\/2025\/01\/IMG_9383.jpeg 1024w, https:\/\/nsf.pt\/wp-content\/uploads\/2025\/01\/IMG_9383-300x225.jpeg 300w, https:\/\/nsf.pt\/wp-content\/uploads\/2025\/01\/IMG_9383-768x576.jpeg 768w\" sizes=\"(max-width: 1024px) 100vw, 1024px\" \/><\/figure>\n<\/figure>\n\n\n\n<p>A diversidade e a combatividade uma marca desta manifesta\u00e7\u00e3o que ficar\u00e1 para a hist\u00f3ria.<\/p>\n\n\n\n<p><\/p>\n\n\n\n<h2 class=\"wp-block-heading\">Mais pol\u00edcias que manifestantes<\/h2>\n\n\n\n<p>Na Alameda Afonso Henriques um grupelho de neonazis tentou dar nas vistas e simulou uma concentra\u00e7\u00e3o com recursos de comunica\u00e7\u00e3o organizados de forma profissional. O investimento realizado em faixas, pequenos pain\u00e9is publicit\u00e1rios e som com qualidade n\u00e3o se ter\u00e1 justificado. Afinal havia mais pol\u00edcias que manifestantes e os apoiantes do PNR podiam circular \u00e0 vontade por detr\u00e1s das faixas sem terem problemas de andar \u00e0s cotoveladas. &nbsp;<\/p>\n\n\n\n<p>Os discursos e a atua\u00e7\u00e3o dos neonazis surgiram como rid\u00edculas quando a manifesta\u00e7\u00e3o da avenida come\u00e7ou a engrossar com centenas de presentes ainda antes das 15h00 e com milhares quando o desfile come\u00e7ou a dirigir-se para o Marim Moniz.&nbsp;<\/p>\n\n\n\n<div style=\"height:25px\" aria-hidden=\"true\" class=\"wp-block-spacer\"><\/div>\n\n\n\n<figure class=\"wp-block-gallery has-nested-images columns-default is-cropped wp-block-gallery-3 is-layout-flex wp-block-gallery-is-layout-flex\">\n<figure class=\"wp-block-image size-large\"><img decoding=\"async\" loading=\"lazy\" width=\"1024\" height=\"768\" data-id=\"13581\" src=\"https:\/\/nsf.pt\/wp-content\/uploads\/2025\/01\/IMG_9335.jpeg\" alt=\"\" class=\"wp-image-13581\" srcset=\"https:\/\/nsf.pt\/wp-content\/uploads\/2025\/01\/IMG_9335.jpeg 1024w, https:\/\/nsf.pt\/wp-content\/uploads\/2025\/01\/IMG_9335-300x225.jpeg 300w, https:\/\/nsf.pt\/wp-content\/uploads\/2025\/01\/IMG_9335-768x576.jpeg 768w\" sizes=\"(max-width: 1024px) 100vw, 1024px\" \/><\/figure>\n\n\n\n<figure class=\"wp-block-image size-large\"><img decoding=\"async\" loading=\"lazy\" width=\"1024\" height=\"768\" data-id=\"13582\" src=\"https:\/\/nsf.pt\/wp-content\/uploads\/2025\/01\/IMG_9340.jpeg\" alt=\"\" class=\"wp-image-13582\" srcset=\"https:\/\/nsf.pt\/wp-content\/uploads\/2025\/01\/IMG_9340.jpeg 1024w, https:\/\/nsf.pt\/wp-content\/uploads\/2025\/01\/IMG_9340-300x225.jpeg 300w, https:\/\/nsf.pt\/wp-content\/uploads\/2025\/01\/IMG_9340-768x576.jpeg 768w\" sizes=\"(max-width: 1024px) 100vw, 1024px\" \/><\/figure>\n\n\n\n<figure class=\"wp-block-image size-large\"><img decoding=\"async\" loading=\"lazy\" width=\"1024\" height=\"768\" data-id=\"13584\" src=\"https:\/\/nsf.pt\/wp-content\/uploads\/2025\/01\/IMG_9345.jpeg\" alt=\"\" class=\"wp-image-13584\" srcset=\"https:\/\/nsf.pt\/wp-content\/uploads\/2025\/01\/IMG_9345.jpeg 1024w, https:\/\/nsf.pt\/wp-content\/uploads\/2025\/01\/IMG_9345-300x225.jpeg 300w, https:\/\/nsf.pt\/wp-content\/uploads\/2025\/01\/IMG_9345-768x576.jpeg 768w\" sizes=\"(max-width: 1024px) 100vw, 1024px\" \/><\/figure>\n<\/figure>\n\n\n\n<p>Um discurso de \u00f3dio e de agressividade que acarretou custos elevados de policiamento pagos pelos contribuintes.<\/p>\n\n\n\n<p>Fotos \u00a9 CVR\/NSF<\/p>\n","protected":false},"excerpt":{"rendered":"<p>Imigrantes de todas as origens deram voz \u00e0 sua indigna\u00e7\u00e3o em sintonia com milhares de&#8230;<\/p>\n","protected":false},"author":2,"featured_media":13586,"comment_status":"open","ping_status":"open","sticky":true,"template":"","format":"standard","meta":{"sfsi_plus_gutenberg_text_before_share":"","sfsi_plus_gutenberg_show_text_before_share":"","sfsi_plus_gutenberg_icon_type":"","sfsi_plus_gutenberg_icon_alignemt":"","sfsi_plus_gutenburg_max_per_row":"","ngg_post_thumbnail":0,"footnotes":""},"categories":[374],"tags":[619],"featured_image_urls":{"full":["https:\/\/nsf.pt\/wp-content\/uploads\/2025\/01\/nunca-mais.jpg",1715,842,false],"thumbnail":["https:\/\/nsf.pt\/wp-content\/uploads\/2025\/01\/nunca-mais-150x150.jpg",150,150,true],"medium":["https:\/\/nsf.pt\/wp-content\/uploads\/2025\/01\/nunca-mais-300x147.jpg",300,147,true],"medium_large":["https:\/\/nsf.pt\/wp-content\/uploads\/2025\/01\/nunca-mais-768x377.jpg",640,314,true],"large":["https:\/\/nsf.pt\/wp-content\/uploads\/2025\/01\/nunca-mais-1024x503.jpg",640,314,true],"1536x1536":["https:\/\/nsf.pt\/wp-content\/uploads\/2025\/01\/nunca-mais-1536x754.jpg",1536,754,true],"2048x2048":["https:\/\/nsf.pt\/wp-content\/uploads\/2025\/01\/nunca-mais.jpg",1715,842,false],"covernews-slider-full":["https:\/\/nsf.pt\/wp-content\/uploads\/2025\/01\/nunca-mais-1115x715.jpg",1115,715,true],"covernews-slider-center":["https:\/\/nsf.pt\/wp-content\/uploads\/2025\/01\/nunca-mais-800x500.jpg",800,500,true],"covernews-featured":["https:\/\/nsf.pt\/wp-content\/uploads\/2025\/01\/nunca-mais-1024x503.jpg",1024,503,true],"covernews-medium":["https:\/\/nsf.pt\/wp-content\/uploads\/2025\/01\/nunca-mais-540x340.jpg",540,340,true],"covernews-medium-square":["https:\/\/nsf.pt\/wp-content\/uploads\/2025\/01\/nunca-mais-400x250.jpg",400,250,true]},"author_info":{"info":["Carlos Ribeiro"]},"category_info":"<a href=\"https:\/\/nsf.pt\/index.php\/category\/evento-central\/\" rel=\"category tag\">EVENTO CENTRAL<\/a>","tag_info":"EVENTO CENTRAL","comment_count":"0","_links":{"self":[{"href":"https:\/\/nsf.pt\/index.php\/wp-json\/wp\/v2\/posts\/13574"}],"collection":[{"href":"https:\/\/nsf.pt\/index.php\/wp-json\/wp\/v2\/posts"}],"about":[{"href":"https:\/\/nsf.pt\/index.php\/wp-json\/wp\/v2\/types\/post"}],"author":[{"embeddable":true,"href":"https:\/\/nsf.pt\/index.php\/wp-json\/wp\/v2\/users\/2"}],"replies":[{"embeddable":true,"href":"https:\/\/nsf.pt\/index.php\/wp-json\/wp\/v2\/comments?post=13574"}],"version-history":[{"count":4,"href":"https:\/\/nsf.pt\/index.php\/wp-json\/wp\/v2\/posts\/13574\/revisions"}],"predecessor-version":[{"id":13610,"href":"https:\/\/nsf.pt\/index.php\/wp-json\/wp\/v2\/posts\/13574\/revisions\/13610"}],"wp:featuredmedia":[{"embeddable":true,"href":"https:\/\/nsf.pt\/index.php\/wp-json\/wp\/v2\/media\/13586"}],"wp:attachment":[{"href":"https:\/\/nsf.pt\/index.php\/wp-json\/wp\/v2\/media?parent=13574"}],"wp:term":[{"taxonomy":"category","embeddable":true,"href":"https:\/\/nsf.pt\/index.php\/wp-json\/wp\/v2\/categories?post=13574"},{"taxonomy":"post_tag","embeddable":true,"href":"https:\/\/nsf.pt\/index.php\/wp-json\/wp\/v2\/tags?post=13574"}],"curies":[{"name":"wp","href":"https:\/\/api.w.org\/{rel}","templated":true}]}}