{"id":13589,"date":"2025-01-12T20:51:32","date_gmt":"2025-01-12T20:51:32","guid":{"rendered":"https:\/\/nsf.pt\/?p=13589"},"modified":"2025-01-12T20:56:58","modified_gmt":"2025-01-12T20:56:58","slug":"partidos-de-esquerda-e-associacoes-unidos-na-rua","status":"publish","type":"post","link":"https:\/\/nsf.pt\/index.php\/2025\/01\/12\/partidos-de-esquerda-e-associacoes-unidos-na-rua\/","title":{"rendered":"Partidos de esquerda e associa\u00e7\u00f5es unidos na rua\u00a0"},"content":{"rendered":"\n<h2 class=\"wp-block-heading\">O sentido unit\u00e1rio predominou em toda a linha e o ambiente foi de festa e de luta<\/h2>\n\n\n<div class=\"wp-block-post-date\"><time datetime=\"2025-01-12T20:51:32+00:00\">12 de Janeiro, 2025<\/time><\/div>\n\n\n<p class=\"has-vivid-red-color has-text-color\"><strong>REPORTAGEM &#8211; O NSF na Almirante Reis em Lisboa<\/strong><\/p>\n\n\n\n<h3 class=\"wp-block-heading\">Em alguns casos foram as Juventudes a representar os partidos noutros foram os agrupamentos partid\u00e1rios de forma plena a assumir a presen\u00e7a. De qualquer forma as figuras p\u00fablicas que desfilaram na avenida confirmaram de forma inequ\u00edvoca a inten\u00e7\u00e3o de atribuir um valor pol\u00edtico muito relevante \u00e0 manifesta\u00e7\u00e3o do dia 11 de janeiro 2024.&nbsp;<\/h3>\n\n\n\n<p>Bloco de Esquerda, Livre, PAN, Partido Comunista Portugu\u00eas e Partido Socialista &nbsp;integraram de forma ativa mas discreta esta plataforma de a\u00e7\u00e3o que foi liderada pelas organiza\u00e7\u00f5es de imigrantes, associa\u00e7\u00f5es antirracistas, movimentos diversosm de protesto e de reivindica\u00e7\u00e3o. &nbsp;<\/p>\n\n\n\n<div style=\"height:18px\" aria-hidden=\"true\" class=\"wp-block-spacer\"><\/div>\n\n\n\n<figure class=\"wp-block-gallery has-nested-images columns-default is-cropped wp-block-gallery-1 is-layout-flex wp-block-gallery-is-layout-flex\">\n<figure class=\"wp-block-image size-large\"><img decoding=\"async\" loading=\"lazy\" width=\"1024\" height=\"768\" data-id=\"13590\" src=\"https:\/\/nsf.pt\/wp-content\/uploads\/2025\/01\/IMG_9356.jpeg\" alt=\"\" class=\"wp-image-13590\" srcset=\"https:\/\/nsf.pt\/wp-content\/uploads\/2025\/01\/IMG_9356.jpeg 1024w, https:\/\/nsf.pt\/wp-content\/uploads\/2025\/01\/IMG_9356-300x225.jpeg 300w, https:\/\/nsf.pt\/wp-content\/uploads\/2025\/01\/IMG_9356-768x576.jpeg 768w\" sizes=\"(max-width: 1024px) 100vw, 1024px\" \/><\/figure>\n\n\n\n<figure class=\"wp-block-image size-large\"><img decoding=\"async\" loading=\"lazy\" width=\"1024\" height=\"768\" data-id=\"13592\" src=\"https:\/\/nsf.pt\/wp-content\/uploads\/2025\/01\/IMG_9393.jpeg\" alt=\"\" class=\"wp-image-13592\" srcset=\"https:\/\/nsf.pt\/wp-content\/uploads\/2025\/01\/IMG_9393.jpeg 1024w, https:\/\/nsf.pt\/wp-content\/uploads\/2025\/01\/IMG_9393-300x225.jpeg 300w, https:\/\/nsf.pt\/wp-content\/uploads\/2025\/01\/IMG_9393-768x576.jpeg 768w\" sizes=\"(max-width: 1024px) 100vw, 1024px\" \/><\/figure>\n\n\n\n<figure class=\"wp-block-image size-large\"><img decoding=\"async\" loading=\"lazy\" width=\"1024\" height=\"768\" data-id=\"13591\" src=\"https:\/\/nsf.pt\/wp-content\/uploads\/2025\/01\/IMG_9396.jpeg\" alt=\"\" class=\"wp-image-13591\" srcset=\"https:\/\/nsf.pt\/wp-content\/uploads\/2025\/01\/IMG_9396.jpeg 1024w, https:\/\/nsf.pt\/wp-content\/uploads\/2025\/01\/IMG_9396-300x225.jpeg 300w, https:\/\/nsf.pt\/wp-content\/uploads\/2025\/01\/IMG_9396-768x576.jpeg 768w\" sizes=\"(max-width: 1024px) 100vw, 1024px\" \/><\/figure>\n\n\n\n<figure class=\"wp-block-image size-large\"><img decoding=\"async\" loading=\"lazy\" width=\"1024\" height=\"768\" data-id=\"13594\" src=\"https:\/\/nsf.pt\/wp-content\/uploads\/2025\/01\/IMG_9400.jpeg\" alt=\"\" class=\"wp-image-13594\" srcset=\"https:\/\/nsf.pt\/wp-content\/uploads\/2025\/01\/IMG_9400.jpeg 1024w, https:\/\/nsf.pt\/wp-content\/uploads\/2025\/01\/IMG_9400-300x225.jpeg 300w, https:\/\/nsf.pt\/wp-content\/uploads\/2025\/01\/IMG_9400-768x576.jpeg 768w\" sizes=\"(max-width: 1024px) 100vw, 1024px\" \/><\/figure>\n\n\n\n<figure class=\"wp-block-image size-large\"><img decoding=\"async\" loading=\"lazy\" width=\"1024\" height=\"768\" data-id=\"13595\" src=\"https:\/\/nsf.pt\/wp-content\/uploads\/2025\/01\/IMG_9412.jpeg\" alt=\"\" class=\"wp-image-13595\" srcset=\"https:\/\/nsf.pt\/wp-content\/uploads\/2025\/01\/IMG_9412.jpeg 1024w, https:\/\/nsf.pt\/wp-content\/uploads\/2025\/01\/IMG_9412-300x225.jpeg 300w, https:\/\/nsf.pt\/wp-content\/uploads\/2025\/01\/IMG_9412-768x576.jpeg 768w\" sizes=\"(max-width: 1024px) 100vw, 1024px\" \/><\/figure>\n\n\n\n<figure class=\"wp-block-image size-large\"><img decoding=\"async\" loading=\"lazy\" width=\"1024\" height=\"768\" data-id=\"13593\" src=\"https:\/\/nsf.pt\/wp-content\/uploads\/2025\/01\/IMG_9414.jpeg\" alt=\"\" class=\"wp-image-13593\" srcset=\"https:\/\/nsf.pt\/wp-content\/uploads\/2025\/01\/IMG_9414.jpeg 1024w, https:\/\/nsf.pt\/wp-content\/uploads\/2025\/01\/IMG_9414-300x225.jpeg 300w, https:\/\/nsf.pt\/wp-content\/uploads\/2025\/01\/IMG_9414-768x576.jpeg 768w\" sizes=\"(max-width: 1024px) 100vw, 1024px\" \/><\/figure>\n<\/figure>\n\n\n\n<p>[N\u00e3o conseguimos registar imagens do PAN]<\/p>\n\n\n\n<div style=\"height:18px\" aria-hidden=\"true\" class=\"wp-block-spacer\"><\/div>\n\n\n\n<h2 class=\"wp-block-heading\">Espa\u00e7o de express\u00e3o individual&nbsp;<\/h2>\n\n\n\n<p>Foram muitas as formas de expressar no seio do desfile ideias, opini\u00f5es, propostas, declara\u00e7\u00f5es, sentimentos, enfim toda uma pan\u00f3plia de abordagens aos temas do evento que, pela sua diversidade e at\u00e9 originalidade, acabaram por romper com os formatos convencionais e ultraorgaizados que predominam nas manifesta\u00e7\u00f5es. Algumas dessas manifesta\u00e7\u00f5es escritas ou orais tinham um cunho individual e refor\u00e7avam o sentido de liberdade e diversidade presente,&nbsp;<\/p>\n\n\n\n<p>A festa tornou-se parte integrante da din\u00e2mica do desfile devendo neste campo ser atribu\u00eddo todo o m\u00e9rito aos m\u00fasicos e animadores que resistiram na sua atividade do princ\u00edpio ao fim da manifesta\u00e7\u00e3o.&nbsp;<\/p>\n\n\n\n<div style=\"height:30px\" aria-hidden=\"true\" class=\"wp-block-spacer\"><\/div>\n\n\n\n<figure class=\"wp-block-gallery has-nested-images columns-default is-cropped wp-block-gallery-3 is-layout-flex wp-block-gallery-is-layout-flex\">\n<figure class=\"wp-block-image size-large\"><img decoding=\"async\" loading=\"lazy\" width=\"1024\" height=\"768\" data-id=\"13596\" src=\"https:\/\/nsf.pt\/wp-content\/uploads\/2025\/01\/IMG_9353.jpg\" alt=\"\" class=\"wp-image-13596\" srcset=\"https:\/\/nsf.pt\/wp-content\/uploads\/2025\/01\/IMG_9353.jpg 1024w, https:\/\/nsf.pt\/wp-content\/uploads\/2025\/01\/IMG_9353-300x225.jpg 300w, https:\/\/nsf.pt\/wp-content\/uploads\/2025\/01\/IMG_9353-768x576.jpg 768w\" sizes=\"(max-width: 1024px) 100vw, 1024px\" \/><\/figure>\n\n\n\n<figure class=\"wp-block-image size-large\"><img decoding=\"async\" loading=\"lazy\" width=\"1024\" height=\"768\" data-id=\"13598\" src=\"https:\/\/nsf.pt\/wp-content\/uploads\/2025\/01\/IMG_9404.jpg\" alt=\"\" class=\"wp-image-13598\" srcset=\"https:\/\/nsf.pt\/wp-content\/uploads\/2025\/01\/IMG_9404.jpg 1024w, https:\/\/nsf.pt\/wp-content\/uploads\/2025\/01\/IMG_9404-300x225.jpg 300w, https:\/\/nsf.pt\/wp-content\/uploads\/2025\/01\/IMG_9404-768x576.jpg 768w\" sizes=\"(max-width: 1024px) 100vw, 1024px\" \/><\/figure>\n\n\n\n<figure class=\"wp-block-image size-large\"><img decoding=\"async\" loading=\"lazy\" width=\"1024\" height=\"768\" data-id=\"13597\" src=\"https:\/\/nsf.pt\/wp-content\/uploads\/2025\/01\/IMG_9423.jpg\" alt=\"\" class=\"wp-image-13597\" srcset=\"https:\/\/nsf.pt\/wp-content\/uploads\/2025\/01\/IMG_9423.jpg 1024w, https:\/\/nsf.pt\/wp-content\/uploads\/2025\/01\/IMG_9423-300x225.jpg 300w, https:\/\/nsf.pt\/wp-content\/uploads\/2025\/01\/IMG_9423-768x576.jpg 768w\" sizes=\"(max-width: 1024px) 100vw, 1024px\" \/><\/figure>\n\n\n\n<figure class=\"wp-block-image size-large\"><img decoding=\"async\" loading=\"lazy\" width=\"1024\" height=\"768\" data-id=\"13599\" src=\"https:\/\/nsf.pt\/wp-content\/uploads\/2025\/01\/IMG_9419.jpg\" alt=\"\" class=\"wp-image-13599\" srcset=\"https:\/\/nsf.pt\/wp-content\/uploads\/2025\/01\/IMG_9419.jpg 1024w, https:\/\/nsf.pt\/wp-content\/uploads\/2025\/01\/IMG_9419-300x225.jpg 300w, https:\/\/nsf.pt\/wp-content\/uploads\/2025\/01\/IMG_9419-768x576.jpg 768w\" sizes=\"(max-width: 1024px) 100vw, 1024px\" \/><\/figure>\n<\/figure>\n\n\n\n<div style=\"height:32px\" aria-hidden=\"true\" class=\"wp-block-spacer\"><\/div>\n\n\n\n<h2 class=\"wp-block-heading\">Final no Martim Moniz&nbsp;<\/h2>\n\n\n\n<p>Depois de percorrer toda a avenida restava aos manifestantes ocuparem posi\u00e7\u00e3o no largo que tem estado no centro das aten\u00e7\u00f5es, o Martim Moniz, e ouvir as declara\u00e7\u00f5es finais dos organizadores. Entretanto a noite que espreitava na fase final do desfile acabou por cair e a festa coletiva vincou esta jornada marcada por um grande sentimento de uni\u00e3o.&nbsp;<\/p>\n\n\n\n<div style=\"height:25px\" aria-hidden=\"true\" class=\"wp-block-spacer\"><\/div>\n\n\n\n<figure class=\"wp-block-gallery has-nested-images columns-default is-cropped wp-block-gallery-5 is-layout-flex wp-block-gallery-is-layout-flex\">\n<figure class=\"wp-block-image size-large\"><img decoding=\"async\" loading=\"lazy\" width=\"1024\" height=\"768\" data-id=\"13604\" src=\"https:\/\/nsf.pt\/wp-content\/uploads\/2025\/01\/IMG_9490.jpg\" alt=\"\" class=\"wp-image-13604\" srcset=\"https:\/\/nsf.pt\/wp-content\/uploads\/2025\/01\/IMG_9490.jpg 1024w, https:\/\/nsf.pt\/wp-content\/uploads\/2025\/01\/IMG_9490-300x225.jpg 300w, https:\/\/nsf.pt\/wp-content\/uploads\/2025\/01\/IMG_9490-768x576.jpg 768w\" sizes=\"(max-width: 1024px) 100vw, 1024px\" \/><\/figure>\n\n\n\n<figure class=\"wp-block-image size-full\"><img decoding=\"async\" loading=\"lazy\" width=\"1024\" height=\"768\" data-id=\"13600\" src=\"https:\/\/nsf.pt\/wp-content\/uploads\/2025\/01\/IMG_9473.jpg\" alt=\"\" class=\"wp-image-13600\" srcset=\"https:\/\/nsf.pt\/wp-content\/uploads\/2025\/01\/IMG_9473.jpg 1024w, https:\/\/nsf.pt\/wp-content\/uploads\/2025\/01\/IMG_9473-300x225.jpg 300w, https:\/\/nsf.pt\/wp-content\/uploads\/2025\/01\/IMG_9473-768x576.jpg 768w\" sizes=\"(max-width: 1024px) 100vw, 1024px\" \/><\/figure>\n\n\n\n<figure class=\"wp-block-image size-full\"><img decoding=\"async\" loading=\"lazy\" width=\"1024\" height=\"768\" data-id=\"13601\" src=\"https:\/\/nsf.pt\/wp-content\/uploads\/2025\/01\/IMG_9496.jpg\" alt=\"\" class=\"wp-image-13601\" srcset=\"https:\/\/nsf.pt\/wp-content\/uploads\/2025\/01\/IMG_9496.jpg 1024w, https:\/\/nsf.pt\/wp-content\/uploads\/2025\/01\/IMG_9496-300x225.jpg 300w, https:\/\/nsf.pt\/wp-content\/uploads\/2025\/01\/IMG_9496-768x576.jpg 768w\" sizes=\"(max-width: 1024px) 100vw, 1024px\" \/><\/figure>\n<\/figure>\n\n\n\n<p><\/p>\n\n\n\n<p><em>Fotos \u00a9 CVR-NSF<\/em><\/p>\n","protected":false},"excerpt":{"rendered":"<p>O sentido unit\u00e1rio predominou em toda a linha e o ambiente foi de festa e&#8230;<\/p>\n","protected":false},"author":2,"featured_media":13607,"comment_status":"open","ping_status":"open","sticky":true,"template":"","format":"standard","meta":{"sfsi_plus_gutenberg_text_before_share":"","sfsi_plus_gutenberg_show_text_before_share":"","sfsi_plus_gutenberg_icon_type":"","sfsi_plus_gutenberg_icon_alignemt":"","sfsi_plus_gutenburg_max_per_row":"","ngg_post_thumbnail":0,"footnotes":""},"categories":[374],"tags":[619],"featured_image_urls":{"full":["https:\/\/nsf.pt\/wp-content\/uploads\/2025\/01\/final-_-2.jpg",1466,713,false],"thumbnail":["https:\/\/nsf.pt\/wp-content\/uploads\/2025\/01\/final-_-2-150x150.jpg",150,150,true],"medium":["https:\/\/nsf.pt\/wp-content\/uploads\/2025\/01\/final-_-2-300x146.jpg",300,146,true],"medium_large":["https:\/\/nsf.pt\/wp-content\/uploads\/2025\/01\/final-_-2-768x374.jpg",640,312,true],"large":["https:\/\/nsf.pt\/wp-content\/uploads\/2025\/01\/final-_-2-1024x498.jpg",640,311,true],"1536x1536":["https:\/\/nsf.pt\/wp-content\/uploads\/2025\/01\/final-_-2.jpg",1466,713,false],"2048x2048":["https:\/\/nsf.pt\/wp-content\/uploads\/2025\/01\/final-_-2.jpg",1466,713,false],"covernews-slider-full":["https:\/\/nsf.pt\/wp-content\/uploads\/2025\/01\/final-_-2-1115x713.jpg",1115,713,true],"covernews-slider-center":["https:\/\/nsf.pt\/wp-content\/uploads\/2025\/01\/final-_-2-800x500.jpg",800,500,true],"covernews-featured":["https:\/\/nsf.pt\/wp-content\/uploads\/2025\/01\/final-_-2-1024x498.jpg",1024,498,true],"covernews-medium":["https:\/\/nsf.pt\/wp-content\/uploads\/2025\/01\/final-_-2-540x340.jpg",540,340,true],"covernews-medium-square":["https:\/\/nsf.pt\/wp-content\/uploads\/2025\/01\/final-_-2-400x250.jpg",400,250,true]},"author_info":{"info":["Carlos Ribeiro"]},"category_info":"<a href=\"https:\/\/nsf.pt\/index.php\/category\/evento-central\/\" rel=\"category tag\">EVENTO CENTRAL<\/a>","tag_info":"EVENTO CENTRAL","comment_count":"0","_links":{"self":[{"href":"https:\/\/nsf.pt\/index.php\/wp-json\/wp\/v2\/posts\/13589"}],"collection":[{"href":"https:\/\/nsf.pt\/index.php\/wp-json\/wp\/v2\/posts"}],"about":[{"href":"https:\/\/nsf.pt\/index.php\/wp-json\/wp\/v2\/types\/post"}],"author":[{"embeddable":true,"href":"https:\/\/nsf.pt\/index.php\/wp-json\/wp\/v2\/users\/2"}],"replies":[{"embeddable":true,"href":"https:\/\/nsf.pt\/index.php\/wp-json\/wp\/v2\/comments?post=13589"}],"version-history":[{"count":4,"href":"https:\/\/nsf.pt\/index.php\/wp-json\/wp\/v2\/posts\/13589\/revisions"}],"predecessor-version":[{"id":13611,"href":"https:\/\/nsf.pt\/index.php\/wp-json\/wp\/v2\/posts\/13589\/revisions\/13611"}],"wp:featuredmedia":[{"embeddable":true,"href":"https:\/\/nsf.pt\/index.php\/wp-json\/wp\/v2\/media\/13607"}],"wp:attachment":[{"href":"https:\/\/nsf.pt\/index.php\/wp-json\/wp\/v2\/media?parent=13589"}],"wp:term":[{"taxonomy":"category","embeddable":true,"href":"https:\/\/nsf.pt\/index.php\/wp-json\/wp\/v2\/categories?post=13589"},{"taxonomy":"post_tag","embeddable":true,"href":"https:\/\/nsf.pt\/index.php\/wp-json\/wp\/v2\/tags?post=13589"}],"curies":[{"name":"wp","href":"https:\/\/api.w.org\/{rel}","templated":true}]}}