{"id":13621,"date":"2025-01-14T10:11:19","date_gmt":"2025-01-14T10:11:19","guid":{"rendered":"https:\/\/nsf.pt\/?p=13621"},"modified":"2025-01-14T10:15:51","modified_gmt":"2025-01-14T10:15:51","slug":"livre-organiza-primarias-para-escolher-candidatos-na-madeira","status":"publish","type":"post","link":"https:\/\/nsf.pt\/index.php\/2025\/01\/14\/livre-organiza-primarias-para-escolher-candidatos-na-madeira\/","title":{"rendered":"Livre organiza prim\u00e1rias para escolher candidatos na Madeira"},"content":{"rendered":"\n<h2 class=\"wp-block-heading\">Uma experi\u00eancia a acompanhar <\/h2>\n\n\n<div class=\"wp-block-post-date\"><time datetime=\"2025-01-14T10:11:19+00:00\">14 de Janeiro, 2025<\/time><\/div>\n\n\n<p>Esta iniciativa do LIVRE enquadra-se no esfor\u00e7o de renova\u00e7\u00e3o da pr\u00e1tica dos partidos pol\u00edticos. Ao refletirem internamente as pr\u00f3prias din\u00e2micas contradit\u00f3rias da sociedade as organiza\u00e7\u00f5es partid\u00e1rias integram problemas e dificuldades que precisam de ser enfrentados com mecanismos reguladores orientados por princ\u00edpios democr\u00e1ticos.<\/p>\n\n\n\n<p>Trata-se de uma experi\u00eancia a acompanhar e a perceber  de forma aberta e construtiva.<\/p>\n\n\n\n<p><strong>O que diz o Regulamento sobre os objetivos:<\/strong><\/p>\n\n\n\n<blockquote class=\"wp-block-quote\">\n<p class=\"has-text-align-center\">O objetivo do processo de prim\u00e1rias \u00e9 a sele\u00e7\u00e3o das candidatas e candidatos<br>que melhor defender\u00e3o as posi\u00e7\u00f5es do LIVRE junto do eleitorado e que<br>melhor possam representar estes ideais nas diversas institui\u00e7\u00f5es.<\/p>\n<\/blockquote>\n\n\n\n<h2 class=\"wp-block-heading\">Informa\u00e7\u00e3o do LIVRE<\/h2>\n\n\n\n<p>A Comiss\u00e3o Eleitoral receber\u00e1 pr\u00e9-candidaturas&nbsp;<strong>a partir de dia 13 de janeiro<\/strong>&nbsp;de 2025. As mesmas poder\u00e3o ser submetidas atrav\u00e9s do formul\u00e1rio disponibilizado para o efeito. Durante o mesmo per\u00edodo, a Comiss\u00e3o Eleitoral receber\u00e1 ainda inscri\u00e7\u00f5es para integra\u00e7\u00e3o dos cadernos eleitorais, poss\u00edveis atrav\u00e9s de segundo formul\u00e1rio.<\/p>\n\n\n\n<p>Para as prim\u00e1rias do LIVRE, as inscri\u00e7\u00f5es para o col\u00e9gio eleitoral e pr\u00e9-candidaturas poder\u00e3o ser submetidas&nbsp;<strong>at\u00e9 20 de janeiro<\/strong>.<\/p>\n\n\n\n<p><\/p>\n\n\n\n<p><a href=\"https:\/\/partidolivre.pt\/primarias-regionais-madeira-2025?link_id=5&amp;can_id=96187a1a138c1494109a1c310b29caaf&amp;source=email-instituto-jose-tengarrinha-evento-terra-livre-lutas-e-esperancas&amp;email_referrer=email_2581409&amp;email_subject=candidata-te-_s-prim_rias-abertas-do-livre-elei__es-regionais-da-madeira-2025\">LER NOT\u00cdCIA DO LIVRE<\/a><\/p>\n","protected":false},"excerpt":{"rendered":"<p>Uma experi\u00eancia a acompanhar Esta iniciativa do LIVRE enquadra-se no esfor\u00e7o de renova\u00e7\u00e3o da pr\u00e1tica&#8230;<\/p>\n","protected":false},"author":2,"featured_media":13626,"comment_status":"open","ping_status":"open","sticky":true,"template":"","format":"standard","meta":{"sfsi_plus_gutenberg_text_before_share":"","sfsi_plus_gutenberg_show_text_before_share":"","sfsi_plus_gutenberg_icon_type":"","sfsi_plus_gutenberg_icon_alignemt":"","sfsi_plus_gutenburg_max_per_row":"","ngg_post_thumbnail":0,"footnotes":""},"categories":[460],"tags":[618],"featured_image_urls":{"full":["https:\/\/nsf.pt\/wp-content\/uploads\/2025\/01\/livre-3.jpg",913,536,false],"thumbnail":["https:\/\/nsf.pt\/wp-content\/uploads\/2025\/01\/livre-3-150x150.jpg",150,150,true],"medium":["https:\/\/nsf.pt\/wp-content\/uploads\/2025\/01\/livre-3-300x176.jpg",300,176,true],"medium_large":["https:\/\/nsf.pt\/wp-content\/uploads\/2025\/01\/livre-3-768x451.jpg",640,376,true],"large":["https:\/\/nsf.pt\/wp-content\/uploads\/2025\/01\/livre-3.jpg",640,376,false],"1536x1536":["https:\/\/nsf.pt\/wp-content\/uploads\/2025\/01\/livre-3.jpg",913,536,false],"2048x2048":["https:\/\/nsf.pt\/wp-content\/uploads\/2025\/01\/livre-3.jpg",913,536,false],"covernews-slider-full":["https:\/\/nsf.pt\/wp-content\/uploads\/2025\/01\/livre-3.jpg",913,536,false],"covernews-slider-center":["https:\/\/nsf.pt\/wp-content\/uploads\/2025\/01\/livre-3-800x500.jpg",800,500,true],"covernews-featured":["https:\/\/nsf.pt\/wp-content\/uploads\/2025\/01\/livre-3.jpg",913,536,false],"covernews-medium":["https:\/\/nsf.pt\/wp-content\/uploads\/2025\/01\/livre-3-540x340.jpg",540,340,true],"covernews-medium-square":["https:\/\/nsf.pt\/wp-content\/uploads\/2025\/01\/livre-3-400x250.jpg",400,250,true]},"author_info":{"info":["Carlos Ribeiro"]},"category_info":"<a href=\"https:\/\/nsf.pt\/index.php\/category\/revista-de-imprensa\/\" rel=\"category tag\">REVISTA DE IMPRENSA<\/a>","tag_info":"REVISTA DE IMPRENSA","comment_count":"0","_links":{"self":[{"href":"https:\/\/nsf.pt\/index.php\/wp-json\/wp\/v2\/posts\/13621"}],"collection":[{"href":"https:\/\/nsf.pt\/index.php\/wp-json\/wp\/v2\/posts"}],"about":[{"href":"https:\/\/nsf.pt\/index.php\/wp-json\/wp\/v2\/types\/post"}],"author":[{"embeddable":true,"href":"https:\/\/nsf.pt\/index.php\/wp-json\/wp\/v2\/users\/2"}],"replies":[{"embeddable":true,"href":"https:\/\/nsf.pt\/index.php\/wp-json\/wp\/v2\/comments?post=13621"}],"version-history":[{"count":2,"href":"https:\/\/nsf.pt\/index.php\/wp-json\/wp\/v2\/posts\/13621\/revisions"}],"predecessor-version":[{"id":13625,"href":"https:\/\/nsf.pt\/index.php\/wp-json\/wp\/v2\/posts\/13621\/revisions\/13625"}],"wp:featuredmedia":[{"embeddable":true,"href":"https:\/\/nsf.pt\/index.php\/wp-json\/wp\/v2\/media\/13626"}],"wp:attachment":[{"href":"https:\/\/nsf.pt\/index.php\/wp-json\/wp\/v2\/media?parent=13621"}],"wp:term":[{"taxonomy":"category","embeddable":true,"href":"https:\/\/nsf.pt\/index.php\/wp-json\/wp\/v2\/categories?post=13621"},{"taxonomy":"post_tag","embeddable":true,"href":"https:\/\/nsf.pt\/index.php\/wp-json\/wp\/v2\/tags?post=13621"}],"curies":[{"name":"wp","href":"https:\/\/api.w.org\/{rel}","templated":true}]}}