{"id":13776,"date":"2025-03-06T16:06:10","date_gmt":"2025-03-06T16:06:10","guid":{"rendered":"https:\/\/nsf.pt\/?p=13776"},"modified":"2025-03-06T16:06:11","modified_gmt":"2025-03-06T16:06:11","slug":"festival-international-comedies-clown-social","status":"publish","type":"post","link":"https:\/\/nsf.pt\/index.php\/2025\/03\/06\/festival-international-comedies-clown-social\/","title":{"rendered":"Festival International Com\u00e9dies-Clown Social"},"content":{"rendered":"\n<h2 class=\"wp-block-heading has-vivid-red-color has-text-color\">PALHA\u00c7OS SEM FRONTEIRAS  &#8211;  Palha\u00e7os na Orla [PT] no Senegal em miss\u00e3o de solidariedade internacional [1]<\/h2>\n\n\n<div class=\"wp-block-post-date\"><time datetime=\"2025-03-06T16:06:10+00:00\">6 de Mar\u00e7o, 2025<\/time><\/div>\n\n\n<h2 class=\"wp-block-heading\">Este m\u00eas decorre a primeira aventura de 2025 no Senegal<\/h2>\n\n\n\n<p><br>Em coopera\u00e7\u00e3o com os parceiros locais da <strong>LAMIS OPEN Association S\u00e9n\u00e9galaise de Promotion des Arts et Culture <\/strong>estamos a espalhar espet\u00e1culos, sorrisos , anima\u00e7\u00f5es e forma\u00e7\u00f5es.<br>Com a tem\u00e1tica <strong>Migra\u00e7\u00e3o, seguran\u00e7a e desenvolvimento <\/strong>local, estamos numa  aventura com o foco e especial aten\u00e7\u00e3o nas crian\u00e7as e jovens em situa\u00e7\u00e3o de vulnerabilidade social.<\/p>\n\n\n\n<h3 class=\"wp-block-heading\">&#8220;Durante as pr\u00f3ximas duas semanas no Senegal para desenvolver um projeto que une v\u00e1rias associa\u00e7\u00f5es de artistas e institui\u00e7\u00f5es de solidariedade social com o objetivo de levar gargalhadas a v\u00e1rias comunidades! Com uma fant\u00e1stica equipa composta pelos artistas @oli.ginal @mrafa_santos @sara.sofia.araujo @eva_ribeiro_clown e @albachir_lumieres c\u00e1 estamos n\u00f3s com todo o entusiasmo! Acompanhem esta aventura passo a passo&#8221;.<\/h3>\n\n\n\n<p><a href=\"https:\/\/www.facebook.com\/p\/Palha%C3%A7os-na-Orla-100088958345338\/?_rdr\">PALHA\u00c7OS NA ORLA<\/a><\/p>\n\n\n\n<p><\/p>\n\n\n\n<h2 class=\"wp-block-heading\">LER TAMB\u00c9M | Artigo NSF<\/h2>\n\n\n\n<figure class=\"wp-block-embed is-type-wp-embed is-provider-nsf wp-block-embed-nsf\"><div class=\"wp-block-embed__wrapper\">\n<blockquote class=\"wp-embedded-content\" data-secret=\"ZPjv0Mopvx\"><a href=\"https:\/\/nsf.pt\/index.php\/2024\/06\/17\/quem-sao-os-palhacos-sem-fronteiras-em-portugal\/\">Quem s\u00e3o os Palha\u00e7os Sem Fronteiras em Portugal?<\/a><\/blockquote><iframe class=\"wp-embedded-content\" sandbox=\"allow-scripts\" security=\"restricted\" style=\"position: absolute; clip: rect(1px, 1px, 1px, 1px);\" title=\"&#8220;Quem s\u00e3o os Palha\u00e7os Sem Fronteiras em Portugal?&#8221; &#8212; NSF\" src=\"https:\/\/nsf.pt\/index.php\/2024\/06\/17\/quem-sao-os-palhacos-sem-fronteiras-em-portugal\/embed\/#?secret=q1Sp2LUFJU#?secret=ZPjv0Mopvx\" data-secret=\"ZPjv0Mopvx\" width=\"600\" height=\"338\" frameborder=\"0\" marginwidth=\"0\" marginheight=\"0\" scrolling=\"no\"><\/iframe>\n<\/div><\/figure>\n\n\n\n<p><\/p>\n","protected":false},"excerpt":{"rendered":"<p>PALHA\u00c7OS SEM FRONTEIRAS &#8211; Palha\u00e7os na Orla [PT] no Senegal em miss\u00e3o de solidariedade internacional&#8230;<\/p>\n","protected":false},"author":2,"featured_media":13778,"comment_status":"open","ping_status":"open","sticky":true,"template":"","format":"standard","meta":{"sfsi_plus_gutenberg_text_before_share":"","sfsi_plus_gutenberg_show_text_before_share":"","sfsi_plus_gutenberg_icon_type":"","sfsi_plus_gutenberg_icon_alignemt":"","sfsi_plus_gutenburg_max_per_row":"","ngg_post_thumbnail":0,"footnotes":""},"categories":[238,365,437],"tags":[623],"featured_image_urls":{"full":["https:\/\/nsf.pt\/wp-content\/uploads\/2025\/03\/senagal1.jpg",898,595,false],"thumbnail":["https:\/\/nsf.pt\/wp-content\/uploads\/2025\/03\/senagal1-150x150.jpg",150,150,true],"medium":["https:\/\/nsf.pt\/wp-content\/uploads\/2025\/03\/senagal1-300x199.jpg",300,199,true],"medium_large":["https:\/\/nsf.pt\/wp-content\/uploads\/2025\/03\/senagal1-768x509.jpg",640,424,true],"large":["https:\/\/nsf.pt\/wp-content\/uploads\/2025\/03\/senagal1.jpg",640,424,false],"1536x1536":["https:\/\/nsf.pt\/wp-content\/uploads\/2025\/03\/senagal1.jpg",898,595,false],"2048x2048":["https:\/\/nsf.pt\/wp-content\/uploads\/2025\/03\/senagal1.jpg",898,595,false],"covernews-slider-full":["https:\/\/nsf.pt\/wp-content\/uploads\/2025\/03\/senagal1.jpg",898,595,false],"covernews-slider-center":["https:\/\/nsf.pt\/wp-content\/uploads\/2025\/03\/senagal1-800x500.jpg",800,500,true],"covernews-featured":["https:\/\/nsf.pt\/wp-content\/uploads\/2025\/03\/senagal1.jpg",898,595,false],"covernews-medium":["https:\/\/nsf.pt\/wp-content\/uploads\/2025\/03\/senagal1-540x340.jpg",540,340,true],"covernews-medium-square":["https:\/\/nsf.pt\/wp-content\/uploads\/2025\/03\/senagal1-400x250.jpg",400,250,true]},"author_info":{"info":["Carlos Ribeiro"]},"category_info":"<a href=\"https:\/\/nsf.pt\/index.php\/category\/destaque\/\" rel=\"category tag\">DESTAQUE<\/a> <a href=\"https:\/\/nsf.pt\/index.php\/category\/festival\/\" rel=\"category tag\">FESTIVAL<\/a> <a href=\"https:\/\/nsf.pt\/index.php\/category\/palhacos-sem-fronteiras\/\" rel=\"category tag\">PALHA\u00c7OS SEM FRONTEIRAS<\/a>","tag_info":"PALHA\u00c7OS SEM FRONTEIRAS","comment_count":"0","_links":{"self":[{"href":"https:\/\/nsf.pt\/index.php\/wp-json\/wp\/v2\/posts\/13776"}],"collection":[{"href":"https:\/\/nsf.pt\/index.php\/wp-json\/wp\/v2\/posts"}],"about":[{"href":"https:\/\/nsf.pt\/index.php\/wp-json\/wp\/v2\/types\/post"}],"author":[{"embeddable":true,"href":"https:\/\/nsf.pt\/index.php\/wp-json\/wp\/v2\/users\/2"}],"replies":[{"embeddable":true,"href":"https:\/\/nsf.pt\/index.php\/wp-json\/wp\/v2\/comments?post=13776"}],"version-history":[{"count":1,"href":"https:\/\/nsf.pt\/index.php\/wp-json\/wp\/v2\/posts\/13776\/revisions"}],"predecessor-version":[{"id":13779,"href":"https:\/\/nsf.pt\/index.php\/wp-json\/wp\/v2\/posts\/13776\/revisions\/13779"}],"wp:featuredmedia":[{"embeddable":true,"href":"https:\/\/nsf.pt\/index.php\/wp-json\/wp\/v2\/media\/13778"}],"wp:attachment":[{"href":"https:\/\/nsf.pt\/index.php\/wp-json\/wp\/v2\/media?parent=13776"}],"wp:term":[{"taxonomy":"category","embeddable":true,"href":"https:\/\/nsf.pt\/index.php\/wp-json\/wp\/v2\/categories?post=13776"},{"taxonomy":"post_tag","embeddable":true,"href":"https:\/\/nsf.pt\/index.php\/wp-json\/wp\/v2\/tags?post=13776"}],"curies":[{"name":"wp","href":"https:\/\/api.w.org\/{rel}","templated":true}]}}