{"id":13873,"date":"2025-04-16T22:24:19","date_gmt":"2025-04-16T22:24:19","guid":{"rendered":"https:\/\/nsf.pt\/?p=13873"},"modified":"2025-04-16T22:34:48","modified_gmt":"2025-04-16T22:34:48","slug":"a-despedida-de-homem-bom-culto-e-otimista","status":"publish","type":"post","link":"https:\/\/nsf.pt\/index.php\/2025\/04\/16\/a-despedida-de-homem-bom-culto-e-otimista\/","title":{"rendered":"A despedida de homem bom, culto e otimista\u00a0"},"content":{"rendered":"\n<h2 class=\"wp-block-heading\">Na capela da Academia Militar Carlos Matos Gomes foi recordado com emo\u00e7\u00e3o&nbsp;<\/h2>\n\n\n<div class=\"wp-block-post-date\"><time datetime=\"2025-04-16T22:24:19+00:00\">16 de Abril, 2025<\/time><\/div>\n\n\n<h3 class=\"wp-block-heading\">Ouviram-se aplausos ap\u00f3s as interven\u00e7\u00f5es simples e s\u00f3brias de familiares. Houve at\u00e9 poesia, curta, cir\u00fargica, quente, aquecida pelos afetos. O sil\u00eancio persistente n\u00e3o tornava o ambiente pesado, pelo contr\u00e1rio, os presentes&nbsp;assumiam uma postura coletiva de cumplicidade informal, reservada at\u00e9, no decorrer da cerim\u00f3nia religiosa.&nbsp;<\/h3>\n\n\n\n<p>Enquanto a viagem para o cemit\u00e9rio era meticulosamente preparada, as autoridades, os familiares, os\u00a0militares e os amigos mais pr\u00f3ximos, que assistiam debaixo de chuva no exterior da capela, teciam coment\u00e1rios e adiantavam confiss\u00f5es sobre os \u00faltimos momentos partilhados com Carlos Matos Gomes. Entre eles, perto da porta lateral da capela, acompanhado por elementos da Casa Civil, encontrava-se o Presidente da Rep\u00fablica Marcelo Rebelo de Sousa.\u00a0<\/p>\n\n\n\n<p>Destaque para as afirma\u00e7\u00f5es que relembraram que Carlos Matos Gomes era um otimista e, sendo assim, ficou patente entre os presentes uma determina\u00e7\u00e3o de n\u00e3o ceder ao des\u00e2nimo da sua aus\u00eancia, apesar da tristeza e do vazio.&nbsp;<\/p>\n\n\n\n<div style=\"height:31px\" aria-hidden=\"true\" class=\"wp-block-spacer\"><\/div>\n\n\n\n<figure class=\"wp-block-gallery has-nested-images columns-default is-cropped wp-block-gallery-1 is-layout-flex wp-block-gallery-is-layout-flex\">\n<figure class=\"wp-block-image size-large\"><img decoding=\"async\" loading=\"lazy\" width=\"1024\" height=\"768\" data-id=\"13875\" src=\"https:\/\/nsf.pt\/wp-content\/uploads\/2025\/04\/IMG_0190.jpeg\" alt=\"\" class=\"wp-image-13875\" srcset=\"https:\/\/nsf.pt\/wp-content\/uploads\/2025\/04\/IMG_0190.jpeg 1024w, https:\/\/nsf.pt\/wp-content\/uploads\/2025\/04\/IMG_0190-300x225.jpeg 300w, https:\/\/nsf.pt\/wp-content\/uploads\/2025\/04\/IMG_0190-768x576.jpeg 768w\" sizes=\"(max-width: 1024px) 100vw, 1024px\" \/><\/figure>\n\n\n\n<figure class=\"wp-block-image size-large\"><img decoding=\"async\" loading=\"lazy\" width=\"1024\" height=\"768\" data-id=\"13876\" src=\"https:\/\/nsf.pt\/wp-content\/uploads\/2025\/04\/IMG_0191.jpeg\" alt=\"\" class=\"wp-image-13876\" srcset=\"https:\/\/nsf.pt\/wp-content\/uploads\/2025\/04\/IMG_0191.jpeg 1024w, https:\/\/nsf.pt\/wp-content\/uploads\/2025\/04\/IMG_0191-300x225.jpeg 300w, https:\/\/nsf.pt\/wp-content\/uploads\/2025\/04\/IMG_0191-768x576.jpeg 768w\" sizes=\"(max-width: 1024px) 100vw, 1024px\" \/><\/figure>\n\n\n\n<figure class=\"wp-block-image size-large\"><img decoding=\"async\" loading=\"lazy\" width=\"1024\" height=\"768\" data-id=\"13877\" src=\"https:\/\/nsf.pt\/wp-content\/uploads\/2025\/04\/IMG_0193.jpeg\" alt=\"\" class=\"wp-image-13877\" srcset=\"https:\/\/nsf.pt\/wp-content\/uploads\/2025\/04\/IMG_0193.jpeg 1024w, https:\/\/nsf.pt\/wp-content\/uploads\/2025\/04\/IMG_0193-300x225.jpeg 300w, https:\/\/nsf.pt\/wp-content\/uploads\/2025\/04\/IMG_0193-768x576.jpeg 768w\" sizes=\"(max-width: 1024px) 100vw, 1024px\" \/><\/figure>\n<\/figure>\n\n\n\n<p><\/p>\n\n\n\n<p><em>Fotos CVR \u00a9 DR<\/em><\/p>\n","protected":false},"excerpt":{"rendered":"<p>Na capela da Academia Militar Carlos Matos Gomes foi recordado com emo\u00e7\u00e3o&nbsp; Ouviram-se aplausos ap\u00f3s&#8230;<\/p>\n","protected":false},"author":2,"featured_media":13874,"comment_status":"open","ping_status":"open","sticky":true,"template":"","format":"standard","meta":{"sfsi_plus_gutenberg_text_before_share":"","sfsi_plus_gutenberg_show_text_before_share":"","sfsi_plus_gutenberg_icon_type":"","sfsi_plus_gutenberg_icon_alignemt":"","sfsi_plus_gutenburg_max_per_row":"","ngg_post_thumbnail":0,"footnotes":""},"categories":[93,238],"tags":[518],"featured_image_urls":{"full":["https:\/\/nsf.pt\/wp-content\/uploads\/2025\/04\/cmg1.jpg",1265,766,false],"thumbnail":["https:\/\/nsf.pt\/wp-content\/uploads\/2025\/04\/cmg1-150x150.jpg",150,150,true],"medium":["https:\/\/nsf.pt\/wp-content\/uploads\/2025\/04\/cmg1-300x182.jpg",300,182,true],"medium_large":["https:\/\/nsf.pt\/wp-content\/uploads\/2025\/04\/cmg1-768x465.jpg",640,388,true],"large":["https:\/\/nsf.pt\/wp-content\/uploads\/2025\/04\/cmg1-1024x620.jpg",640,388,true],"1536x1536":["https:\/\/nsf.pt\/wp-content\/uploads\/2025\/04\/cmg1.jpg",1265,766,false],"2048x2048":["https:\/\/nsf.pt\/wp-content\/uploads\/2025\/04\/cmg1.jpg",1265,766,false],"covernews-slider-full":["https:\/\/nsf.pt\/wp-content\/uploads\/2025\/04\/cmg1-1115x715.jpg",1115,715,true],"covernews-slider-center":["https:\/\/nsf.pt\/wp-content\/uploads\/2025\/04\/cmg1-800x500.jpg",800,500,true],"covernews-featured":["https:\/\/nsf.pt\/wp-content\/uploads\/2025\/04\/cmg1-1024x620.jpg",1024,620,true],"covernews-medium":["https:\/\/nsf.pt\/wp-content\/uploads\/2025\/04\/cmg1-540x340.jpg",540,340,true],"covernews-medium-square":["https:\/\/nsf.pt\/wp-content\/uploads\/2025\/04\/cmg1-400x250.jpg",400,250,true]},"author_info":{"info":["Carlos Ribeiro"]},"category_info":"<a href=\"https:\/\/nsf.pt\/index.php\/category\/memorias-vivas\/combatentes-da-liberdade\/\" rel=\"category tag\">Combatentes da Liberdade<\/a> <a href=\"https:\/\/nsf.pt\/index.php\/category\/destaque\/\" rel=\"category tag\">DESTAQUE<\/a>","tag_info":"DESTAQUE","comment_count":"0","_links":{"self":[{"href":"https:\/\/nsf.pt\/index.php\/wp-json\/wp\/v2\/posts\/13873"}],"collection":[{"href":"https:\/\/nsf.pt\/index.php\/wp-json\/wp\/v2\/posts"}],"about":[{"href":"https:\/\/nsf.pt\/index.php\/wp-json\/wp\/v2\/types\/post"}],"author":[{"embeddable":true,"href":"https:\/\/nsf.pt\/index.php\/wp-json\/wp\/v2\/users\/2"}],"replies":[{"embeddable":true,"href":"https:\/\/nsf.pt\/index.php\/wp-json\/wp\/v2\/comments?post=13873"}],"version-history":[{"count":2,"href":"https:\/\/nsf.pt\/index.php\/wp-json\/wp\/v2\/posts\/13873\/revisions"}],"predecessor-version":[{"id":13879,"href":"https:\/\/nsf.pt\/index.php\/wp-json\/wp\/v2\/posts\/13873\/revisions\/13879"}],"wp:featuredmedia":[{"embeddable":true,"href":"https:\/\/nsf.pt\/index.php\/wp-json\/wp\/v2\/media\/13874"}],"wp:attachment":[{"href":"https:\/\/nsf.pt\/index.php\/wp-json\/wp\/v2\/media?parent=13873"}],"wp:term":[{"taxonomy":"category","embeddable":true,"href":"https:\/\/nsf.pt\/index.php\/wp-json\/wp\/v2\/categories?post=13873"},{"taxonomy":"post_tag","embeddable":true,"href":"https:\/\/nsf.pt\/index.php\/wp-json\/wp\/v2\/tags?post=13873"}],"curies":[{"name":"wp","href":"https:\/\/api.w.org\/{rel}","templated":true}]}}