{"id":13883,"date":"2025-04-19T12:58:10","date_gmt":"2025-04-19T12:58:10","guid":{"rendered":"https:\/\/nsf.pt\/?p=13883"},"modified":"2025-04-19T13:02:26","modified_gmt":"2025-04-19T13:02:26","slug":"25-de-abril-associacao-25-de-abril","status":"publish","type":"post","link":"https:\/\/nsf.pt\/index.php\/2025\/04\/19\/25-de-abril-associacao-25-de-abril\/","title":{"rendered":"25 de Abril &#8211; Associa\u00e7\u00e3o 25 de Abril"},"content":{"rendered":"\n<h2 class=\"wp-block-heading\">Comunicado sobre as comemora\u00e7\u00f5es de 2025<\/h2>\n\n\n<div class=\"wp-block-post-date\"><time datetime=\"2025-04-19T12:58:10+00:00\">19 de Abril, 2025<\/time><\/div>\n\n\n<h2 class=\"wp-block-heading\"><strong>Mensagem 25 de Abril de 2025<\/strong><\/h2>\n\n\n\n<p>No pr\u00f3ximo dia 25 de Abril celebramos com orgulho os 51 anos da Revolu\u00e7\u00e3o dos Cravos, marco fundamental na Hist\u00f3ria de Portugal, que nos trouxe a Liberdade, a Paz, a Democracia e o fim de d\u00e9cadas de regime ditatorial.<\/p>\n\n\n\n<p>Este dia lembra e homenageia a vit\u00f3ria dos que lutaram pela dignidade humana e pela justi\u00e7a social, contra os usurpadores do Poder que, em Portugal, oprimiram e obscureceram o povo, numa teimosa presun\u00e7\u00e3o de que eram os detentores da verdade, o que nos isolou de todo o mundo civilizado.<\/p>\n\n\n\n<p>Sendo por isso um momento de orgulhosa comemora\u00e7\u00e3o, tamb\u00e9m \u00e9, tem de ser, para todos os portugueses, um momento de reflex\u00e3o sobre os valores conquistados em democracia, mas tamb\u00e9m sobre os erros cometidos e sobre o porqu\u00ea de n\u00e3o termos conquistado outros valores mas, mais que tudo, sobre os desafios que enfrentamos para construir uma sociedade mais livre, igual e solid\u00e1ria, a que todos, sem excep\u00e7\u00e3o, t\u00eam direito.<\/p>\n\n\n\n<p>Neste ano tamb\u00e9m comemoramos os 50 anos das primeiras elei\u00e7\u00f5es livres em Portugal, realizadas em 1975, que permitiram a forma\u00e7\u00e3o da Assembleia Constituinte, respons\u00e1vel pela elabora\u00e7\u00e3o da Constitui\u00e7\u00e3o da Rep\u00fablica Portuguesa.<\/p>\n\n\n\n<p>Elei\u00e7\u00f5es que registaram a maior participa\u00e7\u00e3o jamais verificada em Portugal e que, para os militares de Abril representam essencialmente duas realidades:<\/p>\n\n\n\n<ul>\n<li>O cumprimento do principal compromisso assumido pelo MFA, no Programa por si apresentado a Portugal e ao mundo, em 25 de Abril de 1974;<\/li>\n\n\n\n<li>A demonstra\u00e7\u00e3o de que o povo portugu\u00eas estava com o MFA e com o 25 de Abril, povo esse que assumira os ideais do dia que Sophia haveria de classificar de \u201cinicial inteiro e limpo \/ onde emergimos da noite e do sil\u00eancio\u201d.<\/li>\n<\/ul>\n\n\n\n<p>Elei\u00e7\u00f5es que marcaram um novo ciclo na nossa Hist\u00f3ria, no qual a soberania popular foi restaurada e permitiu ao povo portugu\u00eas escolher livremente os seus representantes e garantir o seu direito \u00e0<\/p>\n\n\n\n<p>participa\u00e7\u00e3o plena na vida pol\u00edtica do pa\u00eds.<\/p>\n\n\n\n<p>Naturalmente, porque o 25 de Abril continua no cora\u00e7\u00e3o dos portugueses, as comemora\u00e7\u00f5es desse acto libertador s\u00e3o sempre um momento de festa muito participada, como tem acontecido ao longo dos 50 anos de liberdade e de paz.<\/p>\n\n\n\n<p>Hoje, ao comemorarmos os 51 anos, tal como at\u00e9 aqui tem acontecido e n\u00e3o esquecendo a conjuntura do momento, para al\u00e9m da alegria da festa, temos de aproveitar para reafirmar os valores fundamentais do 25 de Abril: Liberdade, Paz, Igualdade, Justi\u00e7a Social e Democracia.<\/p>\n\n\n\n<p>Sentindo-nos felizes e orgulhosos por estarmos a viver o maior per\u00edodo de liberdade e democracia que a nossa longa vida de pa\u00eds livre e independente j\u00e1 conheceu \u2013 \u00e9 com orgulho que, como portugueses, estamos a caminhar para os nove s\u00e9culos da nossa Hist\u00f3ria \u2013 n\u00e3o podemos fechar os olhos e ignorar os perigos que voltam a assolar o mundo onde nos integramos, com novas guerras e com o regresso de for\u00e7as detentoras de solu\u00e7\u00f5es que, a terem sucesso, nos lan\u00e7ar\u00e3o de novo em situa\u00e7\u00f5es de ditadura, opressoras e violadoras dos mais elementares direitos humanos.<\/p>\n\n\n\n<p>Defensores dos valores de Abril, ter\u00e1 de ser na sua continuada reafirma\u00e7\u00e3o que teremos de nos apoiar para continuarmos livres.<\/p>\n\n\n\n<p>Esses valores ter\u00e3o de continuar a ser os pilares e o sustent\u00e1culo maior da nossa sociedade. Portugal tem de continuar a ser um pa\u00eds livre, justo, solid\u00e1rio e em Paz!<\/p>\n\n\n\n<p>Esse \u00e9 um legado que todos n\u00f3s temos o dever de garantir \u00e0s futuras gera\u00e7\u00f5es.<\/p>\n\n\n\n<p>Porque Portugal n\u00e3o deve voltar a ser o pa\u00eds onde os seus cidad\u00e3os sintam de novo o medo e a repress\u00e3o, porque t\u00eam direito a viver com dignidade!<\/p>\n\n\n\n<p>A nossa Constitui\u00e7\u00e3o afirma o princ\u00edpio da solu\u00e7\u00e3o pac\u00edfica dos conflitos e, por isso, os portugueses n\u00e3o devem ser envolvidos em novas guerras, que n\u00e3o resolvem nada, para al\u00e9m de servirem interesses esp\u00farios, onde a ind\u00fastria do armamento ocupa lugar cimeiro.<\/p>\n\n\n\n<p>Temos de insistir em mais igualdade e justi\u00e7a social, valores que t\u00eam regredido desde h\u00e1 muito tempo na<\/p>\n\n\n\n<p>nossa sociedade.<\/p>\n\n\n\n<p>Temos de garantir que continuemos a viver em democracia, com todos os seus defeitos, mas que \u00e9 prefer\u00edvel a quaisquer ditaduras.<\/p>\n\n\n\n<p>Este \u00e9 o legado de Abril, este \u00e9 o sonho que continua a acalentar-nos. Este \u00e9 o compromisso que continuamos a assumir.<\/p>\n\n\n\n<p>Por tudo isto, a Associa\u00e7\u00e3o 25 de Abril reafirma, nos 51 anos de Abril e nos 50 anos das primeiras elei\u00e7\u00f5es livres em Portugal, a sua determina\u00e7\u00e3o em, com coragem, continuar a luta pela defesa e manuten\u00e7\u00e3o da Liberdade, alcan\u00e7ada na radiosa madrugada.<\/p>\n\n\n\n<p>E da qual n\u00e3o abdicamos!<\/p>\n\n\n\n<p>Porque s\u00f3 com ela continuaremos a ter condi\u00e7\u00f5es para atingir a almejada Felicidade. Reafirmando esses valores,<\/p>\n\n\n\n<p><strong>25 de Abril, Sempre!<\/strong><\/p>\n\n\n\n<p>Viva o 25 de Abril!<\/p>\n\n\n\n<p>Viva Portugal!<\/p>\n\n\n\n<div style=\"height:26px\" aria-hidden=\"true\" class=\"wp-block-spacer\"><\/div>\n\n\n\n<h2 class=\"wp-block-heading\">HORA DA LIBERDADE<\/h2>\n\n\n\n<p>FILME<\/p>\n\n\n\n<p><\/p>\n\n\n\n<figure class=\"wp-block-embed is-type-video is-provider-youtube wp-block-embed-youtube wp-embed-aspect-4-3 wp-has-aspect-ratio\"><div class=\"wp-block-embed__wrapper\">\n<iframe loading=\"lazy\" title=\"Hora da Liberdade\" width=\"640\" height=\"480\" src=\"https:\/\/www.youtube.com\/embed\/KA-QidpP3_U?feature=oembed\" frameborder=\"0\" allow=\"accelerometer; autoplay; clipboard-write; encrypted-media; gyroscope; picture-in-picture; web-share\" referrerpolicy=\"strict-origin-when-cross-origin\" allowfullscreen><\/iframe>\n<\/div><\/figure>\n","protected":false},"excerpt":{"rendered":"<p>Comunicado sobre as comemora\u00e7\u00f5es de 2025 Mensagem 25 de Abril de 2025 No pr\u00f3ximo dia&#8230;<\/p>\n","protected":false},"author":2,"featured_media":13884,"comment_status":"open","ping_status":"open","sticky":true,"template":"","format":"standard","meta":{"sfsi_plus_gutenberg_text_before_share":"","sfsi_plus_gutenberg_show_text_before_share":"","sfsi_plus_gutenberg_icon_type":"","sfsi_plus_gutenberg_icon_alignemt":"","sfsi_plus_gutenburg_max_per_row":"","ngg_post_thumbnail":0,"footnotes":""},"categories":[421,238,276],"tags":[350],"featured_image_urls":{"full":["https:\/\/nsf.pt\/wp-content\/uploads\/2025\/04\/HORA-FOTO.jpg",727,432,false],"thumbnail":["https:\/\/nsf.pt\/wp-content\/uploads\/2025\/04\/HORA-FOTO-150x150.jpg",150,150,true],"medium":["https:\/\/nsf.pt\/wp-content\/uploads\/2025\/04\/HORA-FOTO-300x178.jpg",300,178,true],"medium_large":["https:\/\/nsf.pt\/wp-content\/uploads\/2025\/04\/HORA-FOTO.jpg",640,380,false],"large":["https:\/\/nsf.pt\/wp-content\/uploads\/2025\/04\/HORA-FOTO.jpg",640,380,false],"1536x1536":["https:\/\/nsf.pt\/wp-content\/uploads\/2025\/04\/HORA-FOTO.jpg",727,432,false],"2048x2048":["https:\/\/nsf.pt\/wp-content\/uploads\/2025\/04\/HORA-FOTO.jpg",727,432,false],"covernews-slider-full":["https:\/\/nsf.pt\/wp-content\/uploads\/2025\/04\/HORA-FOTO.jpg",727,432,false],"covernews-slider-center":["https:\/\/nsf.pt\/wp-content\/uploads\/2025\/04\/HORA-FOTO.jpg",727,432,false],"covernews-featured":["https:\/\/nsf.pt\/wp-content\/uploads\/2025\/04\/HORA-FOTO.jpg",727,432,false],"covernews-medium":["https:\/\/nsf.pt\/wp-content\/uploads\/2025\/04\/HORA-FOTO-540x340.jpg",540,340,true],"covernews-medium-square":["https:\/\/nsf.pt\/wp-content\/uploads\/2025\/04\/HORA-FOTO-400x250.jpg",400,250,true]},"author_info":{"info":["Carlos Ribeiro"]},"category_info":"<a href=\"https:\/\/nsf.pt\/index.php\/category\/50anos25abril\/\" rel=\"category tag\">50ANOS25abril<\/a> <a href=\"https:\/\/nsf.pt\/index.php\/category\/destaque\/\" rel=\"category tag\">DESTAQUE<\/a> <a href=\"https:\/\/nsf.pt\/index.php\/category\/videos\/\" rel=\"category tag\">V\u00cdDEOS<\/a>","tag_info":"V\u00cdDEOS","comment_count":"0","_links":{"self":[{"href":"https:\/\/nsf.pt\/index.php\/wp-json\/wp\/v2\/posts\/13883"}],"collection":[{"href":"https:\/\/nsf.pt\/index.php\/wp-json\/wp\/v2\/posts"}],"about":[{"href":"https:\/\/nsf.pt\/index.php\/wp-json\/wp\/v2\/types\/post"}],"author":[{"embeddable":true,"href":"https:\/\/nsf.pt\/index.php\/wp-json\/wp\/v2\/users\/2"}],"replies":[{"embeddable":true,"href":"https:\/\/nsf.pt\/index.php\/wp-json\/wp\/v2\/comments?post=13883"}],"version-history":[{"count":1,"href":"https:\/\/nsf.pt\/index.php\/wp-json\/wp\/v2\/posts\/13883\/revisions"}],"predecessor-version":[{"id":13885,"href":"https:\/\/nsf.pt\/index.php\/wp-json\/wp\/v2\/posts\/13883\/revisions\/13885"}],"wp:featuredmedia":[{"embeddable":true,"href":"https:\/\/nsf.pt\/index.php\/wp-json\/wp\/v2\/media\/13884"}],"wp:attachment":[{"href":"https:\/\/nsf.pt\/index.php\/wp-json\/wp\/v2\/media?parent=13883"}],"wp:term":[{"taxonomy":"category","embeddable":true,"href":"https:\/\/nsf.pt\/index.php\/wp-json\/wp\/v2\/categories?post=13883"},{"taxonomy":"post_tag","embeddable":true,"href":"https:\/\/nsf.pt\/index.php\/wp-json\/wp\/v2\/tags?post=13883"}],"curies":[{"name":"wp","href":"https:\/\/api.w.org\/{rel}","templated":true}]}}