{"id":14013,"date":"2025-06-02T14:23:04","date_gmt":"2025-06-02T14:23:04","guid":{"rendered":"https:\/\/nsf.pt\/?p=14013"},"modified":"2025-06-02T14:26:10","modified_gmt":"2025-06-02T14:26:10","slug":"concerto-25-de-abril-na-orjarica","status":"publish","type":"post","link":"https:\/\/nsf.pt\/index.php\/2025\/06\/02\/concerto-25-de-abril-na-orjarica\/","title":{"rendered":"Concerto 25 de Abril na Orjari\u00e7a"},"content":{"rendered":"\n<h2 class=\"wp-block-heading\">Banda de m\u00fasica Cais da Saudade atuou na Associa\u00e7\u00e3o Desportiva, Cultural e Recreativa de Orjari\u00e7a e Catefica &#8211; Torres Vedras<\/h2>\n\n\n<div class=\"wp-block-post-date\"><time datetime=\"2025-06-02T14:23:04+00:00\">2 de Junho, 2025<\/time><\/div>\n\n\n<p>Foi um concerto com um ambiente intimista no qual p\u00fablico e m\u00fasicos interagiram de forma quase permanente. Abril esteve presente nas diversas can\u00e7\u00f5es e poemas cantados e, no final, Gr\u00e2ndola Vila Morena foi cantada de p\u00e9 em coro pelos presentes.<\/p>\n\n\n\n<p>As propostas apresentadas pela banda, que concretiza com grande criatividade musical os arranjos dos temas que o grande p\u00fablico conhece, foram marcadas pela diversidade e Jos\u00e9 Afonso acabou por ser um entre outros.<\/p>\n\n\n\n<p>A coletividade empenhou-se na organiza\u00e7\u00e3o do evento e todos valorizaram o acolhimento prestado por dirigentes e s\u00f3cios da ADCR da Orjari\u00e7a e Catefica.<\/p>\n\n\n\n<p>Este ciclo de concertos, dinamizado pelo N\u00facleo de Torres Vedras da AJA-Associa\u00e7\u00e3o Jos\u00e9 Afonso,  insere-se no Programa das Comemora\u00e7\u00f5es dos 50 anos do 25 de Abril da C\u00e2mara Municipal de Torres Vedras e contou com o apoio especial da Junta de Freguesia de Santa Maria, S\u00e3o Bento e Matac\u00e3es.<\/p>\n\n\n\n<h2 class=\"wp-block-heading\">GALERIA<\/h2>\n\n\n\n<hr class=\"wp-block-separator has-alpha-channel-opacity\"\/>\n\n\n\n<div style=\"height:34px\" aria-hidden=\"true\" class=\"wp-block-spacer\"><\/div>\n\n\n\n<figure class=\"wp-block-embed is-type-video is-provider-youtube wp-block-embed-youtube wp-embed-aspect-16-9 wp-has-aspect-ratio\"><div class=\"wp-block-embed__wrapper\">\n<iframe loading=\"lazy\" title=\"CONCERTO 25 DE ABRIL NA ORJARI\u00c7A - TORRES VEDRAS\" width=\"640\" height=\"360\" src=\"https:\/\/www.youtube.com\/embed\/FlAOUXeBb-c?feature=oembed\" frameborder=\"0\" allow=\"accelerometer; autoplay; clipboard-write; encrypted-media; gyroscope; picture-in-picture; web-share\" referrerpolicy=\"strict-origin-when-cross-origin\" allowfullscreen><\/iframe>\n<\/div><\/figure>\n\n\n\n<p><\/p>\n\n\n\n<figure class=\"wp-block-gallery has-nested-images columns-default is-cropped wp-block-gallery-1 is-layout-flex wp-block-gallery-is-layout-flex\">\n<figure class=\"wp-block-image size-large\"><img decoding=\"async\" loading=\"lazy\" width=\"1024\" height=\"494\" data-id=\"14016\" src=\"https:\/\/nsf.pt\/wp-content\/uploads\/2025\/06\/orja1-1024x494.jpg\" alt=\"\" class=\"wp-image-14016\" srcset=\"https:\/\/nsf.pt\/wp-content\/uploads\/2025\/06\/orja1-1024x494.jpg 1024w, https:\/\/nsf.pt\/wp-content\/uploads\/2025\/06\/orja1-300x145.jpg 300w, https:\/\/nsf.pt\/wp-content\/uploads\/2025\/06\/orja1-768x370.jpg 768w, https:\/\/nsf.pt\/wp-content\/uploads\/2025\/06\/orja1.jpg 1218w\" sizes=\"(max-width: 1024px) 100vw, 1024px\" \/><\/figure>\n\n\n\n<figure class=\"wp-block-image size-large\"><img decoding=\"async\" loading=\"lazy\" width=\"1024\" height=\"683\" data-id=\"14020\" src=\"https:\/\/nsf.pt\/wp-content\/uploads\/2025\/06\/orja2-1024x683.jpg\" alt=\"\" class=\"wp-image-14020\" srcset=\"https:\/\/nsf.pt\/wp-content\/uploads\/2025\/06\/orja2-1024x683.jpg 1024w, https:\/\/nsf.pt\/wp-content\/uploads\/2025\/06\/orja2-300x200.jpg 300w, https:\/\/nsf.pt\/wp-content\/uploads\/2025\/06\/orja2-768x512.jpg 768w, https:\/\/nsf.pt\/wp-content\/uploads\/2025\/06\/orja2.jpg 1163w\" sizes=\"(max-width: 1024px) 100vw, 1024px\" \/><\/figure>\n\n\n\n<figure class=\"wp-block-image size-large\"><img decoding=\"async\" loading=\"lazy\" width=\"1024\" height=\"547\" data-id=\"14017\" src=\"https:\/\/nsf.pt\/wp-content\/uploads\/2025\/06\/orja3-1024x547.jpg\" alt=\"\" class=\"wp-image-14017\" srcset=\"https:\/\/nsf.pt\/wp-content\/uploads\/2025\/06\/orja3-1024x547.jpg 1024w, https:\/\/nsf.pt\/wp-content\/uploads\/2025\/06\/orja3-300x160.jpg 300w, https:\/\/nsf.pt\/wp-content\/uploads\/2025\/06\/orja3-768x410.jpg 768w, https:\/\/nsf.pt\/wp-content\/uploads\/2025\/06\/orja3.jpg 1194w\" sizes=\"(max-width: 1024px) 100vw, 1024px\" \/><\/figure>\n\n\n\n<figure class=\"wp-block-image size-large\"><img decoding=\"async\" loading=\"lazy\" width=\"1024\" height=\"617\" data-id=\"14018\" src=\"https:\/\/nsf.pt\/wp-content\/uploads\/2025\/06\/orja4-1024x617.jpg\" alt=\"\" class=\"wp-image-14018\" srcset=\"https:\/\/nsf.pt\/wp-content\/uploads\/2025\/06\/orja4-1024x617.jpg 1024w, https:\/\/nsf.pt\/wp-content\/uploads\/2025\/06\/orja4-300x181.jpg 300w, https:\/\/nsf.pt\/wp-content\/uploads\/2025\/06\/orja4-768x463.jpg 768w, https:\/\/nsf.pt\/wp-content\/uploads\/2025\/06\/orja4.jpg 1221w\" sizes=\"(max-width: 1024px) 100vw, 1024px\" \/><\/figure>\n<\/figure>\n\n\n\n<div style=\"height:31px\" aria-hidden=\"true\" class=\"wp-block-spacer\"><\/div>\n\n\n\n<p><em>Fotos e v\u00eddeo CVR &#8211; NSF <\/em><\/p>\n","protected":false},"excerpt":{"rendered":"<p>Banda de m\u00fasica Cais da Saudade atuou na Associa\u00e7\u00e3o Desportiva, Cultural e Recreativa de Orjari\u00e7a&#8230;<\/p>\n","protected":false},"author":2,"featured_media":14016,"comment_status":"open","ping_status":"open","sticky":true,"template":"","format":"standard","meta":{"sfsi_plus_gutenberg_text_before_share":"","sfsi_plus_gutenberg_show_text_before_share":"","sfsi_plus_gutenberg_icon_type":"","sfsi_plus_gutenberg_icon_alignemt":"","sfsi_plus_gutenburg_max_per_row":"","ngg_post_thumbnail":0,"footnotes":""},"categories":[421,238,395],"tags":[544,542],"featured_image_urls":{"full":["https:\/\/nsf.pt\/wp-content\/uploads\/2025\/06\/orja1.jpg",1218,587,false],"thumbnail":["https:\/\/nsf.pt\/wp-content\/uploads\/2025\/06\/orja1-150x150.jpg",150,150,true],"medium":["https:\/\/nsf.pt\/wp-content\/uploads\/2025\/06\/orja1-300x145.jpg",300,145,true],"medium_large":["https:\/\/nsf.pt\/wp-content\/uploads\/2025\/06\/orja1-768x370.jpg",640,308,true],"large":["https:\/\/nsf.pt\/wp-content\/uploads\/2025\/06\/orja1-1024x494.jpg",640,309,true],"1536x1536":["https:\/\/nsf.pt\/wp-content\/uploads\/2025\/06\/orja1.jpg",1218,587,false],"2048x2048":["https:\/\/nsf.pt\/wp-content\/uploads\/2025\/06\/orja1.jpg",1218,587,false],"covernews-slider-full":["https:\/\/nsf.pt\/wp-content\/uploads\/2025\/06\/orja1-1115x587.jpg",1115,587,true],"covernews-slider-center":["https:\/\/nsf.pt\/wp-content\/uploads\/2025\/06\/orja1-800x500.jpg",800,500,true],"covernews-featured":["https:\/\/nsf.pt\/wp-content\/uploads\/2025\/06\/orja1-1024x494.jpg",1024,494,true],"covernews-medium":["https:\/\/nsf.pt\/wp-content\/uploads\/2025\/06\/orja1-540x340.jpg",540,340,true],"covernews-medium-square":["https:\/\/nsf.pt\/wp-content\/uploads\/2025\/06\/orja1-400x250.jpg",400,250,true]},"author_info":{"info":["Carlos Ribeiro"]},"category_info":"<a href=\"https:\/\/nsf.pt\/index.php\/category\/50anos25abril\/\" rel=\"category tag\">50ANOS25abril<\/a> <a href=\"https:\/\/nsf.pt\/index.php\/category\/destaque\/\" rel=\"category tag\">DESTAQUE<\/a> <a href=\"https:\/\/nsf.pt\/index.php\/category\/zeca-afonso\/\" rel=\"category tag\">ZECA AFONSO<\/a>","tag_info":"ZECA AFONSO","comment_count":"0","_links":{"self":[{"href":"https:\/\/nsf.pt\/index.php\/wp-json\/wp\/v2\/posts\/14013"}],"collection":[{"href":"https:\/\/nsf.pt\/index.php\/wp-json\/wp\/v2\/posts"}],"about":[{"href":"https:\/\/nsf.pt\/index.php\/wp-json\/wp\/v2\/types\/post"}],"author":[{"embeddable":true,"href":"https:\/\/nsf.pt\/index.php\/wp-json\/wp\/v2\/users\/2"}],"replies":[{"embeddable":true,"href":"https:\/\/nsf.pt\/index.php\/wp-json\/wp\/v2\/comments?post=14013"}],"version-history":[{"count":2,"href":"https:\/\/nsf.pt\/index.php\/wp-json\/wp\/v2\/posts\/14013\/revisions"}],"predecessor-version":[{"id":14023,"href":"https:\/\/nsf.pt\/index.php\/wp-json\/wp\/v2\/posts\/14013\/revisions\/14023"}],"wp:featuredmedia":[{"embeddable":true,"href":"https:\/\/nsf.pt\/index.php\/wp-json\/wp\/v2\/media\/14016"}],"wp:attachment":[{"href":"https:\/\/nsf.pt\/index.php\/wp-json\/wp\/v2\/media?parent=14013"}],"wp:term":[{"taxonomy":"category","embeddable":true,"href":"https:\/\/nsf.pt\/index.php\/wp-json\/wp\/v2\/categories?post=14013"},{"taxonomy":"post_tag","embeddable":true,"href":"https:\/\/nsf.pt\/index.php\/wp-json\/wp\/v2\/tags?post=14013"}],"curies":[{"name":"wp","href":"https:\/\/api.w.org\/{rel}","templated":true}]}}