{"id":14107,"date":"2025-06-17T16:48:30","date_gmt":"2025-06-17T16:48:30","guid":{"rendered":"https:\/\/nsf.pt\/?p=14107"},"modified":"2025-06-17T16:48:32","modified_gmt":"2025-06-17T16:48:32","slug":"o-prefacio-de-peggy-sastre","status":"publish","type":"post","link":"https:\/\/nsf.pt\/index.php\/2025\/06\/17\/o-prefacio-de-peggy-sastre\/","title":{"rendered":"O Pref\u00e1cio de Peggy Sastre"},"content":{"rendered":"\n<h2 class=\"wp-block-heading\">O Caos Iminente: Elites, Contraelites e o Caminho para a Desintegra\u00e7\u00e3o Pol\u00edtica de Peter Turchin <\/h2>\n\n\n<div class=\"wp-block-post-date\"><time datetime=\"2025-06-17T16:48:30+00:00\">17 de Junho, 2025<\/time><\/div>\n\n\n<h2 class=\"wp-block-heading\">Apontamentos de leitura de Filipe do Carmo [2]<\/h2>\n\n\n\n<p>A trajet\u00f3ria de Peter Turchin, desde a biologia te\u00f3rica at\u00e9 \u00e0 cria\u00e7\u00e3o da cliodin\u00e2mica, reflete uma busca interdisciplinar por padr\u00f5es na hist\u00f3ria humana. Baseando-se em dados quantitativos, Turchin criou modelos que unem hist\u00f3ria, ci\u00eancias da evolu\u00e7\u00e3o e matem\u00e1tica para prever instabilidades sociais. Ele identificou fatores estruturais, como conflitos entre elites, empobrecimento das massas e fragilidade fiscal, que precedem colapsos sociais, e previu, em 2010, a instabilidade nos EUA em 2020, confirmada por eventos como a pandemia e tens\u00f5es pol\u00edticas. A cliodin\u00e2mica emerge como uma ferramenta inovadora para compreender e prever trajet\u00f3rias sociais complexas.\u00a0<\/p>\n\n\n\n<h2 class=\"wp-block-heading\">Os g\u00e9nios s\u00e3o simples sintomas<\/h2>\n\n\n\n<p>Turchin evidencia relut\u00e2ncia em atribuir progressos cient\u00edficos, em particular nas \u00e1reas pol\u00edtica, social, econ\u00f3mica, a g\u00e9nios, homens providenciais. \u00c9 algo que se aplica a quem usa o seu c\u00e9rebro exaustivamente para apreender a realidade na sua vasta e dur\u00e1vel complexidade.&nbsp;<\/p>\n\n\n\n<p>Os g\u00e9nios s\u00e3o simples sintomas de movimentos claramente estruturais da esp\u00e9cie humana e das suas sociedades. Algo que j\u00e1 se verifica h\u00e1 uma dezena de milhares de anos. Assim, as grandes figuras s\u00e3o apenas o resultado de uma s\u00e9rie de conting\u00eancias e de vari\u00e1veis nelas imbricadas que ocorreram num local adequado e num bom momento.&nbsp;<\/p>\n\n\n\n<p>Tais indiv\u00edduos poder\u00e3o ter tido uma ac\u00e7\u00e3o decisiva sobre a evolu\u00e7\u00e3o das coisas, dos acontecimentos, mas n\u00e3o se ter\u00e1 tratado sen\u00e3o de uma gota de \u00e1gua que fez entornar um recipiente. Ou seja, uma \u00faltima dedada que levar\u00e1 enfim a que algo que j\u00e1 estava em curso desde h\u00e1 muito tempo tenha ent\u00e3o adquirido uma forma que reveste uma muito not\u00e1vel import\u00e2ncia na sociedade.&nbsp;<\/p>\n\n\n\n<p><\/p>\n\n\n\n<h2 class=\"wp-block-heading\">O passado de Turchin\u00a0\u00a0<\/h2>\n\n\n\n<p>Refer\u00eancias ao passado de Turchin e sua fam\u00edlia [em particular o pai, f\u00edsico, cibern\u00e9tico e pioneiro da intelig\u00eancia artificial, cuja carreira conduz a persegui\u00e7\u00e3o pelo KGB e o leva, com a sua fam\u00edlia, a exilar-se e, ap\u00f3s algumas perip\u00e9cias, a conseguir um posto de professor e investigador na Universidade de Col\u00fambia em Outubro de 1977]. Piotr (que na altura tem 20 anos e altera o seu nome para Peter Turchin) envereda por uma carreira de bi\u00f3logo te\u00f3rico (estudando a din\u00e2mica das popula\u00e7\u00f5es nos insectos e nos mam\u00edferos), mas, em 1997, farto de ter encontrado respostas \u00e0 maioria das quest\u00f5es que o empurraram para tal via, aproveita as facilidades que encontra na Universidade de Connecticut e muda-se para um novo campo: sai das ci\u00eancias naturais e entra nas ci\u00eancias humanas e sociais. E, seis anos depois, acompanhado por colegas que haviam optado pelas ci\u00eancias da complexidade, cria um novo campo de investiga\u00e7\u00f5es que combina a Hist\u00f3ria, as ci\u00eancias da evolu\u00e7\u00e3o e as matem\u00e1ticas aplicadas: a ent\u00e3o designada Cliodin\u00e2mica: uma explora\u00e7\u00e3o de dados, cuja quantidade pode chegar aos milh\u00f5es, para conceber um modelo matem\u00e1tico que viesse a permitir compreender e fazer previs\u00f5es relativas \u00e0 traject\u00f3ria do sistema indubitavelmente mais complexo que existe: uma sociedade humana.&nbsp;<\/p>\n\n\n\n<p>Em termos pr\u00e1ticos, um pouco mais tarde, em 2010, num artigo numa revista e aplicando o modelo referido, Turchin utiliza os seus c\u00e1lculos para mostrar que a sociedade americana iria estar sujeita cerca de 2020 a um pico de instabilidade econ\u00f3mica, social e pol\u00edtica. Como, mas como, seria isso aceit\u00e1vel para quem segue as realidades deste Mundo Novo que, precisamente em 2010, acreditavam que viviam uma idade de ouro em que n\u00e3o s\u00f3 o progresso tecnol\u00f3gico era evidente como aspectos negativos das realidades pol\u00edticas e sociais \u2013 como as existentes com tiranias e fontes de disc\u00f3rdia nos dom\u00ednios raciais e sexuais \u2013 estavam em curso de desaparecer do quotidiano. O que, como primeiro opinava Luther King e mais recentemente Obama, sendo o arco do universo moral bastante longo, ele tendia de modo resoluto para a justi\u00e7a.&nbsp;<\/p>\n\n\n\n<p><\/p>\n\n\n\n<h2 class=\"wp-block-heading\">Na Am\u00e9rica<\/h2>\n\n\n\n<p>Quando se chegou a 2020, na Am\u00e9rica, n\u00e3o foi poss\u00edvel ignorar o conjunto de ocorr\u00eancias que determinaram uma clara instabilidade econ\u00f3mica, social e pol\u00edtica. Instabilidade essa em concord\u00e2ncia com o que haviam calculado os \u201ccliodinamistas\u201d (termo que eu prefiro a cliodin\u00e2micos). Foi de facto um ano ca\u00f3tico em que se destacam acontecimentos violentos (derivados do Covid-19 \u2013 oposi\u00e7\u00e3o \u00e0s vacinas e aos confinamentos \u2013, confrontos entre antifascistas e extremistas de direita e partid\u00e1rios de Trump a invadir o Capit\u00f3lio j\u00e1 no in\u00edcio de 2021). Tudo isto de caracter\u00edsticas algo superficiais; no entanto, se tentarmos avaliar em termos de profundidade (situa\u00e7\u00e3o em que tendemos a ver indefini\u00e7\u00e3o, confus\u00e3o), as causas da crise n\u00e3o deixam de se parecer com todas aquelas com que se defrontaram as sociedades humanas desde que \u00e9 poss\u00edvel estud\u00e1-las. Tal como faz Turchin com os seus estudos (incidentes sobre o per\u00edodo iniciado h\u00e1 10 mil anos e muito em particular a \u00faltima metade desse per\u00edodo, a das \u201cultra-sociedades\u201d em que j\u00e1 existem Estados), em que d\u00e1 relevo particular aos colapsos ou meros abalos estatais iniciados com a Saint-Barth\u00e9lemy (1572), a Revolu\u00e7\u00e3o francesa (desencadeada em 1789), a revolta dos Taiping na China (1851-64) e a guerra de Secess\u00e3o americana (1861-65).&nbsp;<\/p>\n\n\n\n<p>E Turchin acrescenta que todos esses colapsos ou abalos s\u00e3o precedidos de um mesmo cocktail de causas estruturais:&nbsp;<\/p>\n\n\n\n<ul>\n<li>Conflitos entre poderosos oriundos de uma sobreprodu\u00e7\u00e3o de elites&nbsp;<\/li>\n<\/ul>\n\n\n\n<ul>\n<li>Descontentamento das massas provocado por um empobrecimento das classes populares&nbsp;<\/li>\n<\/ul>\n\n\n\n<ul>\n<li>Fal\u00eancia da autoridade central causada pela sua fr\u00e1gil sa\u00fade fiscal e um sistema profundamente injusto de extrac\u00e7\u00e3o de riqueza que deixa (quase) toda a gente \u00e0 beira de um ataque de nervos, incitando os mais revoltados \u2013 cada vez mais numerosos \u2013 a querer cortar cabe\u00e7as, dando livre curso a essa t\u00e3o peculiar propens\u00e3o humana que \u00e9 a busca de desculpas para odiar.&nbsp;<\/li>\n<\/ul>\n\n\n\n<p>Tais causas constituem factores que tendem a provocar o caos, situa\u00e7\u00e3o em que \u00e0s elites que controlam o poder pol\u00edtico tendem a opor-se <em>contra-elites<\/em>, grupos de indiv\u00edduos em geral provenientes de etnias ou classes sociais diferentes das que det\u00eam o dito poder. Tais elites procuram naturalmente influenciar as massas populacionais que se sentem crescentemente desprovidas de controlo sobre as condi\u00e7\u00f5es do seu quotidiano e v\u00eaem com bons olhos esfor\u00e7os no sentido de derrubar o poder instalado. E \u00e9 com a percep\u00e7\u00e3o dessa realidade e tendo presente a perspectiva enunciada por um autor americano \u2013&#8221;Politics is the gentle art of getting votes from the poor and campaign funds from the rich, by promising to protect each from the other&#8221; (Oscar Ameringer, que viveu de 1870 a 1943) \u2013 que Turchin parece ir trabalhar no livro <em>Le Chaos qui Vient: \u00c9lites, Contre-\u00c9lites, et la Voie de la D\u00e9sint\u00e9gration Politique<\/em>.\u00a0<\/p>\n\n\n\n<p><\/p>\n\n\n\n<figure class=\"wp-block-image size-full is-resized\"><img decoding=\"async\" loading=\"lazy\" width=\"407\" height=\"368\" src=\"https:\/\/nsf.pt\/wp-content\/uploads\/2023\/07\/filipe1-1.jpg\" alt=\"\" class=\"wp-image-10053\" style=\"aspect-ratio:1.1059782608695652;width:139px;height:auto\" srcset=\"https:\/\/nsf.pt\/wp-content\/uploads\/2023\/07\/filipe1-1.jpg 407w, https:\/\/nsf.pt\/wp-content\/uploads\/2023\/07\/filipe1-1-300x271.jpg 300w\" sizes=\"(max-width: 407px) 100vw, 407px\" \/><\/figure>\n\n\n\n<h2 class=\"wp-block-heading\">Filipe do Carmo<\/h2>\n","protected":false},"excerpt":{"rendered":"<p>O Caos Iminente: Elites, Contraelites e o Caminho para a Desintegra\u00e7\u00e3o Pol\u00edtica de Peter Turchin&#8230;<\/p>\n","protected":false},"author":2,"featured_media":14108,"comment_status":"open","ping_status":"open","sticky":true,"template":"","format":"standard","meta":{"sfsi_plus_gutenberg_text_before_share":"","sfsi_plus_gutenberg_show_text_before_share":"","sfsi_plus_gutenberg_icon_type":"","sfsi_plus_gutenberg_icon_alignemt":"","sfsi_plus_gutenburg_max_per_row":"","ngg_post_thumbnail":0,"footnotes":""},"categories":[519],"tags":[333],"featured_image_urls":{"full":["https:\/\/nsf.pt\/wp-content\/uploads\/2025\/06\/peter-Tu.jpg",367,239,false],"thumbnail":["https:\/\/nsf.pt\/wp-content\/uploads\/2025\/06\/peter-Tu-150x150.jpg",150,150,true],"medium":["https:\/\/nsf.pt\/wp-content\/uploads\/2025\/06\/peter-Tu-300x195.jpg",300,195,true],"medium_large":["https:\/\/nsf.pt\/wp-content\/uploads\/2025\/06\/peter-Tu.jpg",367,239,false],"large":["https:\/\/nsf.pt\/wp-content\/uploads\/2025\/06\/peter-Tu.jpg",367,239,false],"1536x1536":["https:\/\/nsf.pt\/wp-content\/uploads\/2025\/06\/peter-Tu.jpg",367,239,false],"2048x2048":["https:\/\/nsf.pt\/wp-content\/uploads\/2025\/06\/peter-Tu.jpg",367,239,false],"covernews-slider-full":["https:\/\/nsf.pt\/wp-content\/uploads\/2025\/06\/peter-Tu.jpg",367,239,false],"covernews-slider-center":["https:\/\/nsf.pt\/wp-content\/uploads\/2025\/06\/peter-Tu.jpg",367,239,false],"covernews-featured":["https:\/\/nsf.pt\/wp-content\/uploads\/2025\/06\/peter-Tu.jpg",367,239,false],"covernews-medium":["https:\/\/nsf.pt\/wp-content\/uploads\/2025\/06\/peter-Tu.jpg",367,239,false],"covernews-medium-square":["https:\/\/nsf.pt\/wp-content\/uploads\/2025\/06\/peter-Tu.jpg",367,239,false]},"author_info":{"info":["Carlos Ribeiro"]},"category_info":"<a href=\"https:\/\/nsf.pt\/index.php\/category\/biblioteca-das-ideias\/\" rel=\"category tag\">BIBLIOTECA DAS IDEIAS<\/a>","tag_info":"BIBLIOTECA DAS IDEIAS","comment_count":"0","_links":{"self":[{"href":"https:\/\/nsf.pt\/index.php\/wp-json\/wp\/v2\/posts\/14107"}],"collection":[{"href":"https:\/\/nsf.pt\/index.php\/wp-json\/wp\/v2\/posts"}],"about":[{"href":"https:\/\/nsf.pt\/index.php\/wp-json\/wp\/v2\/types\/post"}],"author":[{"embeddable":true,"href":"https:\/\/nsf.pt\/index.php\/wp-json\/wp\/v2\/users\/2"}],"replies":[{"embeddable":true,"href":"https:\/\/nsf.pt\/index.php\/wp-json\/wp\/v2\/comments?post=14107"}],"version-history":[{"count":1,"href":"https:\/\/nsf.pt\/index.php\/wp-json\/wp\/v2\/posts\/14107\/revisions"}],"predecessor-version":[{"id":14109,"href":"https:\/\/nsf.pt\/index.php\/wp-json\/wp\/v2\/posts\/14107\/revisions\/14109"}],"wp:featuredmedia":[{"embeddable":true,"href":"https:\/\/nsf.pt\/index.php\/wp-json\/wp\/v2\/media\/14108"}],"wp:attachment":[{"href":"https:\/\/nsf.pt\/index.php\/wp-json\/wp\/v2\/media?parent=14107"}],"wp:term":[{"taxonomy":"category","embeddable":true,"href":"https:\/\/nsf.pt\/index.php\/wp-json\/wp\/v2\/categories?post=14107"},{"taxonomy":"post_tag","embeddable":true,"href":"https:\/\/nsf.pt\/index.php\/wp-json\/wp\/v2\/tags?post=14107"}],"curies":[{"name":"wp","href":"https:\/\/api.w.org\/{rel}","templated":true}]}}