{"id":14123,"date":"2025-06-20T21:03:51","date_gmt":"2025-06-20T21:03:51","guid":{"rendered":"https:\/\/nsf.pt\/?p=14123"},"modified":"2025-06-20T21:03:53","modified_gmt":"2025-06-20T21:03:53","slug":"enfrentar-o-medo-de-estar-so","status":"publish","type":"post","link":"https:\/\/nsf.pt\/index.php\/2025\/06\/20\/enfrentar-o-medo-de-estar-so\/","title":{"rendered":"Enfrentar o MEDO de estar s\u00f3"},"content":{"rendered":"\n<h2 class=\"wp-block-heading\">A SOLID\u00c3O boa e a solid\u00e3o m\u00e1<\/h2>\n\n\n<div class=\"wp-block-post-date\"><time datetime=\"2025-06-20T21:03:51+00:00\">20 de Junho, 2025<\/time><\/div>\n\n\n<h3 class=\"wp-block-heading\">Por <a href=\"https:\/\/www.facebook.com\/manuelamatosmonteiro\">Manuela Matos Monteiro<\/a><\/h3>\n\n\n\n<p>Samantha Rose Hill, foi uma das oradoras do primeiro dia do Festival ESPANTO: \u201cEnfrentar o medo de estar s\u00f3\u201d. \u00c9 mais conhecida, em Portugal, por ser a autora de &#8220;Hannah Arendt &#8211; Uma Biografia&#8221;. Mas foi um estruturado trabalho filos\u00f3fico que partilhou dando enfase \u00e0 quest\u00e3o da solid\u00e3o, ao medo da solid\u00e3o. Fez um percurso hist\u00f3rico da solid\u00e3o que me trouxe surpresas (est\u00e1 a preparar um livro sobre o tema). A partir da <a><\/a>d\u00e9cada de 80, a solid\u00e3o come\u00e7a a ser encarada como uma epidemia que \u00e9 preciso combater recorrendo a todos os meios, sendo que grande parte s\u00e3o consumo, rendem muito dinheiro, s\u00e3o capitaliz\u00e1veis.<\/p>\n\n\n\n<p>Chama a aten\u00e7\u00e3o para a necessidade de se distinguir diferentes tipos de solid\u00e3o que n\u00e3o pode ser confundida com o simples isolamento f\u00edsico ou social. A solid\u00e3o volunt\u00e1ria (\u201csolitude\u201d que em ingl\u00eas se distingue de \u201cloneliness\u201d) pode ser uma pr\u00e1tica positiva e at\u00e9 necess\u00e1ria para desenvolvimento do pensamento mais profundo e a constru\u00e7\u00e3o de sentido. A solid\u00e3o que resulta do abuso das redes sociais, hiper conectividade e da polariza\u00e7\u00e3o s\u00e3o de outra \u00edndole dado que pode conduzir ao isolamento psicol\u00f3gico e \u00e0 fragilidade democr\u00e1tica.<\/p>\n\n\n\n<p>Isto \u00e9 uma brev\u00edssima nota de uma interven\u00e7\u00e3o que colocou muitas quest\u00f5es. A aguardar uma confer\u00eancia que vai dar no s\u00e1bado: \u201c<strong>Ideologia e terror: ser\u00e1 a solid\u00e3o a condi\u00e7\u00e3o subjacente a todos os movimentos totalit\u00e1rios<\/strong>?\u201d<\/p>\n\n\n\n<p>Contarei!<\/p>\n\n\n\n<p><em>Manuela Matos Monteiro | do Facebook<\/em> | Foto Samantha Rose Hill<\/p>\n","protected":false},"excerpt":{"rendered":"<p>A SOLID\u00c3O boa e a solid\u00e3o m\u00e1 Por Manuela Matos Monteiro Samantha Rose Hill, foi&#8230;<\/p>\n","protected":false},"author":2,"featured_media":14124,"comment_status":"open","ping_status":"open","sticky":true,"template":"","format":"standard","meta":{"sfsi_plus_gutenberg_text_before_share":"","sfsi_plus_gutenberg_show_text_before_share":"","sfsi_plus_gutenberg_icon_type":"","sfsi_plus_gutenberg_icon_alignemt":"","sfsi_plus_gutenburg_max_per_row":"","ngg_post_thumbnail":0,"footnotes":""},"categories":[519,238,365],"tags":[632],"featured_image_urls":{"full":["https:\/\/nsf.pt\/wp-content\/uploads\/2025\/06\/autora.jpg",1227,725,false],"thumbnail":["https:\/\/nsf.pt\/wp-content\/uploads\/2025\/06\/autora-150x150.jpg",150,150,true],"medium":["https:\/\/nsf.pt\/wp-content\/uploads\/2025\/06\/autora-300x177.jpg",300,177,true],"medium_large":["https:\/\/nsf.pt\/wp-content\/uploads\/2025\/06\/autora-768x454.jpg",640,378,true],"large":["https:\/\/nsf.pt\/wp-content\/uploads\/2025\/06\/autora-1024x605.jpg",640,378,true],"1536x1536":["https:\/\/nsf.pt\/wp-content\/uploads\/2025\/06\/autora.jpg",1227,725,false],"2048x2048":["https:\/\/nsf.pt\/wp-content\/uploads\/2025\/06\/autora.jpg",1227,725,false],"covernews-slider-full":["https:\/\/nsf.pt\/wp-content\/uploads\/2025\/06\/autora-1115x715.jpg",1115,715,true],"covernews-slider-center":["https:\/\/nsf.pt\/wp-content\/uploads\/2025\/06\/autora-800x500.jpg",800,500,true],"covernews-featured":["https:\/\/nsf.pt\/wp-content\/uploads\/2025\/06\/autora-1024x605.jpg",1024,605,true],"covernews-medium":["https:\/\/nsf.pt\/wp-content\/uploads\/2025\/06\/autora-540x340.jpg",540,340,true],"covernews-medium-square":["https:\/\/nsf.pt\/wp-content\/uploads\/2025\/06\/autora-400x250.jpg",400,250,true]},"author_info":{"info":["Carlos Ribeiro"]},"category_info":"<a href=\"https:\/\/nsf.pt\/index.php\/category\/biblioteca-das-ideias\/\" rel=\"category tag\">BIBLIOTECA DAS IDEIAS<\/a> <a href=\"https:\/\/nsf.pt\/index.php\/category\/destaque\/\" rel=\"category tag\">DESTAQUE<\/a> <a href=\"https:\/\/nsf.pt\/index.php\/category\/festival\/\" rel=\"category tag\">FESTIVAL<\/a>","tag_info":"FESTIVAL","comment_count":"0","_links":{"self":[{"href":"https:\/\/nsf.pt\/index.php\/wp-json\/wp\/v2\/posts\/14123"}],"collection":[{"href":"https:\/\/nsf.pt\/index.php\/wp-json\/wp\/v2\/posts"}],"about":[{"href":"https:\/\/nsf.pt\/index.php\/wp-json\/wp\/v2\/types\/post"}],"author":[{"embeddable":true,"href":"https:\/\/nsf.pt\/index.php\/wp-json\/wp\/v2\/users\/2"}],"replies":[{"embeddable":true,"href":"https:\/\/nsf.pt\/index.php\/wp-json\/wp\/v2\/comments?post=14123"}],"version-history":[{"count":1,"href":"https:\/\/nsf.pt\/index.php\/wp-json\/wp\/v2\/posts\/14123\/revisions"}],"predecessor-version":[{"id":14125,"href":"https:\/\/nsf.pt\/index.php\/wp-json\/wp\/v2\/posts\/14123\/revisions\/14125"}],"wp:featuredmedia":[{"embeddable":true,"href":"https:\/\/nsf.pt\/index.php\/wp-json\/wp\/v2\/media\/14124"}],"wp:attachment":[{"href":"https:\/\/nsf.pt\/index.php\/wp-json\/wp\/v2\/media?parent=14123"}],"wp:term":[{"taxonomy":"category","embeddable":true,"href":"https:\/\/nsf.pt\/index.php\/wp-json\/wp\/v2\/categories?post=14123"},{"taxonomy":"post_tag","embeddable":true,"href":"https:\/\/nsf.pt\/index.php\/wp-json\/wp\/v2\/tags?post=14123"}],"curies":[{"name":"wp","href":"https:\/\/api.w.org\/{rel}","templated":true}]}}