{"id":14134,"date":"2025-06-22T19:32:16","date_gmt":"2025-06-22T19:32:16","guid":{"rendered":"https:\/\/nsf.pt\/?p=14134"},"modified":"2025-06-22T19:45:26","modified_gmt":"2025-06-22T19:45:26","slug":"22-de-junho-de-1969","status":"publish","type":"post","link":"https:\/\/nsf.pt\/index.php\/2025\/06\/22\/22-de-junho-de-1969\/","title":{"rendered":"22 de junho de 1969"},"content":{"rendered":"\n<h2 class=\"wp-block-heading\">Neste dia em 1969, os estudantes da Universidade de Coimbra afrontaram o regime do Estado Novo em plena final da Ta\u00e7a de Portugal. <\/h2>\n\n\n\n<p><a><\/a>22 de junho de 1969 \u2013 Est\u00e1dio Nacional<\/p>\n\n\n\n<p>Acad\u00e9mica 1-2 Benfica<\/p>\n\n\n\n<p>A final mais pol\u00edtica de sempre, a prova de que o futebol\u2026 n\u00e3o \u00e9 apenas futebol. Em 1969, em plena ditadura, vivia-se uma crise acad\u00e9mica, numa altura em que o Estado Novo estava em renova\u00e7\u00e3o. Os estudantes da Universidade de Coimbra afrontaram o regime, clamando por mais direitos, democracia e melhor ensino.<\/p>\n\n\n\n<p>E quis o destino que a Acad\u00e9mica chegasse \u00e0 final da Ta\u00e7a de Portugal nesse mesmo ano. O governo mostrava claros sinais de preocupa\u00e7\u00e3o, temendo que o jogo fosse utilizado como pretexto para uma gigantesca manifesta\u00e7\u00e3o contra o regime. A realiza\u00e7\u00e3o do encontro esteve mesmo em causa, tanto assim que o Sporting, derrotado pelos estudantes nas meias-finais, ficou de preven\u00e7\u00e3o a estagiar caso se confirmasse a aus\u00eancia da Acad\u00e9mica no Jamor.<\/p>\n\n\n\n<p>Mas o jogo veio mesmo a realizar-se, ainda que sem a presen\u00e7a de altas figuras do Estado como Presidente da Rep\u00fablica, Presidente do Conselho e Ministro da Educa\u00e7\u00e3o. Pela primeira vez desde que iniciara transmiss\u00f5es da final, a RTP n\u00e3o iria transmitir o jogo. Nas bancadas estavam centenas de agentes da PIDE infiltrados e dentro de campo a Acad\u00e9mica estava impedida de jogar de branco ou com qualquer forma vis\u00edvel de luto.<\/p>\n\n\n\n<p>A primeira parte decorreu com absoluta normalidade e acalmia, mas ap\u00f3s o intervalo os estudantes levantaram tarjas em que se podiam ler \u201cmelhor ensino, menos pol\u00edcias\u201d, \u201cest\u00e3o 36 estudantes presos\u201d, \u201cEstudantes Unidos por Coimbra\u201d ou \u201cUniversidade Livre\u201d, tornando a final no maior com\u00edcio contra a ditadura.<\/p>\n\n\n\n<p>Quanto ao mais importante, o jogo, Ant\u00f3nio inaugurou o marcador logo no primeiro minuto e deu vantagem aos estudantes, que estiveram com uma m\u00e3o no trof\u00e9u. Por\u00e9m, Sim\u00f5es empatou aos 85\u2019 e atirou a decis\u00e3o para prolongamento, etapa em que apareceu Eus\u00e9bio a marcar o golo que garantiu a 13.\u00aa Ta\u00e7a de Portugal ao Benfica.<\/p>\n\n\n\n<p>Texto de Jo\u00e3o Pedro Silveira<\/p>\n\n\n\n<p>Publicado em Velhas Guardas da Bola<\/p>\n","protected":false},"excerpt":{"rendered":"<p>Neste dia em 1969, os estudantes da Universidade de Coimbra afrontaram o regime do Estado&#8230;<\/p>\n","protected":false},"author":2,"featured_media":14136,"comment_status":"open","ping_status":"open","sticky":true,"template":"","format":"standard","meta":{"sfsi_plus_gutenberg_text_before_share":"","sfsi_plus_gutenberg_show_text_before_share":"","sfsi_plus_gutenberg_icon_type":"","sfsi_plus_gutenberg_icon_alignemt":"","sfsi_plus_gutenburg_max_per_row":"","ngg_post_thumbnail":0,"footnotes":""},"categories":[238,448],"tags":[638],"featured_image_urls":{"full":["https:\/\/nsf.pt\/wp-content\/uploads\/2025\/06\/FUTEBOL-AAC.jpg",675,435,false],"thumbnail":["https:\/\/nsf.pt\/wp-content\/uploads\/2025\/06\/FUTEBOL-AAC-150x150.jpg",150,150,true],"medium":["https:\/\/nsf.pt\/wp-content\/uploads\/2025\/06\/FUTEBOL-AAC-300x193.jpg",300,193,true],"medium_large":["https:\/\/nsf.pt\/wp-content\/uploads\/2025\/06\/FUTEBOL-AAC.jpg",640,412,false],"large":["https:\/\/nsf.pt\/wp-content\/uploads\/2025\/06\/FUTEBOL-AAC.jpg",640,412,false],"1536x1536":["https:\/\/nsf.pt\/wp-content\/uploads\/2025\/06\/FUTEBOL-AAC.jpg",675,435,false],"2048x2048":["https:\/\/nsf.pt\/wp-content\/uploads\/2025\/06\/FUTEBOL-AAC.jpg",675,435,false],"covernews-slider-full":["https:\/\/nsf.pt\/wp-content\/uploads\/2025\/06\/FUTEBOL-AAC.jpg",675,435,false],"covernews-slider-center":["https:\/\/nsf.pt\/wp-content\/uploads\/2025\/06\/FUTEBOL-AAC.jpg",675,435,false],"covernews-featured":["https:\/\/nsf.pt\/wp-content\/uploads\/2025\/06\/FUTEBOL-AAC.jpg",675,435,false],"covernews-medium":["https:\/\/nsf.pt\/wp-content\/uploads\/2025\/06\/FUTEBOL-AAC-540x340.jpg",540,340,true],"covernews-medium-square":["https:\/\/nsf.pt\/wp-content\/uploads\/2025\/06\/FUTEBOL-AAC-400x250.jpg",400,250,true]},"author_info":{"info":["Carlos Ribeiro"]},"category_info":"<a href=\"https:\/\/nsf.pt\/index.php\/category\/destaque\/\" rel=\"category tag\">DESTAQUE<\/a> <a href=\"https:\/\/nsf.pt\/index.php\/category\/historia-e-memorias\/\" rel=\"category tag\">HIST\u00d3RIA E MEM\u00d3RIAS<\/a>","tag_info":"HIST\u00d3RIA E MEM\u00d3RIAS","comment_count":"0","_links":{"self":[{"href":"https:\/\/nsf.pt\/index.php\/wp-json\/wp\/v2\/posts\/14134"}],"collection":[{"href":"https:\/\/nsf.pt\/index.php\/wp-json\/wp\/v2\/posts"}],"about":[{"href":"https:\/\/nsf.pt\/index.php\/wp-json\/wp\/v2\/types\/post"}],"author":[{"embeddable":true,"href":"https:\/\/nsf.pt\/index.php\/wp-json\/wp\/v2\/users\/2"}],"replies":[{"embeddable":true,"href":"https:\/\/nsf.pt\/index.php\/wp-json\/wp\/v2\/comments?post=14134"}],"version-history":[{"count":2,"href":"https:\/\/nsf.pt\/index.php\/wp-json\/wp\/v2\/posts\/14134\/revisions"}],"predecessor-version":[{"id":14138,"href":"https:\/\/nsf.pt\/index.php\/wp-json\/wp\/v2\/posts\/14134\/revisions\/14138"}],"wp:featuredmedia":[{"embeddable":true,"href":"https:\/\/nsf.pt\/index.php\/wp-json\/wp\/v2\/media\/14136"}],"wp:attachment":[{"href":"https:\/\/nsf.pt\/index.php\/wp-json\/wp\/v2\/media?parent=14134"}],"wp:term":[{"taxonomy":"category","embeddable":true,"href":"https:\/\/nsf.pt\/index.php\/wp-json\/wp\/v2\/categories?post=14134"},{"taxonomy":"post_tag","embeddable":true,"href":"https:\/\/nsf.pt\/index.php\/wp-json\/wp\/v2\/tags?post=14134"}],"curies":[{"name":"wp","href":"https:\/\/api.w.org\/{rel}","templated":true}]}}