{"id":14198,"date":"2025-07-02T21:36:55","date_gmt":"2025-07-02T21:36:55","guid":{"rendered":"https:\/\/nsf.pt\/?p=14198"},"modified":"2025-07-02T21:36:57","modified_gmt":"2025-07-02T21:36:57","slug":"a-boa-educacao-na-escola","status":"publish","type":"post","link":"https:\/\/nsf.pt\/index.php\/2025\/07\/02\/a-boa-educacao-na-escola\/","title":{"rendered":"A boa educa\u00e7\u00e3o na escola"},"content":{"rendered":"\n<h2 class=\"wp-block-heading\">AGENDA &#8211; <strong>II Encontro A (Boa) Educa\u00e7\u00e3o na Escola<\/strong><\/h2>\n\n\n<div class=\"wp-block-post-date\"><time datetime=\"2025-07-02T21:36:55+00:00\">2 de Julho, 2025<\/time><\/div>\n\n\n<h4 class=\"wp-block-heading\">9 a 12 de dezembro de 2025<\/h4>\n\n\n\n<h4 class=\"wp-block-heading\">Online | Organiza\u00e7\u00e3o: SPCE<\/h4>\n\n\n\n<p>A&nbsp;<strong>Sociedade Portuguesa de Ci\u00eancias da Educa\u00e7\u00e3o (SPCE)<\/strong>&nbsp;convida todos os profissionais e estudantes da \u00e1rea da educa\u00e7\u00e3o a participar no II Encontro&nbsp;<em>\u201cA (Boa) Educa\u00e7\u00e3o na Escola: perspetivas, pr\u00e1ticas e desafios\u201d<\/em>.<\/p>\n\n\n\n<p>Este encontro pretende dar visibilidade \u00e0 educa\u00e7\u00e3o que se constr\u00f3i nas escolas \u2014 uma educa\u00e7\u00e3o cr\u00edtica, transformadora e inclusiva, orientada pelos princ\u00edpios da\u00a0<strong>equidade, diversidade, justi\u00e7a social e relacionalidade<\/strong>.<\/p>\n\n\n\n<p>Procuram-se projetos, experi\u00eancias e reflex\u00f5es que:<\/p>\n\n\n\n<p>&#x2714;&#xfe0f; valorizem o trabalho de professores, educadores e outros profissionais;<\/p>\n\n\n\n<p>&#x2714;&#xfe0f; envolvam a comunidade educativa;<\/p>\n\n\n\n<p>&#x2714;&#xfe0f; promovam inova\u00e7\u00e3o, bem-estar e justi\u00e7a social nas escolas.<\/p>\n\n\n\n<p><strong>Prazo para submiss\u00e3o de propostas: at\u00e9 30 de setembro de 2025<\/strong><\/p>\n\n\n\n<p>&#x2714;&#xfe0f; envolvam a comunidade educativa;<\/p>\n\n\n\n<p>&#x2714;&#xfe0f; promovam inova\u00e7\u00e3o, bem-estar e justi\u00e7a social nas escolas.<\/p>\n\n\n\n<p>&#x1f4e2;&nbsp;<strong>Prazo para submiss\u00e3o de propostas: at\u00e9 30 de setembro de 2025<\/strong><\/p>\n","protected":false},"excerpt":{"rendered":"<p>AGENDA &#8211; II Encontro A (Boa) Educa\u00e7\u00e3o na Escola 9 a 12 de dezembro de&#8230;<\/p>\n","protected":false},"author":2,"featured_media":14199,"comment_status":"open","ping_status":"open","sticky":true,"template":"","format":"standard","meta":{"sfsi_plus_gutenberg_text_before_share":"","sfsi_plus_gutenberg_show_text_before_share":"","sfsi_plus_gutenberg_icon_type":"","sfsi_plus_gutenberg_icon_alignemt":"","sfsi_plus_gutenburg_max_per_row":"","ngg_post_thumbnail":0,"footnotes":""},"categories":[207,520],"tags":[409],"featured_image_urls":{"full":["https:\/\/nsf.pt\/wp-content\/uploads\/2025\/07\/educacao.jpg",1172,656,false],"thumbnail":["https:\/\/nsf.pt\/wp-content\/uploads\/2025\/07\/educacao-150x150.jpg",150,150,true],"medium":["https:\/\/nsf.pt\/wp-content\/uploads\/2025\/07\/educacao-300x168.jpg",300,168,true],"medium_large":["https:\/\/nsf.pt\/wp-content\/uploads\/2025\/07\/educacao-768x430.jpg",640,358,true],"large":["https:\/\/nsf.pt\/wp-content\/uploads\/2025\/07\/educacao-1024x573.jpg",640,358,true],"1536x1536":["https:\/\/nsf.pt\/wp-content\/uploads\/2025\/07\/educacao.jpg",1172,656,false],"2048x2048":["https:\/\/nsf.pt\/wp-content\/uploads\/2025\/07\/educacao.jpg",1172,656,false],"covernews-slider-full":["https:\/\/nsf.pt\/wp-content\/uploads\/2025\/07\/educacao-1115x656.jpg",1115,656,true],"covernews-slider-center":["https:\/\/nsf.pt\/wp-content\/uploads\/2025\/07\/educacao-800x500.jpg",800,500,true],"covernews-featured":["https:\/\/nsf.pt\/wp-content\/uploads\/2025\/07\/educacao-1024x573.jpg",1024,573,true],"covernews-medium":["https:\/\/nsf.pt\/wp-content\/uploads\/2025\/07\/educacao-540x340.jpg",540,340,true],"covernews-medium-square":["https:\/\/nsf.pt\/wp-content\/uploads\/2025\/07\/educacao-400x250.jpg",400,250,true]},"author_info":{"info":["Carlos Ribeiro"]},"category_info":"<a href=\"https:\/\/nsf.pt\/index.php\/category\/agenda-2\/\" rel=\"category tag\">AGENDA<\/a> <a href=\"https:\/\/nsf.pt\/index.php\/category\/educacao\/\" rel=\"category tag\">EDUCA\u00c7\u00c3O<\/a>","tag_info":"EDUCA\u00c7\u00c3O","comment_count":"0","_links":{"self":[{"href":"https:\/\/nsf.pt\/index.php\/wp-json\/wp\/v2\/posts\/14198"}],"collection":[{"href":"https:\/\/nsf.pt\/index.php\/wp-json\/wp\/v2\/posts"}],"about":[{"href":"https:\/\/nsf.pt\/index.php\/wp-json\/wp\/v2\/types\/post"}],"author":[{"embeddable":true,"href":"https:\/\/nsf.pt\/index.php\/wp-json\/wp\/v2\/users\/2"}],"replies":[{"embeddable":true,"href":"https:\/\/nsf.pt\/index.php\/wp-json\/wp\/v2\/comments?post=14198"}],"version-history":[{"count":1,"href":"https:\/\/nsf.pt\/index.php\/wp-json\/wp\/v2\/posts\/14198\/revisions"}],"predecessor-version":[{"id":14200,"href":"https:\/\/nsf.pt\/index.php\/wp-json\/wp\/v2\/posts\/14198\/revisions\/14200"}],"wp:featuredmedia":[{"embeddable":true,"href":"https:\/\/nsf.pt\/index.php\/wp-json\/wp\/v2\/media\/14199"}],"wp:attachment":[{"href":"https:\/\/nsf.pt\/index.php\/wp-json\/wp\/v2\/media?parent=14198"}],"wp:term":[{"taxonomy":"category","embeddable":true,"href":"https:\/\/nsf.pt\/index.php\/wp-json\/wp\/v2\/categories?post=14198"},{"taxonomy":"post_tag","embeddable":true,"href":"https:\/\/nsf.pt\/index.php\/wp-json\/wp\/v2\/tags?post=14198"}],"curies":[{"name":"wp","href":"https:\/\/api.w.org\/{rel}","templated":true}]}}