{"id":14276,"date":"2025-07-16T20:08:08","date_gmt":"2025-07-16T20:08:08","guid":{"rendered":"https:\/\/nsf.pt\/?p=14276"},"modified":"2025-07-16T20:08:09","modified_gmt":"2025-07-16T20:08:09","slug":"amigos-franceses-do-chega-andam-a-ser-investigados","status":"publish","type":"post","link":"https:\/\/nsf.pt\/index.php\/2025\/07\/16\/amigos-franceses-do-chega-andam-a-ser-investigados\/","title":{"rendered":"Amigos franceses do Chega andam a ser investigados"},"content":{"rendered":"\n<h2 class=\"wp-block-heading\">A Frente Nacional (RN) em Fran\u00e7a no centro de v\u00e1rios processos judiciais<\/h2>\n\n\n<div class=\"wp-block-post-date\"><time datetime=\"2025-07-16T20:08:08+00:00\">16 de Julho, 2025<\/time><\/div>\n\n\n<h2 class=\"wp-block-heading\">Segundo o di\u00e1rio franc\u00eas Le Monde uma s\u00e9rie de processos pol\u00edticos e financeiros est\u00e3o atualmente em curso contra a Frente Nacional (Rassemblement National). <\/h2>\n\n\n\n<p>A sede do partido de extrema-direita em Paris foi alvo de uma busca na quarta-feira, 9 de julho, quatro meses depois de Marine Le Pen (que recorreu) e de v\u00e1rios outros dirigentes do partido terem sido condenados no caso dos Assistentes Parlamentares Europeus.  O Minist\u00e9rio P\u00fablico Europeu abriu um inqu\u00e9rito sobre uma poss\u00edvel apropria\u00e7\u00e3o indevida de fundos por parte do seu grupo parlamentar em Bruxelas e, 24 horas depois, acontecem as buscas na sede do RN.<\/p>\n\n\n\n<p>Os tribunais est\u00e3o particularmente focados nos empr\u00e9stimos concedidos nos \u00faltimos anos por apoiantes abastados ao partido de extrema-direita e aos seus candidatos, no \u00e2mbito de uma investiga\u00e7\u00e3o judicial aberta a 2 de julho de 2024, em Paris, sobre suspeitas de financiamento il\u00edcito das campanhas da Frente Nacional para as elei\u00e7\u00f5es presidenciais e legislativas de 2022, bem como para as elei\u00e7\u00f5es europeias de 2024.<\/p>\n\n\n\n<p><\/p>\n\n\n\n<p>Foto de destaque Marine Le Pe \u00a9 Atribui\u00e7\u00e3o: J\u00c4NNICK J\u00e9r\u00e9my\u00a0 CComons licence<\/p>\n","protected":false},"excerpt":{"rendered":"<p>A Frente Nacional (RN) em Fran\u00e7a no centro de v\u00e1rios processos judiciais Segundo o di\u00e1rio&#8230;<\/p>\n","protected":false},"author":2,"featured_media":14277,"comment_status":"open","ping_status":"open","sticky":true,"template":"","format":"standard","meta":{"sfsi_plus_gutenberg_text_before_share":"","sfsi_plus_gutenberg_show_text_before_share":"","sfsi_plus_gutenberg_icon_type":"","sfsi_plus_gutenberg_icon_alignemt":"","sfsi_plus_gutenburg_max_per_row":"","ngg_post_thumbnail":0,"footnotes":""},"categories":[238,555,236],"tags":[27],"featured_image_urls":{"full":["https:\/\/nsf.pt\/wp-content\/uploads\/2025\/07\/le-pen.jpg",950,666,false],"thumbnail":["https:\/\/nsf.pt\/wp-content\/uploads\/2025\/07\/le-pen-150x150.jpg",150,150,true],"medium":["https:\/\/nsf.pt\/wp-content\/uploads\/2025\/07\/le-pen-300x210.jpg",300,210,true],"medium_large":["https:\/\/nsf.pt\/wp-content\/uploads\/2025\/07\/le-pen-768x538.jpg",640,448,true],"large":["https:\/\/nsf.pt\/wp-content\/uploads\/2025\/07\/le-pen.jpg",640,449,false],"1536x1536":["https:\/\/nsf.pt\/wp-content\/uploads\/2025\/07\/le-pen.jpg",950,666,false],"2048x2048":["https:\/\/nsf.pt\/wp-content\/uploads\/2025\/07\/le-pen.jpg",950,666,false],"covernews-slider-full":["https:\/\/nsf.pt\/wp-content\/uploads\/2025\/07\/le-pen.jpg",950,666,false],"covernews-slider-center":["https:\/\/nsf.pt\/wp-content\/uploads\/2025\/07\/le-pen-800x500.jpg",800,500,true],"covernews-featured":["https:\/\/nsf.pt\/wp-content\/uploads\/2025\/07\/le-pen.jpg",950,666,false],"covernews-medium":["https:\/\/nsf.pt\/wp-content\/uploads\/2025\/07\/le-pen-540x340.jpg",540,340,true],"covernews-medium-square":["https:\/\/nsf.pt\/wp-content\/uploads\/2025\/07\/le-pen-400x250.jpg",400,250,true]},"author_info":{"info":["Carlos Ribeiro"]},"category_info":"<a href=\"https:\/\/nsf.pt\/index.php\/category\/destaque\/\" rel=\"category tag\">DESTAQUE<\/a> <a href=\"https:\/\/nsf.pt\/index.php\/category\/franca\/\" rel=\"category tag\">FRAN\u00c7A<\/a> <a href=\"https:\/\/nsf.pt\/index.php\/category\/mundo\/\" rel=\"category tag\">MUNDO<\/a>","tag_info":"MUNDO","comment_count":"0","_links":{"self":[{"href":"https:\/\/nsf.pt\/index.php\/wp-json\/wp\/v2\/posts\/14276"}],"collection":[{"href":"https:\/\/nsf.pt\/index.php\/wp-json\/wp\/v2\/posts"}],"about":[{"href":"https:\/\/nsf.pt\/index.php\/wp-json\/wp\/v2\/types\/post"}],"author":[{"embeddable":true,"href":"https:\/\/nsf.pt\/index.php\/wp-json\/wp\/v2\/users\/2"}],"replies":[{"embeddable":true,"href":"https:\/\/nsf.pt\/index.php\/wp-json\/wp\/v2\/comments?post=14276"}],"version-history":[{"count":1,"href":"https:\/\/nsf.pt\/index.php\/wp-json\/wp\/v2\/posts\/14276\/revisions"}],"predecessor-version":[{"id":14278,"href":"https:\/\/nsf.pt\/index.php\/wp-json\/wp\/v2\/posts\/14276\/revisions\/14278"}],"wp:featuredmedia":[{"embeddable":true,"href":"https:\/\/nsf.pt\/index.php\/wp-json\/wp\/v2\/media\/14277"}],"wp:attachment":[{"href":"https:\/\/nsf.pt\/index.php\/wp-json\/wp\/v2\/media?parent=14276"}],"wp:term":[{"taxonomy":"category","embeddable":true,"href":"https:\/\/nsf.pt\/index.php\/wp-json\/wp\/v2\/categories?post=14276"},{"taxonomy":"post_tag","embeddable":true,"href":"https:\/\/nsf.pt\/index.php\/wp-json\/wp\/v2\/tags?post=14276"}],"curies":[{"name":"wp","href":"https:\/\/api.w.org\/{rel}","templated":true}]}}