{"id":14334,"date":"2025-07-21T17:54:53","date_gmt":"2025-07-21T17:54:53","guid":{"rendered":"https:\/\/nsf.pt\/?p=14334"},"modified":"2025-07-21T17:54:56","modified_gmt":"2025-07-21T17:54:56","slug":"aja-vai-contestar","status":"publish","type":"post","link":"https:\/\/nsf.pt\/index.php\/2025\/07\/21\/aja-vai-contestar\/","title":{"rendered":"AJA vai contestar"},"content":{"rendered":"\n<h2 class=\"wp-block-heading\">Surpresa e preocupa\u00e7\u00e3o com o arquivamento da classifica\u00e7\u00e3o da obra fonogr\u00e1fica de Jos\u00e9 Afonso\u00a0<\/h2>\n\n\n<div class=\"wp-block-post-date\"><time datetime=\"2025-07-21T17:54:53+00:00\">21 de Julho, 2025<\/time><\/div>\n\n\n<p>A Direc\u00e7\u00e3o da Associa\u00e7\u00e3o Jos\u00e9 Afonso expressa surpresa e preocupa\u00e7\u00e3o quanto ao arquivamento do processo de classifica\u00e7\u00e3o da obra fonogr\u00e1fica de Jos\u00e9 Afonso, destacando a aus\u00eancia de justifica\u00e7\u00f5es no an\u00fancio oficial, a relev\u00e2ncia cultural e simb\u00f3lica da obra, e recordando os esfor\u00e7os realizados desde 2019 para a sua preserva\u00e7\u00e3o como patrim\u00f3nio cultural, incluindo iniciativas de sensibiliza\u00e7\u00e3o, um abaixo-assinado e contactos institucionais. Face \u00e0 decis\u00e3o recente, a associa\u00e7\u00e3o anuncia que ir\u00e1 apresentar contesta\u00e7\u00e3o, sublinhando a import\u00e2ncia de manter viva a heran\u00e7a de Jos\u00e9 Afonso nas gera\u00e7\u00f5es futuras.&nbsp;<\/p>\n\n\n\n<h2 class=\"wp-block-heading\">Comunicado da dire\u00e7\u00e3o da AJA<\/h2>\n\n\n\n<p>A Direc\u00e7\u00e3o da Associa\u00e7\u00e3o Jos\u00e9 Afonso manifesta surpresa e preocupa\u00e7\u00e3o com a publica\u00e7\u00e3o em Di\u00e1rio da Rep\u00fablica do an\u00fancio n\u00ba 227\/2025 da Museus e Monumentos de Portugal EPE, de 8 de Julho, comunicando a decis\u00e3o de \u201carquivamento por caducidade da obra fonogr\u00e1fica de Jos\u00e9 Afonso\u201d.&nbsp;<\/p>\n\n\n\n<p>Surpreende-nos e preocupa-nos que o an\u00fancio seja completamente omisso quanto aos motivos considerados para justificar tal procedimento.&nbsp;<\/p>\n\n\n\n<p>Nunca \u00e9 demais sublinhar a import\u00e2ncia da obra de Jos\u00e9 Afonso, a sua dimens\u00e3o internacional e a sua perenidade, os valores de justi\u00e7a social, solidariedade e progresso que transmite, a import\u00e2ncia de preservar essa obra e de a estudar e divulgar junto das novas gera\u00e7\u00f5es.&nbsp;<\/p>\n\n\n\n<p>Foram esses aspectos que nos moveram para em 2019 iniciar um conjunto de ac\u00e7\u00f5es de sensibiliza\u00e7\u00e3o para a necessidade de classifica\u00e7\u00e3o da obra fonogr\u00e1fica como patrim\u00f3nio cultural m\u00f3vel. Nesse sentido pedimos audi\u00eancias aos grupos parlamentares e promovemos um abaixo-assinado que recolheu mais de 11 mil assinaturas entregues \u00e0 Senhora Ministra da Cultura em 2 de Agosto de 2019.&nbsp; O processo de classifica\u00e7\u00e3o aberto pela Direc\u00e7\u00e3o Geral do patrim\u00f3nio Cultural\/Minist\u00e9rio da Cultura em 2 de Setembro de 2020 \u00e9 consequ\u00eancia directa destas ac\u00e7\u00f5es.&nbsp;<\/p>\n\n\n\n<p>Depois disso, ao longo do tempo, mais do que uma vez circulou a not\u00edcia que o processo poderia caducar. Preocupados, inst\u00e1mos o Minist\u00e9rio da Cultura no sentido de esclarecer a situa\u00e7\u00e3o. A DGPC desmentia cabalmente qualquer inten\u00e7\u00e3o de arquivamento em finais de 2023. Cerca de seis meses depois somos confrontados com uma decis\u00e3o em sentido contr\u00e1rio da parte da Museus e Monumentos de Portugal, entidade criada no \u00e2mbito do MC em Dezembro do ano transacto.&nbsp;<\/p>\n\n\n\n<p>Da \u00faltima iniciativa naquele sentido, enviada pela AJA \u00e0 Senhora Ministra em 5 de Fevereiro de 2025, depois de um inabitual extravio, seguido de reenvio, n\u00e3o recebemos at\u00e9 hoje resposta. N\u00e3o fomos tamb\u00e9m em qualquer momento contactados para colaborar no processo de classifica\u00e7\u00e3o. Fomos apenas confrontados com o an\u00fancio agora publicado em Di\u00e1rio da Rep\u00fablica.&nbsp;<\/p>\n\n\n\n<p>Vamos, naturalmente apresentar contesta\u00e7\u00e3o a esta decis\u00e3o. A vontade expressa nos milhares de assinaturas recolhidas, as demonstra\u00e7\u00f5es de apre\u00e7o pela obra de Jos\u00e9 Afonso, que recolhe amplo reconhecimento na sociedade portuguesa, a dimens\u00e3o simb\u00f3lica do cantor e do cidad\u00e3o, t\u00e3o estritamente ligado ao 25 de Abril e \u00e0 instaura\u00e7\u00e3o da democracia no nosso pais, cujo cinquenten\u00e1rio temos vindo a assinalar, exigem-no.&nbsp;<\/p>\n\n\n\n<p>14 de Julho de 2025&nbsp;<\/p>\n\n\n\n<p>A Direc\u00e7\u00e3o da Associa\u00e7\u00e3o Jos\u00e9 Afonso\u00a0<\/p>\n\n\n\n<p><em>Comunicado escrito com a grafia anterior ao AO 1990<\/em><\/p>\n","protected":false},"excerpt":{"rendered":"<p>Surpresa e preocupa\u00e7\u00e3o com o arquivamento da classifica\u00e7\u00e3o da obra fonogr\u00e1fica de Jos\u00e9 Afonso\u00a0 A&#8230;<\/p>\n","protected":false},"author":2,"featured_media":14335,"comment_status":"open","ping_status":"open","sticky":true,"template":"","format":"standard","meta":{"sfsi_plus_gutenberg_text_before_share":"","sfsi_plus_gutenberg_show_text_before_share":"","sfsi_plus_gutenberg_icon_type":"","sfsi_plus_gutenberg_icon_alignemt":"","sfsi_plus_gutenburg_max_per_row":"","ngg_post_thumbnail":0,"footnotes":""},"categories":[238,395],"tags":[283],"featured_image_urls":{"full":["https:\/\/nsf.pt\/wp-content\/uploads\/2025\/07\/zeca.jpg",577,400,false],"thumbnail":["https:\/\/nsf.pt\/wp-content\/uploads\/2025\/07\/zeca-150x150.jpg",150,150,true],"medium":["https:\/\/nsf.pt\/wp-content\/uploads\/2025\/07\/zeca-300x208.jpg",300,208,true],"medium_large":["https:\/\/nsf.pt\/wp-content\/uploads\/2025\/07\/zeca.jpg",577,400,false],"large":["https:\/\/nsf.pt\/wp-content\/uploads\/2025\/07\/zeca.jpg",577,400,false],"1536x1536":["https:\/\/nsf.pt\/wp-content\/uploads\/2025\/07\/zeca.jpg",577,400,false],"2048x2048":["https:\/\/nsf.pt\/wp-content\/uploads\/2025\/07\/zeca.jpg",577,400,false],"covernews-slider-full":["https:\/\/nsf.pt\/wp-content\/uploads\/2025\/07\/zeca.jpg",577,400,false],"covernews-slider-center":["https:\/\/nsf.pt\/wp-content\/uploads\/2025\/07\/zeca.jpg",577,400,false],"covernews-featured":["https:\/\/nsf.pt\/wp-content\/uploads\/2025\/07\/zeca.jpg",577,400,false],"covernews-medium":["https:\/\/nsf.pt\/wp-content\/uploads\/2025\/07\/zeca-540x340.jpg",540,340,true],"covernews-medium-square":["https:\/\/nsf.pt\/wp-content\/uploads\/2025\/07\/zeca-400x250.jpg",400,250,true]},"author_info":{"info":["Carlos Ribeiro"]},"category_info":"<a href=\"https:\/\/nsf.pt\/index.php\/category\/destaque\/\" rel=\"category tag\">DESTAQUE<\/a> <a href=\"https:\/\/nsf.pt\/index.php\/category\/zeca-afonso\/\" rel=\"category tag\">ZECA AFONSO<\/a>","tag_info":"ZECA AFONSO","comment_count":"0","_links":{"self":[{"href":"https:\/\/nsf.pt\/index.php\/wp-json\/wp\/v2\/posts\/14334"}],"collection":[{"href":"https:\/\/nsf.pt\/index.php\/wp-json\/wp\/v2\/posts"}],"about":[{"href":"https:\/\/nsf.pt\/index.php\/wp-json\/wp\/v2\/types\/post"}],"author":[{"embeddable":true,"href":"https:\/\/nsf.pt\/index.php\/wp-json\/wp\/v2\/users\/2"}],"replies":[{"embeddable":true,"href":"https:\/\/nsf.pt\/index.php\/wp-json\/wp\/v2\/comments?post=14334"}],"version-history":[{"count":1,"href":"https:\/\/nsf.pt\/index.php\/wp-json\/wp\/v2\/posts\/14334\/revisions"}],"predecessor-version":[{"id":14336,"href":"https:\/\/nsf.pt\/index.php\/wp-json\/wp\/v2\/posts\/14334\/revisions\/14336"}],"wp:featuredmedia":[{"embeddable":true,"href":"https:\/\/nsf.pt\/index.php\/wp-json\/wp\/v2\/media\/14335"}],"wp:attachment":[{"href":"https:\/\/nsf.pt\/index.php\/wp-json\/wp\/v2\/media?parent=14334"}],"wp:term":[{"taxonomy":"category","embeddable":true,"href":"https:\/\/nsf.pt\/index.php\/wp-json\/wp\/v2\/categories?post=14334"},{"taxonomy":"post_tag","embeddable":true,"href":"https:\/\/nsf.pt\/index.php\/wp-json\/wp\/v2\/tags?post=14334"}],"curies":[{"name":"wp","href":"https:\/\/api.w.org\/{rel}","templated":true}]}}