{"id":14355,"date":"2025-07-25T16:34:27","date_gmt":"2025-07-25T16:34:27","guid":{"rendered":"https:\/\/nsf.pt\/?p=14355"},"modified":"2025-07-25T16:34:30","modified_gmt":"2025-07-25T16:34:30","slug":"premio-literario-alves-redol-10-a-edicao","status":"publish","type":"post","link":"https:\/\/nsf.pt\/index.php\/2025\/07\/25\/premio-literario-alves-redol-10-a-edicao\/","title":{"rendered":"Pr\u00e9mio Liter\u00e1rio Alves Redol \u2013 10.\u00aa edi\u00e7\u00e3o"},"content":{"rendered":"\n<h2 class=\"wp-block-heading\">As candidaturas j\u00e1 est\u00e3o abertas e decorrem at\u00e9 31 de agosto<\/h2>\n\n\n<div class=\"wp-block-post-date\"><time datetime=\"2025-07-25T16:34:27+00:00\">25 de Julho, 2025<\/time><\/div>\n\n\n<p>A C\u00e2mara Municipal de Vila Franca de Xira volta a homenagear o legado de Alves Redol, promovendo o gosto pela escrita e pela literatura em l\u00edngua portuguesa.<\/p>\n\n\n\n<p><\/p>\n\n\n\n<h2 class=\"wp-block-heading\">D\u00ea voz \u00e0 sua criatividade numa celebra\u00e7\u00e3o da l\u00edngua portuguesa<\/h2>\n\n\n\n<p>Modalidades a concurso:<\/p>\n\n\n\n<p>Conto \u2013 Pr\u00e9mio de 2.500\u20ac<\/p>\n\n\n\n<p>Romance \u2013 Pr\u00e9mio de 7.500\u20ac<\/p>\n\n\n\n<p>Tema: Livre<\/p>\n\n\n\n<p>Obras in\u00e9ditas, escritas em portugu\u00eas e apresentadas sob pseud\u00f3nimo.<\/p>\n\n\n\n<p>Apenas uma participa\u00e7\u00e3o por modalidade.<\/p>\n\n\n\n<p>A participa\u00e7\u00e3o \u00e9 gratuita e os trabalhos devem ser entregues presencialmente ou por via postal, conforme o regulamento.<\/p>\n\n\n\n<p>Consulte todas as condi\u00e7\u00f5es e submete a sua obra em: <a rel=\"noreferrer noopener\" href=\"http:\/\/agenda.cm-vfxira.pt\/?fbclid=IwZXh0bgNhZW0CMTAAYnJpZBEwRjJYcG14NXBVV1RYUEw3YQEeRIR7Fq__vtrQos3xoF6iahgmn0CUEjgIo2NmmhGXDzrlGlVhRUaGlmyryA0_aem_Jf0x-dFxU5rmhezQdK3LDg\" target=\"_blank\">agenda.cm-vfxira.pt<\/a><\/p>\n\n\n\n<h4 class=\"wp-block-heading\">Fonte: Manuela Ralha<\/h4>\n","protected":false},"excerpt":{"rendered":"<p>As candidaturas j\u00e1 est\u00e3o abertas e decorrem at\u00e9 31 de agosto A C\u00e2mara Municipal de&#8230;<\/p>\n","protected":false},"author":2,"featured_media":14356,"comment_status":"open","ping_status":"open","sticky":true,"template":"","format":"standard","meta":{"sfsi_plus_gutenberg_text_before_share":"","sfsi_plus_gutenberg_show_text_before_share":"","sfsi_plus_gutenberg_icon_type":"","sfsi_plus_gutenberg_icon_alignemt":"","sfsi_plus_gutenburg_max_per_row":"","ngg_post_thumbnail":0,"footnotes":""},"categories":[451],"tags":[653],"featured_image_urls":{"full":["https:\/\/nsf.pt\/wp-content\/uploads\/2025\/07\/redol.jpg",674,520,false],"thumbnail":["https:\/\/nsf.pt\/wp-content\/uploads\/2025\/07\/redol-150x150.jpg",150,150,true],"medium":["https:\/\/nsf.pt\/wp-content\/uploads\/2025\/07\/redol-300x231.jpg",300,231,true],"medium_large":["https:\/\/nsf.pt\/wp-content\/uploads\/2025\/07\/redol.jpg",640,494,false],"large":["https:\/\/nsf.pt\/wp-content\/uploads\/2025\/07\/redol.jpg",640,494,false],"1536x1536":["https:\/\/nsf.pt\/wp-content\/uploads\/2025\/07\/redol.jpg",674,520,false],"2048x2048":["https:\/\/nsf.pt\/wp-content\/uploads\/2025\/07\/redol.jpg",674,520,false],"covernews-slider-full":["https:\/\/nsf.pt\/wp-content\/uploads\/2025\/07\/redol.jpg",674,520,false],"covernews-slider-center":["https:\/\/nsf.pt\/wp-content\/uploads\/2025\/07\/redol-674x500.jpg",674,500,true],"covernews-featured":["https:\/\/nsf.pt\/wp-content\/uploads\/2025\/07\/redol.jpg",674,520,false],"covernews-medium":["https:\/\/nsf.pt\/wp-content\/uploads\/2025\/07\/redol-540x340.jpg",540,340,true],"covernews-medium-square":["https:\/\/nsf.pt\/wp-content\/uploads\/2025\/07\/redol-400x250.jpg",400,250,true]},"author_info":{"info":["Carlos Ribeiro"]},"category_info":"<a href=\"https:\/\/nsf.pt\/index.php\/category\/artes-e-cultura\/\" rel=\"category tag\">ARTES E CULTURA<\/a>","tag_info":"ARTES E CULTURA","comment_count":"0","_links":{"self":[{"href":"https:\/\/nsf.pt\/index.php\/wp-json\/wp\/v2\/posts\/14355"}],"collection":[{"href":"https:\/\/nsf.pt\/index.php\/wp-json\/wp\/v2\/posts"}],"about":[{"href":"https:\/\/nsf.pt\/index.php\/wp-json\/wp\/v2\/types\/post"}],"author":[{"embeddable":true,"href":"https:\/\/nsf.pt\/index.php\/wp-json\/wp\/v2\/users\/2"}],"replies":[{"embeddable":true,"href":"https:\/\/nsf.pt\/index.php\/wp-json\/wp\/v2\/comments?post=14355"}],"version-history":[{"count":1,"href":"https:\/\/nsf.pt\/index.php\/wp-json\/wp\/v2\/posts\/14355\/revisions"}],"predecessor-version":[{"id":14357,"href":"https:\/\/nsf.pt\/index.php\/wp-json\/wp\/v2\/posts\/14355\/revisions\/14357"}],"wp:featuredmedia":[{"embeddable":true,"href":"https:\/\/nsf.pt\/index.php\/wp-json\/wp\/v2\/media\/14356"}],"wp:attachment":[{"href":"https:\/\/nsf.pt\/index.php\/wp-json\/wp\/v2\/media?parent=14355"}],"wp:term":[{"taxonomy":"category","embeddable":true,"href":"https:\/\/nsf.pt\/index.php\/wp-json\/wp\/v2\/categories?post=14355"},{"taxonomy":"post_tag","embeddable":true,"href":"https:\/\/nsf.pt\/index.php\/wp-json\/wp\/v2\/tags?post=14355"}],"curies":[{"name":"wp","href":"https:\/\/api.w.org\/{rel}","templated":true}]}}