{"id":14361,"date":"2025-07-29T21:24:58","date_gmt":"2025-07-29T21:24:58","guid":{"rendered":"https:\/\/nsf.pt\/?p=14361"},"modified":"2025-07-29T21:25:01","modified_gmt":"2025-07-29T21:25:01","slug":"contra-a-normalizacao-do-fascismo","status":"publish","type":"post","link":"https:\/\/nsf.pt\/index.php\/2025\/07\/29\/contra-a-normalizacao-do-fascismo\/","title":{"rendered":"Contra a normaliza\u00e7\u00e3o do fascismo"},"content":{"rendered":"\n<h2 class=\"wp-block-heading\">\u00c9 preciso resistir! E como j\u00e1 o disse antes, n\u00f3s somos, n\u00f3s temos de ser, essa resist\u00eancia!<\/h2>\n\n\n<div class=\"wp-block-post-date\"><time datetime=\"2025-07-29T21:24:58+00:00\">29 de Julho, 2025<\/time><\/div>\n\n\n<h3 class=\"wp-block-heading\">Ant\u00f3nio Garcia Pereira, <em>publicado no Not\u00edcias Online<\/em><\/h3>\n\n\n\n<p>Com o decurso do tempo, est\u00e1 a ficar cada vez mais evidente que temos, de facto, um governo do PSD e do CDS sucessivamente mais pr\u00f3ximo do partido fascista Chega e, mais ainda, a aplicar a pol\u00edtica deste. Aos poucos, as m\u00e1scaras v\u00e3o caindo. O chefe do grupo parlamentar do PSD, Hugo Soares, bradou h\u00e1 dias no Parlamento, quando outros deputados se referiram ao acordo do governo com o Chega: \u201cHabituem-se!\u201d. O ministro dos Assuntos Parlamentares, Carlos Abreu Amorim, em entrevista \u00e0 R\u00e1dio Observador, reconheceu explicitamente (embora depois tenha sido instado a corrigir o \u201ctiro\u201d no p\u00e9\u2026), a exist\u00eancia de um \u201cacordo de princ\u00edpio\u201d com o mesmo Chega. E o pr\u00f3prio Primeiro-Ministro, Lu\u00eds Montenegro, declarou, numa entrevista \u00e0 Antena 1 e com toda a clareza, que o Chega \u201cest\u00e1 normalizado\u201d e \u201ccome\u00e7a a demonstrar responsabilidade\u201d.<\/p>\n\n\n\n<p><strong>A mar\u00e9 negra do fascismo em curso<\/strong><\/p>\n\n\n\n<p>Tudo isto n\u00e3o \u00e9, ou melhor, n\u00e3o deveria ser, surpresa. Nas quest\u00f5es essenciais em que pretende actuar, o Governo da AD tem demonstrado n\u00e3o apenas partilhar a pol\u00edtica do partido fascista Chega, como tamb\u00e9m estar empenhado em aplic\u00e1-la a fundo. Tudo isto enquanto o PS adopta a posi\u00e7\u00e3o dita \u201cconstrutiva\u201d de, n\u00e3o s\u00f3 n\u00e3o denunciar nem criticar com firmeza esta actua\u00e7\u00e3o do Governo, como at\u00e9 \u2013 tal como sucedeu em Loures, com as selvagens e ilegais demoli\u00e7\u00f5es de barracas no bairro do Talude, ordenadas pelo Presidente da C\u00e2mara do PS, Ricardo Le\u00e3o \u2013 replicar rigorosamente o que Andr\u00e9 Ventura j\u00e1 prometeu fazer, caso venha a conquistar alguma autarquia nas pr\u00f3ximas elei\u00e7\u00f5es. Para tal, conta com apoios como os de Jo\u00e3o Soares (cujos pais devem estar a dar voltas nas tumbas) e de Carlos Moedas, e apenas com poucas (mas corajosas) vozes discordantes dentro do pr\u00f3prio PS, como Isabel Moreira e Miguel Pratas Roque.<\/p>\n\n\n\n<p>A l\u00f3gica fascizante vai-se, assim, estendendo a tudo. Na Assembleia da Rep\u00fablica, o seu presidente, Jos\u00e9 Pedro Aguiar-Branco, parece entender que, em nome da liberdade de express\u00e3o, tudo \u00e9 permitido (mas apenas) aos deputados fascistas, inclusive dirigir mugidos a deputadas de outros partidos ou proferir, relativamente \u00e0 deputada do PS Ana Sofia Antunes, que \u00e9 cega, miser\u00e1veis improp\u00e9rios como \u201caberra\u00e7\u00e3o\u201d, \u201cdrogada\u201d e \u201cpareces morta\u201d, ou, no caso de uma deputada portuguesa negra, \u201cvai para a tua terra\u201d. Por\u00e9m, quando o secret\u00e1rio-geral do PS se referiu \u2013 a\u00ed mais do que ajustadamente \u2013 a Andr\u00e9 Ventura como \u201cfanfarr\u00e3o\u201d, logo \u201csaltou a tampa\u201d ao Sr. Dr. Aguiar-Branco, que exclamou, indignado, n\u00e3o poder admitir insultos!<\/p>\n\n\n\n<p>Ainda em nome dessa pretensa \u201cliberdade\u201d (apenas para aqueles que s\u00e3o os primeiros a rasg\u00e1-la), Aguiar-Branco tamb\u00e9m n\u00e3o viu qualquer motivo de censura em Andr\u00e9 Ventura ter lido, no Plen\u00e1rio do Parlamento, uma lista de nomes de supostas crian\u00e7as estrangeiras que frequentam as nossas escolas. E logo depois, a deputada fascista Rita Matias fez o mesmo, indo ainda mais longe: leu, nas redes sociais do Chega, n\u00e3o s\u00f3 o nome como tamb\u00e9m o apelido dessas crian\u00e7as.<\/p>\n\n\n\n<p>Ora, para al\u00e9m da sua evidente ilegalidade \u2013 por viola\u00e7\u00e3o do constitucional direito \u00e0 privacidade e tamb\u00e9m da Lei de Protec\u00e7\u00e3o de Dados \u2013, porventura apenas alguns saber\u00e3o o que tais condutas visam e aquilo a que sempre conduzem. Por isso, valer\u00e1 a pena aqui record\u00e1-lo.<\/p>\n\n\n\n<p><strong>A \u201cjustifica\u00e7\u00e3o\u201d fascizante do \u00f3dio e da persegui\u00e7\u00e3o<\/strong><\/p>\n\n\n\n<p>A partir de 1933, na Alemanha nazi, em cidades como Frankfurt e Hamburgo, jornais nacional-socialistas (como, por exemplo, o&nbsp;<em>Hamburger Anzeiger<\/em>) trataram de publicar, dizendo faz\u00ea-lo para proteger as fam\u00edlias alem\u00e3s e as \u201cpessoas de bem\u201d, listas com os nomes das crian\u00e7as judias matriculadas em certas escolas. O seman\u00e1rio nazi&nbsp;<em>Der St\u00fcrmer<\/em>, dirigido pelo professor e editor Julius Streicher, chegou mesmo ao ponto de publicar as moradas dessas crian\u00e7as, bem como grotescas caricaturas dos seus pais, com a seguinte e muito significativa legenda: \u201cEstes s\u00e3o os judeus cujos filhos se sentam ao lado dos vossos. At\u00e9 quando?\u201d. O resultado foi, primeiro, o vexame e a humilha\u00e7\u00e3o p\u00fablica destas crian\u00e7as e das suas fam\u00edlias, e, depois, a sua persegui\u00e7\u00e3o (e mesmo a persegui\u00e7\u00e3o violenta). Em pouco tempo, praticamente todas as crian\u00e7as judias tinham sido exclu\u00eddas das respectivas escolas.<\/p>\n\n\n\n<p>Quanto aos primeiros e principais temas do cada vez mais evidente acordo entre o Governo e o Chega (como a imigra\u00e7\u00e3o e a nacionalidade), tudo assenta numa articula\u00e7\u00e3o entre a cria\u00e7\u00e3o e gest\u00e3o \u201ccient\u00edfica\u201d do medo e a produ\u00e7\u00e3o de absolutas mentiras, mil vezes repetidas ao estilo de Goebbels, o ministro da propaganda de Hitler, com o objectivo de que, dessa forma, se transformem em pretensas verdades. E assim, pela mentira, aumentaram-se o medo e o \u00f3dio e, por meio destes, fomentam-se e multiplicam-se as mentiras convenientes. Ali\u00e1s, um recente estudo elaborado pela Universidade da Beira Interior (UBI) em parceria com a Entidade Reguladora para a Comunica\u00e7\u00e3o Social (ERC) \u2013&nbsp;<a href=\"https:\/\/labcom.ubi.pt\/wp-content\/uploads\/2025\/07\/2025_RelatorioERC_V5.pdf?fbclid=IwQ0xDSwLtZLFleHRuA2FlbQIxMQABHpxUPdhPs1XjLRihiUSl9H9cGfcrmhuu6Zx_zjz0zIbuGcV4LOGqptmk_Dck_aem_UChi7Ji0l0eL4lqWp5Yj8w\">e que podem ver aqui<\/a>&nbsp;\u2013 mostra claramente que o Chega foi, de longe, a for\u00e7a pol\u00edtica que mais recorreu \u00e0 cria\u00e7\u00e3o e divulga\u00e7\u00e3o de mentiras nas redes sociais ao longo da campanha para as \u00faltimas elei\u00e7\u00f5es legislativas!&nbsp;<\/p>\n\n\n\n<p>Deste modo, por um lado, discriminam-se, insultam-se, humilham-se, perseguem-se e silenciam-se todos os que ousem criticar ou, simplesmente, divergir. Por outro lado, mente-se \u2013 de forma t\u00e3o sistem\u00e1tica quanto descarada \u2013 apostando sempre, e em simult\u00e2neo, no apelo aos sentimentos mais prim\u00e1rios, na substitui\u00e7\u00e3o do livre debate de ideias pela gritaria, pelo insulto e pelo discurso do \u00f3dio, e tamb\u00e9m no desprezo pelos mais fundamentais princ\u00edpios democr\u00e1ticos.&nbsp;<\/p>\n\n\n\n<p>Um triste, mas muito significativo, exemplo disto \u00e9 a recente reprova\u00e7\u00e3o, por parte da AD (em perfeita e risonha alian\u00e7a com o Chega) de todas as audi\u00e7\u00f5es, inclusive as&nbsp;legalmente obrigat\u00f3rias, no processo de aprova\u00e7\u00e3o da nova lei da nacionalidade. Ali\u00e1s,&nbsp;todas, n\u00e3o: com a \u00fanica e muito reveladora excep\u00e7\u00e3o da audi\u00e7\u00e3o da \u201cassocia\u00e7\u00e3o de imigrantes\u201d Comunidade Israelita de Lisboa.<\/p>\n\n\n\n<p>Por seu turno, a legalidade \u00e9 uma coisa \u201cboa\u201d para ser invocada quando se trata de justificar verdadeiros crimes contra os pobres e vulner\u00e1veis, como as intimidat\u00f3rias opera\u00e7\u00f5es policiais no Martim Moniz ou o despejo de cidad\u00e3os do Bairro do Talude, em Loures. Mas j\u00e1 n\u00e3o o \u00e9, por exemplo, para perseguir e sancionar os neonazis que atacam sess\u00f5es e manifesta\u00e7\u00f5es democr\u00e1ticas, que, inclusive com a prestigiada interven\u00e7\u00e3o de agentes e chefes da PSP, se armam e treinam com armas e muni\u00e7\u00f5es reais e que agridem violentamente cidad\u00e3os estrangeiros ou quem os auxilie.<\/p>\n\n\n\n<p><strong>As mentiras da propaganda do Chega\/AD<\/strong><\/p>\n\n\n\n<p>Creio, por isso, ser importante e urgente p\u00f4r a nu as falsidades da propaganda do Chega\/AD, porque \u00e9 tamb\u00e9m pela sua clara e fundamentada den\u00fancia que o combate \u00e0s respectivas posi\u00e7\u00f5es pode e deve ser feito.&nbsp;<\/p>\n\n\n\n<p><strong>Primeira mentira:&nbsp;<\/strong><\/p>\n\n\n\n<p><strong>H\u00e1 uma suposta invas\u00e3o imigrante, em especial uma \u201cinvas\u00e3o isl\u00e2mica\u201d.&nbsp;<\/strong><\/p>\n\n\n\n<p>Ventura e os seus ac\u00f3litos afiram repetidamente que teria ocorrido uma verdadeira invas\u00e3o de imigrantes \u2013 mais de um milh\u00e3o nos \u00faltimos anos \u2013 e que, actualmente, existiriam entre 1,6 e 1,9 milh\u00f5es de imigrantes, sobretudo mu\u00e7ulmanos. Desde logo, por\u00e9m, e como at\u00e9 o pr\u00f3prio Presidente da Rep\u00fablica fez notar, os dados da PORDATA indicam que o n\u00famero total de residentes em Portugal era, em 2020, de 10.394.297 pessoas, passando, em 2024, para 10.749.635. Isto representa um aumento do n\u00famero de apenas 355.338 residentes ao longo de 5 anos, e n\u00e3o, de todo, o mais de um milh\u00e3o propagandeado pelo Chega. Acresce que a taxa de crescimento da popula\u00e7\u00e3o residente em 2024, face ao ano anterior, foi de apenas 1%. N\u00e3o h\u00e1, pois, qualquer \u201cinvas\u00e3o\u201d, muito menos de mu\u00e7ulmanos, cuja comunidade em Portugal ser\u00e1, ali\u00e1s e no m\u00e1ximo, de cerca de 65.000 pessoas (0,6% da popula\u00e7\u00e3o\u2026).<\/p>\n\n\n\n<p>Deste modo, por um lado, discriminam-se, insultam-se, humilham-se, perseguem-se e silenciam-se todos os que ousem criticar ou, simplesmente, divergir. Por outro lado, mente-se \u2013 de forma t\u00e3o sistem\u00e1tica quanto descarada \u2013 apostando sempre, e em simult\u00e2neo, no apelo aos sentimentos mais prim\u00e1rios, na substitui\u00e7\u00e3o do livre debate de ideias pela gritaria, pelo insulto e pelo discurso do \u00f3dio, e tamb\u00e9m no desprezo pelos mais fundamentais princ\u00edpios democr\u00e1ticos.&nbsp;<\/p>\n\n\n\n<p>Um triste, mas muito significativo, exemplo disto \u00e9 a recente reprova\u00e7\u00e3o, por parte da AD (em perfeita e risonha alian\u00e7a com o Chega) de todas as audi\u00e7\u00f5es, inclusive as&nbsp;legalmente obrigat\u00f3rias, no processo de aprova\u00e7\u00e3o da nova lei da nacionalidade. Ali\u00e1s,&nbsp;todas, n\u00e3o: com a \u00fanica e muito reveladora excep\u00e7\u00e3o da audi\u00e7\u00e3o da \u201cassocia\u00e7\u00e3o de imigrantes\u201d Comunidade Israelita de Lisboa.<\/p>\n\n\n\n<p>Por seu turno, a legalidade \u00e9 uma coisa \u201cboa\u201d para ser invocada quando se trata de justificar verdadeiros crimes contra os pobres e vulner\u00e1veis, como as intimidat\u00f3rias opera\u00e7\u00f5es policiais no Martim Moniz ou o despejo de cidad\u00e3os do Bairro do Talude, em Loures. Mas j\u00e1 n\u00e3o o \u00e9, por exemplo, para perseguir e sancionar os neonazis que atacam sess\u00f5es e manifesta\u00e7\u00f5es democr\u00e1ticas, que, inclusive com a prestigiada interven\u00e7\u00e3o de agentes e chefes da PSP, se armam e treinam com armas e muni\u00e7\u00f5es reais e que agridem violentamente cidad\u00e3os estrangeiros ou quem os auxilie.<\/p>\n\n\n\n<p><strong>As mentiras da propaganda do Chega\/AD<\/strong><\/p>\n\n\n\n<p>Creio, por isso, ser importante e urgente p\u00f4r a nu as falsidades da propaganda do Chega\/AD, porque \u00e9 tamb\u00e9m pela sua clara e fundamentada den\u00fancia que o combate \u00e0s respectivas posi\u00e7\u00f5es pode e deve ser feito.&nbsp;<\/p>\n\n\n\n<p><strong>Primeira mentira:&nbsp;<\/strong><\/p>\n\n\n\n<p><strong>H\u00e1 uma suposta invas\u00e3o imigrante, em especial uma \u201cinvas\u00e3o isl\u00e2mica\u201d.&nbsp;<\/strong><\/p>\n\n\n\n<p>Ventura e os seus ac\u00f3litos afiram repetidamente que teria ocorrido uma verdadeira invas\u00e3o de imigrantes \u2013 mais de um milh\u00e3o nos \u00faltimos anos \u2013 e que, actualmente, existiriam entre 1,6 e 1,9 milh\u00f5es de imigrantes, sobretudo mu\u00e7ulmanos. Desde logo, por\u00e9m, e como at\u00e9 o pr\u00f3prio Presidente da Rep\u00fablica fez notar, os dados da PORDATA indicam que o n\u00famero total de residentes em Portugal era, em 2020, de 10.394.297 pessoas, passando, em 2024, para 10.749.635. Isto representa um aumento do n\u00famero de apenas 355.338 residentes ao longo de 5 anos, e n\u00e3o, de todo, o mais de um milh\u00e3o propagandeado pelo Chega. Acresce que a taxa de crescimento da popula\u00e7\u00e3o residente em 2024, face ao ano anterior, foi de apenas 1%. N\u00e3o h\u00e1, pois, qualquer \u201cinvas\u00e3o\u201d, muito menos de mu\u00e7ulmanos, cuja comunidade em Portugal ser\u00e1, ali\u00e1s e no m\u00e1ximo, de cerca de 65.000 pessoas (0,6% da popula\u00e7\u00e3o\u2026).<\/p>\n\n\n\n<p>Nenhum dado estat\u00edstico confirma, pois, que exista qualquer rela\u00e7\u00e3o entre a qualidade de imigrante e o aumento da criminalidade.&nbsp;<\/p>\n\n\n\n<p>Mas h\u00e1 ainda um outro dado particularmente relevante (uma verdadeira seta apontada \u00e0s mentiras do Chega e companhia) apurado pelo Observat\u00f3rio de Seguran\u00e7a e Defesa da SEDES, e que \u00e9 o seguinte: enquanto, ao contr\u00e1rio do que persistentemente afirma a propaganda fascista \u2013 toda a criminalidade participada, entre 2020 e 2024 (inclusive), diminuiu 1,3%, nesse mesmo per\u00edodo de tempo as capas de jornais com destaque para crimes aumentaram 130%! O que mostra bem a profunda diferen\u00e7a entre a realidade dos factos e a percep\u00e7\u00e3o que, atrav\u00e9s da mentira e manipula\u00e7\u00e3o (e contando com a ajuda de uma certa \u201cComunica\u00e7\u00e3o Social\u201d) \u00e9 artificiosamente constru\u00edda.&nbsp;<\/p>\n\n\n\n<p><strong>Quarta mentira:<\/strong><\/p>\n\n\n\n<p><strong>Os imigrantes (e tamb\u00e9m os ciganos, por exemplo) v\u00eam para c\u00e1, mas n\u00e3o trabalham, n\u00e3o descontam e, todavia, recebem subs\u00eddios, quer de desemprego, quer do RSI, em valores muito elevados (1.500\u20ac e at\u00e9 1.800\u20ac mensais), consumindo assim os recursos do pa\u00eds.<\/strong><\/p>\n\n\n\n<p>Ora, quanto ao subs\u00eddio de desemprego, importa desde j\u00e1 referir que nenhum cidad\u00e3o, imigrante ou n\u00e3o, o recebe sem ter cumprido previamente o per\u00edodo m\u00ednimo legal de descontos, de dois anos. O respectivo montante \u00e9 calculado de acordo com as regras legais aplic\u00e1veis a todos os desempregados, sem excep\u00e7\u00f5es.&nbsp;<\/p>\n\n\n\n<p>Quanto ao Rendimento Social de Inser\u00e7\u00e3o (RSI), importa recordar que, para o ano de 2025, os valores s\u00e3o os seguintes: 242,23\u20ac para o primeiro adulto do agregado familiar, 169,56\u20ac para o segundo adulto e 121,12\u20ac por cada filho. Isto significa que um casal sem rendimentos, com dois filhos, recebe um total de 654,03\u20ac mensais para alimentar quatro pessoas, o que representa um valor m\u00e9dio de 163,51\u20ac por m\u00eas para cada membro do agregado familiar. Por outro lado, o total anual gasto pelo Estado com o RSI \u00e9 de 300 milh\u00f5es de euros, o que corresponde, sensivelmente, a apenas 1% do total do Or\u00e7amento da Seguran\u00e7a Social. E, j\u00e1 agora, equivale a somente 1,2% dos 25 mil milh\u00f5es de euros em benef\u00edcios fiscais concedidos \u2013 tamb\u00e9m com o apoio do Chega \u2013 pelo Estado, sobretudo \u00e0s grandes empresas, e a apenas 3% das d\u00edvidas patronais ao Fisco e \u00e0 Seguran\u00e7a Social consideradas incobr\u00e1veis\u2026<\/p>\n\n\n\n<p>Por fim, as contribui\u00e7\u00f5es dos imigrantes para a Seguran\u00e7a Social \u2013 que passaram de representar 6,5% do total em 2021 para 12,4% em 2024 \u2013 atingiram, nesse mesmo ano, o valor global de 3.645 milh\u00f5es de euros (o dobro do valor registado em 2021), num total de 25,83 mil milh\u00f5es de euros em contribui\u00e7\u00f5es. Isto significa que os imigrantes pagam \u00e0 Seguran\u00e7a Social cerca de cinco vezes mais do que aquilo que recebem em presta\u00e7\u00f5es sociais ou subs\u00eddios, os quais ascenderam, em 2024, apenas a 668 milh\u00f5es de euros!<\/p>\n\n\n\n<p>Em suma: em 2024, os trabalhadores imigrantes \u2013 que, quase sempre, trabalharam mais horas e receberam sal\u00e1rios mais baixos do que os seus camaradas portugueses \u2013 deram um saldo positivo \u00e0 Seguran\u00e7a Social de quase 3 mil milh\u00f5es de euros!&nbsp;<\/p>\n\n\n\n<p>\u00c9 tamb\u00e9m completamente falso que existam quaisquer subs\u00eddios espec\u00edficos de apoio imediato no momento em que os imigrantes chegam ao nosso pa\u00eds. Com efeito, s\u00f3 ap\u00f3s a obten\u00e7\u00e3o do t\u00edtulo de resid\u00eancia, que \u00e9 um requisito essencial, e uma vez pedido ou atribu\u00eddo o n\u00famero de identifica\u00e7\u00e3o da Seguran\u00e7a Social, \u00e9 que os imigrantes podem requerer apoios sociais. E mesmo ent\u00e3o, apenas se preencherem todos os requisitos legais de atribui\u00e7\u00e3o desses apoios.<\/p>\n\n\n\n<p><strong>Quinta mentira:&nbsp;<\/strong><\/p>\n\n\n\n<p><strong>Os filhos dos imigrantes s\u00e3o muitos e t\u00eam um tratamento t\u00e3o privilegiado que fazem com que as crian\u00e7as portuguesas fiquem sem lugar nas escolas, em particular no pr\u00e9-escolar e no ensino b\u00e1sico.<\/strong><\/p>\n\n\n\n<p>Importa esclarecer que o n\u00famero global de crian\u00e7as no ensino pr\u00e9-escolar era, em 2006\/2007, de 263.887, e em 2022\/2023 de 265.021. Actualmente, a taxa de escolariza\u00e7\u00e3o no ensino pr\u00e9-escolar \u00e9 de 94%, e no ensino b\u00e1sico, de 100% E, ao contr\u00e1rio do que insistentemente se tem ouvido dizer, n\u00e3o existe qualquer crit\u00e9rio legal de prioridade ou prefer\u00eancia para a entrada de crian\u00e7as estrangeiras nas escolas portuguesas. Ou seja, nem h\u00e1 muito mais crian\u00e7as no ensino pr\u00e9-escolar do que havia h\u00e1 vinte anos, nem h\u00e1 crian\u00e7as portuguesas a ficarem de fora do sistema de ensino por causa de um alegado excesso de filhos de imigrantes ou de ileg\u00edtimas prioridades atribu\u00eddas a crian\u00e7as estrangeiras.&nbsp;<\/p>\n\n\n\n<p>O pa\u00eds enfrenta, isso sim, um envelhecimento progressivo da sua popula\u00e7\u00e3o. Na verdade, em 1975 nasceram cerca de 177 mil crian\u00e7as; em 2001, pouco mais de 111 mil; e em 2024, apenas 86.642. O que acontece \u00e9 que a renova\u00e7\u00e3o da popula\u00e7\u00e3o, atrav\u00e9s de um saldo demogr\u00e1fico positivo (ou seja, mais pessoas a nascerem do que a morrerem), \u00e9 hoje assegurada, em grande parte, pelas m\u00e3es estrangeiras, sendo que os filhos destas representam actualmente 33% de todos os nascimentos em Portugal.<\/p>\n\n\n\n<p>\u00c9, pois, escandalosamente falso todo o discurso dos fascistas do Chega, do seu l\u00edder, Andr\u00e9 Ventura, e dos seus dirigentes, de que os problemas com que o povo portugu\u00eas se v\u00ea confrontado, da Sa\u00fade e Seguran\u00e7a Social \u00e0 Habita\u00e7\u00e3o, se devem, afinal, aos imigrantes. Segundo essa narrativa \u2013repetida todos os dias por Ventura \u2013 os imigrantes n\u00e3o viriam para trabalhar ou contribuir, mas sim para viver de subs\u00eddios pagos por todos n\u00f3s. Estas mentiras s\u00e3o, ali\u00e1s, sucessiva e impunemente repetidas nas redes sociais como o Facebook e o Instagram, atrav\u00e9s das respectivas contas \u2013 Partido Chega, Associa\u00e7\u00e3o Lusitana, Uni\u00e3o Nacional, entre outras \u2013 recorrendo assim tanto \u00e0 falsidade como ao medo e \u00e0 indigna\u00e7\u00e3o artificialmente criados.<\/p>\n\n\n\n<p><strong>Combater a mar\u00e9 negra<\/strong><\/p>\n\n\n\n<p>Se n\u00e3o a combatermos, esta \u201cmar\u00e9 negra\u201d fascizante vai alastrar a todas as \u00e1reas e a todas as quest\u00f5es, desde a obstinada e ensanguentada cumplicidade com o genoc\u00eddio do Povo Palestiniano, e a recusa do reconhecimento da independ\u00eancia de Gaza, at\u00e9 \u00e0 bolsonarista altera\u00e7\u00e3o do conte\u00fado de disciplinas como a de Cidadania, passando pela \u201cnormaliza\u00e7\u00e3o\u201d das hordas neo-nazis e pela desculpabiliza\u00e7\u00e3o dos seus crimes.<\/p>\n\n\n\n<p>Aquilo a que temos vindo a assistir n\u00e3o s\u00e3o, pois, meros \u201cerros\u201d, \u201cacidentes de percurso\u201d ou \u201cincidentes pontuais\u201d, mas sim uma actua\u00e7\u00e3o planeada e concertada, que visa abrir caminho \u00e0 plena aplica\u00e7\u00e3o de um programa de completa destrui\u00e7\u00e3o dos poucos direitos que ainda restam a quem trabalha, ou j\u00e1 trabalhou, uma vida inteira, e, em particular, aos mais pobres e mais fracos. Tal como, ali\u00e1s, as medidas laborais que j\u00e1 se preparam nas costas dos trabalhadores portugueses tornar\u00e3o completamente evidente.<\/p>\n\n\n\n<p>Na verdade, a AD, com o programa e a ajuda do Chega, e tamb\u00e9m da chamada \u201cIniciativa Liberal\u201d, prepara-se para ir mesmo al\u00e9m das famigeradas e tristemente c\u00e9lebres medidas laborais da Troika. F\u00e1-lo com uma ofensiva que visa o aniquilamento do direito \u00e0 greve e dos direitos \u00e0 ac\u00e7\u00e3o colectiva e \u00e0 contrata\u00e7\u00e3o colectiva; a facilita\u00e7\u00e3o e o embaratecimento dos despedimentos e da contrata\u00e7\u00e3o prec\u00e1ria; o aumento dos tempos de trabalho; e, ainda, o ataque aos direitos sociais, mediante uma dr\u00e1stica restri\u00e7\u00e3o do acesso a presta\u00e7\u00f5es sociais que, hoje, retiram da pobreza mais extrema cerca de 2 milh\u00f5es de pessoas, tais como os subs\u00eddios de desemprego, de doen\u00e7a e o RSI.<\/p>\n\n\n\n<p>Mas igualmente na Sa\u00fade, privatizando, directa ou indirectamente, tudo o que seja rent\u00e1vel para o neg\u00f3cio da doen\u00e7a e tornando assim \u201cnatural\u201d que mais de um milh\u00e3o e seiscentos mil cidad\u00e3os n\u00e3o tenham m\u00e9dico de fam\u00edlia, que uma gr\u00e1vida tenha de percorrer centenas de quil\u00f3metros para dar \u00e0 luz ou que um cidad\u00e3o com um ataque card\u00edaco tenha, primeiro, de ligar para o SNS24 e, depois de esperar uma, duas ou mais horas pela ambul\u00e2ncia, acabe por falecer. E tudo isto com uma Ministra da Sa\u00fade que diz que n\u00e3o se demite, mas que est\u00e1 a aprender com as mortes\u2026<\/p>\n\n\n\n<p>E, claro, tamb\u00e9m na Habita\u00e7\u00e3o, com a aplica\u00e7\u00e3o em pleno quer da lei das rendas, da ex-ministra Assun\u00e7\u00e3o Cristas, que tem conduzido aos despejos em massa de quem n\u00e3o consegue pagar as rendas da especula\u00e7\u00e3o, quer da recente e chamada \u201clei dos solos\u201d, que passou a permitir a afecta\u00e7\u00e3o \u00e0 constru\u00e7\u00e3o, designadamente \u00e0 constru\u00e7\u00e3o de luxo, de zonas inteiras da Reserva Ecol\u00f3gica Nacional (REN) e da Reserva Agr\u00edcola Nacional (RAN), por via de meras decis\u00f5es camar\u00e1rias, com todo o corrupio de corrup\u00e7\u00e3o que todos j\u00e1 come\u00e7amos a perceber que tal ir\u00e1 inevitavelmente ir\u00e1 propiciar.<\/p>\n\n\n\n<p>Por outro lado, se n\u00e3o lhes travarmos o passo, tratar-se-\u00e1 tamb\u00e9m, e com base seja no argumento da autoridade, seja nos gritos salazarentos \u2013 como j\u00e1 se ouviram um dia destes no Parlamento\u2026 \u2013 de que \u201ca p\u00e1tria n\u00e3o se discute\u201d, de liquidar, uma a uma, as liberdades democr\u00e1ticas. Mas a verdade, nua e crua, \u00e9 tamb\u00e9m a de que, quando os grandes interesses econ\u00f3micos ou financeiros, que verdadeiramente se querem impor e fazer esta declara\u00e7\u00e3o de guerra ao povo portugu\u00eas, acharem em definitivo que o \u201coriginal\u201d \u00e9 melhor e mais \u201ceficiente\u201d do que a c\u00f3pia, logo varrer\u00e3o do caminho os pseudo-sociais-democratas da AD e, descobrindo por inteiro a face, levar\u00e3o ao poder o \u201cnormalizado\u201d Chega.<\/p>\n\n\n\n<p>E aqueles democratas \u2013 e, em particular, os que se dizem \u201cde esquerda\u201d \u2013 que, todavia, entendem que pouco ou nada t\u00eam a fazer neste estado de coisas, e que \u00e9 o melhor \u00e9 mesmo encolherem-se e, fazendo belos discursos sobre a sua pr\u00f3pria \u201cresponsabilidade\u201d e o seu \u201csentido de Estado\u201d, conciliarem com o Mal, certo \u00e9 que ir\u00e3o, um dia, demasiado tarde, acordar sentados em cima das baionetas, para citar a conhecida, e mais do que certeira, frase de Marx.<\/p>\n\n\n\n<p>Por tudo isto, antes que nos encostem definitivamente \u00e0 parede, aquilo que nos resta fazer \u00e9 dispormo-nos \u00e0 luta, organizarmo-nos de alto a baixo da sociedade, em todos os locais e por todos os meios, e travarmos um combate que passa, por um lado, pelo desmascaramento implac\u00e1vel das posi\u00e7\u00f5es fascistas e da sua propaganda mentirosa e golpista e, por outro, por respondermos e fazermos frente aos fascistas de v\u00e1rias m\u00e1scaras, pela afirma\u00e7\u00e3o e pelo combate sem tr\u00e9guas pelos direitos fundamentais de quem trabalha.&nbsp;<\/p>\n\n\n\n<p>\u00c9 preciso resistir! E como j\u00e1 o disse antes, n\u00f3s somos, n\u00f3s temos de ser, essa resist\u00eancia!<\/p>\n\n\n\n<p><em><a href=\"https:\/\/www.facebook.com\/garciapereira2\">Ant\u00f3nio Garcia Pereira<\/a><\/em><\/p>\n\n\n\n<p><\/p>\n\n\n\n<p>Original<a href=\"https:\/\/noticiasonline.eu\/contra-a-normalizacao-do-fascismo\/\"> AQUI<\/a><\/p>\n","protected":false},"excerpt":{"rendered":"<p>\u00c9 preciso resistir! E como j\u00e1 o disse antes, n\u00f3s somos, n\u00f3s temos de ser,&#8230;<\/p>\n","protected":false},"author":2,"featured_media":14362,"comment_status":"open","ping_status":"open","sticky":true,"template":"","format":"standard","meta":{"sfsi_plus_gutenberg_text_before_share":"","sfsi_plus_gutenberg_show_text_before_share":"","sfsi_plus_gutenberg_icon_type":"","sfsi_plus_gutenberg_icon_alignemt":"","sfsi_plus_gutenburg_max_per_row":"","ngg_post_thumbnail":0,"footnotes":""},"categories":[238,468,99],"tags":[654],"featured_image_urls":{"full":["https:\/\/nsf.pt\/wp-content\/uploads\/2025\/07\/agp.jpg",952,456,false],"thumbnail":["https:\/\/nsf.pt\/wp-content\/uploads\/2025\/07\/agp-150x150.jpg",150,150,true],"medium":["https:\/\/nsf.pt\/wp-content\/uploads\/2025\/07\/agp-300x144.jpg",300,144,true],"medium_large":["https:\/\/nsf.pt\/wp-content\/uploads\/2025\/07\/agp-768x368.jpg",640,307,true],"large":["https:\/\/nsf.pt\/wp-content\/uploads\/2025\/07\/agp.jpg",640,307,false],"1536x1536":["https:\/\/nsf.pt\/wp-content\/uploads\/2025\/07\/agp.jpg",952,456,false],"2048x2048":["https:\/\/nsf.pt\/wp-content\/uploads\/2025\/07\/agp.jpg",952,456,false],"covernews-slider-full":["https:\/\/nsf.pt\/wp-content\/uploads\/2025\/07\/agp.jpg",952,456,false],"covernews-slider-center":["https:\/\/nsf.pt\/wp-content\/uploads\/2025\/07\/agp-800x456.jpg",800,456,true],"covernews-featured":["https:\/\/nsf.pt\/wp-content\/uploads\/2025\/07\/agp.jpg",952,456,false],"covernews-medium":["https:\/\/nsf.pt\/wp-content\/uploads\/2025\/07\/agp-540x340.jpg",540,340,true],"covernews-medium-square":["https:\/\/nsf.pt\/wp-content\/uploads\/2025\/07\/agp-400x250.jpg",400,250,true]},"author_info":{"info":["Carlos Ribeiro"]},"category_info":"<a href=\"https:\/\/nsf.pt\/index.php\/category\/destaque\/\" rel=\"category tag\">DESTAQUE<\/a> <a href=\"https:\/\/nsf.pt\/index.php\/category\/foco\/\" rel=\"category tag\">FOCO<\/a> <a href=\"https:\/\/nsf.pt\/index.php\/category\/opiniao\/\" rel=\"category tag\">OPINI\u00c3O<\/a>","tag_info":"OPINI\u00c3O","comment_count":"0","_links":{"self":[{"href":"https:\/\/nsf.pt\/index.php\/wp-json\/wp\/v2\/posts\/14361"}],"collection":[{"href":"https:\/\/nsf.pt\/index.php\/wp-json\/wp\/v2\/posts"}],"about":[{"href":"https:\/\/nsf.pt\/index.php\/wp-json\/wp\/v2\/types\/post"}],"author":[{"embeddable":true,"href":"https:\/\/nsf.pt\/index.php\/wp-json\/wp\/v2\/users\/2"}],"replies":[{"embeddable":true,"href":"https:\/\/nsf.pt\/index.php\/wp-json\/wp\/v2\/comments?post=14361"}],"version-history":[{"count":2,"href":"https:\/\/nsf.pt\/index.php\/wp-json\/wp\/v2\/posts\/14361\/revisions"}],"predecessor-version":[{"id":14375,"href":"https:\/\/nsf.pt\/index.php\/wp-json\/wp\/v2\/posts\/14361\/revisions\/14375"}],"wp:featuredmedia":[{"embeddable":true,"href":"https:\/\/nsf.pt\/index.php\/wp-json\/wp\/v2\/media\/14362"}],"wp:attachment":[{"href":"https:\/\/nsf.pt\/index.php\/wp-json\/wp\/v2\/media?parent=14361"}],"wp:term":[{"taxonomy":"category","embeddable":true,"href":"https:\/\/nsf.pt\/index.php\/wp-json\/wp\/v2\/categories?post=14361"},{"taxonomy":"post_tag","embeddable":true,"href":"https:\/\/nsf.pt\/index.php\/wp-json\/wp\/v2\/tags?post=14361"}],"curies":[{"name":"wp","href":"https:\/\/api.w.org\/{rel}","templated":true}]}}