{"id":14394,"date":"2025-07-31T18:34:18","date_gmt":"2025-07-31T18:34:18","guid":{"rendered":"https:\/\/nsf.pt\/?p=14394"},"modified":"2025-07-31T18:34:20","modified_gmt":"2025-07-31T18:34:20","slug":"carta-aberta-foi-entregue","status":"publish","type":"post","link":"https:\/\/nsf.pt\/index.php\/2025\/07\/31\/carta-aberta-foi-entregue\/","title":{"rendered":"Carta Aberta foi entregue"},"content":{"rendered":"\n<h2 class=\"wp-block-heading\">Mais de 3.200 pessoas e 150 organiza\u00e7\u00f5es subscreveram<\/h2>\n\n\n<div class=\"wp-block-post-date\"><time datetime=\"2025-07-31T18:34:18+00:00\">31 de Julho, 2025<\/time><\/div>\n\n\n<p>A Carta Aberta \u00abParar os despejos e resolver a situa\u00e7\u00e3o da habita\u00e7\u00e3o\u00bb, subscrita por mais de 3.200 pessoas e 150 organiza\u00e7\u00f5es, foi entregue na Presid\u00eancia do Conselho de Ministros, durante uma grande concentra\u00e7\u00e3o de moradores e pessoas solid\u00e1rias contra as demoli\u00e7\u00f5es.<br><br>&#8220;O movimento Vida Justa defende um programa de emerg\u00eancia nacional para a habita\u00e7\u00e3o. A crise habitacional afecta os moradores dos bairros da \u00c1rea Metropolitana de Lisboa &#8211; com as consequ\u00eancias graves no Talude (Loures) e na Estrada Militar (Amadora) -, mas \u00e9 um problema enorme no pa\u00eds. Quem consegue pagar uma renda, neste momento?<br><br>A carta foi endere\u00e7ada ao Primeiro-ministro, ao ministro da Infraestruturas e Habita\u00e7\u00e3o e \u00e0 secret\u00e1ria de Estado da Habita\u00e7\u00e3o. Podes ler e subscrever aqui: pararosdespejos.vidajusta.org&#8221;<br><br>Estamos juntos, estamos fortes.<\/p>\n\n\n\n<p><em>Fonte: Movimento Vida Justa.<\/em><\/p>\n\n\n\n<div style=\"height:28px\" aria-hidden=\"true\" class=\"wp-block-spacer\"><\/div>\n\n\n\n<figure class=\"wp-block-gallery has-nested-images columns-default is-cropped wp-block-gallery-1 is-layout-flex wp-block-gallery-is-layout-flex\">\n<figure class=\"wp-block-image size-large\"><img decoding=\"async\" loading=\"lazy\" width=\"426\" height=\"418\" data-id=\"14396\" src=\"https:\/\/nsf.pt\/wp-content\/uploads\/2025\/07\/vida-justa.jpg\" alt=\"\" class=\"wp-image-14396\" srcset=\"https:\/\/nsf.pt\/wp-content\/uploads\/2025\/07\/vida-justa.jpg 426w, https:\/\/nsf.pt\/wp-content\/uploads\/2025\/07\/vida-justa-300x294.jpg 300w\" sizes=\"(max-width: 426px) 100vw, 426px\" \/><\/figure>\n\n\n\n<figure class=\"wp-block-image size-large\"><img decoding=\"async\" loading=\"lazy\" width=\"528\" height=\"518\" data-id=\"14397\" src=\"https:\/\/nsf.pt\/wp-content\/uploads\/2025\/07\/vida-justa-CA.jpg\" alt=\"\" class=\"wp-image-14397\" srcset=\"https:\/\/nsf.pt\/wp-content\/uploads\/2025\/07\/vida-justa-CA.jpg 528w, https:\/\/nsf.pt\/wp-content\/uploads\/2025\/07\/vida-justa-CA-300x294.jpg 300w\" sizes=\"(max-width: 528px) 100vw, 528px\" \/><\/figure>\n<\/figure>\n","protected":false},"excerpt":{"rendered":"<p>Mais de 3.200 pessoas e 150 organiza\u00e7\u00f5es subscreveram A Carta Aberta \u00abParar os despejos e&#8230;<\/p>\n","protected":false},"author":2,"featured_media":14395,"comment_status":"open","ping_status":"open","sticky":true,"template":"","format":"standard","meta":{"sfsi_plus_gutenberg_text_before_share":"","sfsi_plus_gutenberg_show_text_before_share":"","sfsi_plus_gutenberg_icon_type":"","sfsi_plus_gutenberg_icon_alignemt":"","sfsi_plus_gutenburg_max_per_row":"","ngg_post_thumbnail":0,"footnotes":""},"categories":[489,238,447],"tags":[598],"featured_image_urls":{"full":["https:\/\/nsf.pt\/wp-content\/uploads\/2025\/07\/vida-justa-3.jpg",301,218,false],"thumbnail":["https:\/\/nsf.pt\/wp-content\/uploads\/2025\/07\/vida-justa-3-150x150.jpg",150,150,true],"medium":["https:\/\/nsf.pt\/wp-content\/uploads\/2025\/07\/vida-justa-3.jpg",300,217,false],"medium_large":["https:\/\/nsf.pt\/wp-content\/uploads\/2025\/07\/vida-justa-3.jpg",301,218,false],"large":["https:\/\/nsf.pt\/wp-content\/uploads\/2025\/07\/vida-justa-3.jpg",301,218,false],"1536x1536":["https:\/\/nsf.pt\/wp-content\/uploads\/2025\/07\/vida-justa-3.jpg",301,218,false],"2048x2048":["https:\/\/nsf.pt\/wp-content\/uploads\/2025\/07\/vida-justa-3.jpg",301,218,false],"covernews-slider-full":["https:\/\/nsf.pt\/wp-content\/uploads\/2025\/07\/vida-justa-3.jpg",301,218,false],"covernews-slider-center":["https:\/\/nsf.pt\/wp-content\/uploads\/2025\/07\/vida-justa-3.jpg",301,218,false],"covernews-featured":["https:\/\/nsf.pt\/wp-content\/uploads\/2025\/07\/vida-justa-3.jpg",301,218,false],"covernews-medium":["https:\/\/nsf.pt\/wp-content\/uploads\/2025\/07\/vida-justa-3.jpg",301,218,false],"covernews-medium-square":["https:\/\/nsf.pt\/wp-content\/uploads\/2025\/07\/vida-justa-3.jpg",301,218,false]},"author_info":{"info":["Carlos Ribeiro"]},"category_info":"<a href=\"https:\/\/nsf.pt\/index.php\/category\/agir\/\" rel=\"category tag\">AGIR<\/a> <a href=\"https:\/\/nsf.pt\/index.php\/category\/destaque\/\" rel=\"category tag\">DESTAQUE<\/a> <a href=\"https:\/\/nsf.pt\/index.php\/category\/movimentos\/\" rel=\"category tag\">MOVIMENTOS<\/a>","tag_info":"MOVIMENTOS","comment_count":"0","_links":{"self":[{"href":"https:\/\/nsf.pt\/index.php\/wp-json\/wp\/v2\/posts\/14394"}],"collection":[{"href":"https:\/\/nsf.pt\/index.php\/wp-json\/wp\/v2\/posts"}],"about":[{"href":"https:\/\/nsf.pt\/index.php\/wp-json\/wp\/v2\/types\/post"}],"author":[{"embeddable":true,"href":"https:\/\/nsf.pt\/index.php\/wp-json\/wp\/v2\/users\/2"}],"replies":[{"embeddable":true,"href":"https:\/\/nsf.pt\/index.php\/wp-json\/wp\/v2\/comments?post=14394"}],"version-history":[{"count":1,"href":"https:\/\/nsf.pt\/index.php\/wp-json\/wp\/v2\/posts\/14394\/revisions"}],"predecessor-version":[{"id":14398,"href":"https:\/\/nsf.pt\/index.php\/wp-json\/wp\/v2\/posts\/14394\/revisions\/14398"}],"wp:featuredmedia":[{"embeddable":true,"href":"https:\/\/nsf.pt\/index.php\/wp-json\/wp\/v2\/media\/14395"}],"wp:attachment":[{"href":"https:\/\/nsf.pt\/index.php\/wp-json\/wp\/v2\/media?parent=14394"}],"wp:term":[{"taxonomy":"category","embeddable":true,"href":"https:\/\/nsf.pt\/index.php\/wp-json\/wp\/v2\/categories?post=14394"},{"taxonomy":"post_tag","embeddable":true,"href":"https:\/\/nsf.pt\/index.php\/wp-json\/wp\/v2\/tags?post=14394"}],"curies":[{"name":"wp","href":"https:\/\/api.w.org\/{rel}","templated":true}]}}