{"id":14457,"date":"2025-08-02T09:53:16","date_gmt":"2025-08-02T09:53:16","guid":{"rendered":"https:\/\/nsf.pt\/?p=14457"},"modified":"2025-08-02T12:16:30","modified_gmt":"2025-08-02T12:16:30","slug":"a-guerra-colonial-e-as-lutas-de-libertacao","status":"publish","type":"post","link":"https:\/\/nsf.pt\/index.php\/2025\/08\/02\/a-guerra-colonial-e-as-lutas-de-libertacao\/","title":{"rendered":"A guerra colonial e as lutas de liberta\u00e7\u00e3o"},"content":{"rendered":"\n<h2 class=\"wp-block-heading\">CURTAS &#8211; Mem\u00f3ria, pol\u00edtica e usos do passado &#8211; Miguel Cardina [Org]<\/h2>\n\n\n<div class=\"wp-block-post-date\"><time datetime=\"2025-08-02T09:53:16+00:00\">2 de Agosto, 2025<\/time><\/div>\n\n\n<h3 class=\"wp-block-heading\">Livro | Guerra colonial<\/h3>\n\n\n\n<p>Este livro apresenta uma an\u00e1lise comparativa sobre a mem\u00f3ria das guerras coloniais e das lutas de liberta\u00e7\u00e3o que conduziram \u00e0 mudan\u00e7a pol\u00edtica em Portugal e \u00e0 independ\u00eancia de cinco novos pa\u00edses africanos: Angola, Mo\u00e7ambique, Guin\u00e9-Bissau, Cabo Verde e S\u00e3o Tom\u00e9 e Pr\u00edncipe. <\/p>\n\n\n\n<p>Oferece-se uma leitura que destaca a natureza mut\u00e1vel das mem\u00f3rias pol\u00edticas e das representa\u00e7\u00f5es sociais. Enfatizam-se tr\u00eas modos de intersec\u00e7\u00f5es mnem\u00f3nicas: a intersec\u00e7\u00e3o entre tempos hist\u00f3ricos distintos; a intersec\u00e7\u00e3o entre m\u00faltiplos produtos e pr\u00e1ticas de mem\u00f3ria; e a intersec\u00e7\u00e3o entre diferentes pa\u00edses e hist\u00f3rias nacionais. <\/p>\n\n\n\n<p>O livro \u00e9 um dos resultados da investiga\u00e7\u00e3o desenvolvida pelo \u201cCROME \u2013 Crossed Memories, Politics of Silence\u201d, projeto financiado por uma Starting Grant (715593) do Conselho Europeu de Investiga\u00e7\u00e3o.<\/p>\n\n\n\n<p>Cole\u00e7\u00e3o CES \/ 6 | <\/p>\n\n\n\n<p>EDI\u00c7\u00c3O <strong>Imprensa da Universidade de Coimbra<\/strong><\/p>\n\n\n\n<p>Foto &#8211; Miguel Cardina &#8211; \u00a9 Mar de Letras<\/p>\n\n\n\n<p>[edi\u00e7\u00e3o em PDF dispon\u00edvel no site do CES]<\/p>\n\n\n\n<p><strong>SUM\u00c1RIO<\/strong><strong><\/strong><\/p>\n\n\n\n<p>Introdu\u00e7\u00e3o<\/p>\n\n\n\n<p>Miguel Cardina<\/p>\n\n\n\n<p>Cap\u00edtulo 1<\/p>\n\n\n\n<p>Portugal e a mem\u00f3ria p\u00fablica da guerra colonial.<\/p>\n\n\n\n<p>Miguel Cardina<\/p>\n\n\n\n<p>Cap\u00edtulo 2<\/p>\n\n\n\n<p>Pol\u00edticas de mem\u00f3ria e sil\u00eancio: a luta de liberta\u00e7\u00e3o de Angola em tempos p\u00f3s-coloniais<\/p>\n\n\n\n<p>Vasco Martins<\/p>\n\n\n\n<p>Cap\u00edtulo 3<\/p>\n\n\n\n<p>A luta de liberta\u00e7\u00e3o e as pol\u00edticas do hero\u00edsmo em Mo\u00e7ambique: os veteranos de guerra e os avessos da mem\u00f3ria<\/p>\n\n\n\n<p>Nat\u00e1lia Bueno, Bruno Sena Martins<\/p>\n\n\n\n<p>Cap\u00edtulo 4<\/p>\n\n\n\n<p>Mantenhas para quem luta! Evocando a luta de liberta\u00e7\u00e3o na Guin\u00e9-Bissau<\/p>\n\n\n\n<p>In\u00eas Nascimento Rodrigues<\/p>\n\n\n\n<p>Cap\u00edtulo 5<\/p>\n\n\n\n<p>Os monumentos evocativos da guerra colonial em Portugal: 60 anos em retrato<\/p>\n\n\n\n<p>Andr\u00e9 Caiado<\/p>\n\n\n\n<p>Cap\u00edtulo 6<\/p>\n\n\n\n<p>As paisagens memoriais da luta de liberta\u00e7\u00e3o em Cabo Verde<\/p>\n\n\n\n<p>Miguel Cardina, In\u00eas Nascimento Rodrigues<\/p>\n\n\n\n<p>Cap\u00edtulo 7<\/p>\n\n\n\n<p>Controv\u00e9rsias hist\u00f3ricas, <em>Netoscapes<\/em> e a mem\u00f3ria p\u00fablica em Luanda<\/p>\n\n\n\n<p>Vasco Martins<\/p>\n\n\n\n<p>Cap\u00edtulo 8<\/p>\n\n\n\n<p>O passado (n\u00e3o) \u00e9 outro pa\u00eds: din\u00e2micas discursivas e representa\u00e7\u00f5es da guerra colonial no espa\u00e7o digital portugu\u00eas.<\/p>\n\n\n\n<p>Ver\u00f3nica Ferreira<\/p>\n\n\n\n<p>Cap\u00edtulo 9<\/p>\n\n\n\n<p>Justi\u00e7a de transi\u00e7\u00e3o e mem\u00f3ria. Um olhar sobre a narrativa da luta de liberta\u00e7\u00e3o de Mo\u00e7ambique<\/p>\n\n\n\n<p>Nat\u00e1lia Bueno<\/p>\n\n\n\n<p>Cap\u00edtulo 10<\/p>\n\n\n\n<p>As representa\u00e7\u00f5es ocidentais da luta de liberta\u00e7\u00e3o da Guin\u00e9-Bissau<\/p>\n\n\n\n<p>Teresa Almeida Cravo<\/p>\n\n\n\n<p>Cap\u00edtulo 11<\/p>\n\n\n\n<p>Quem \u00e9 o combatente? Uma leitura diacr\u00f3nica a partir de Cabo Verde e S\u00e3o Tom\u00e9 e Pr\u00edncipe.<\/p>\n\n\n\n<p>In\u00eas Nascimento Rodrigues, Miguel Cardina<\/p>\n\n\n\n<p>Cap\u00edtulo 12<\/p>\n\n\n\n<p>Os passados subalternos da guerra colonial portuguesa e das lutas de liberta\u00e7\u00e3o: mem\u00f3rias em busca de p\u00e1tria<\/p>\n\n\n\n<p>Bruno Sena Martins<\/p>\n\n\n\n<p>Colaboraram nesta obra<\/p>\n\n\n\n<p><\/p>\n\n\n\n<figure class=\"wp-block-image size-full is-resized\"><img decoding=\"async\" loading=\"lazy\" width=\"619\" height=\"825\" src=\"https:\/\/nsf.pt\/wp-content\/uploads\/2025\/08\/GARDINA1.jpg\" alt=\"\" class=\"wp-image-14458\" style=\"aspect-ratio:0.7503030303030302;width:327px;height:auto\" srcset=\"https:\/\/nsf.pt\/wp-content\/uploads\/2025\/08\/GARDINA1.jpg 619w, https:\/\/nsf.pt\/wp-content\/uploads\/2025\/08\/GARDINA1-225x300.jpg 225w\" sizes=\"(max-width: 619px) 100vw, 619px\" \/><\/figure>\n","protected":false},"excerpt":{"rendered":"<p>CURTAS &#8211; Mem\u00f3ria, pol\u00edtica e usos do passado &#8211; Miguel Cardina [Org] Livro | Guerra&#8230;<\/p>\n","protected":false},"author":2,"featured_media":14473,"comment_status":"open","ping_status":"open","sticky":true,"template":"","format":"standard","meta":{"sfsi_plus_gutenberg_text_before_share":"","sfsi_plus_gutenberg_show_text_before_share":"","sfsi_plus_gutenberg_icon_type":"","sfsi_plus_gutenberg_icon_alignemt":"","sfsi_plus_gutenburg_max_per_row":"","ngg_post_thumbnail":0,"footnotes":""},"categories":[459,450],"tags":[250],"featured_image_urls":{"full":["https:\/\/nsf.pt\/wp-content\/uploads\/2025\/08\/miguel.jpg",1264,739,false],"thumbnail":["https:\/\/nsf.pt\/wp-content\/uploads\/2025\/08\/miguel-150x150.jpg",150,150,true],"medium":["https:\/\/nsf.pt\/wp-content\/uploads\/2025\/08\/miguel-300x175.jpg",300,175,true],"medium_large":["https:\/\/nsf.pt\/wp-content\/uploads\/2025\/08\/miguel-768x449.jpg",640,374,true],"large":["https:\/\/nsf.pt\/wp-content\/uploads\/2025\/08\/miguel-1024x599.jpg",640,374,true],"1536x1536":["https:\/\/nsf.pt\/wp-content\/uploads\/2025\/08\/miguel.jpg",1264,739,false],"2048x2048":["https:\/\/nsf.pt\/wp-content\/uploads\/2025\/08\/miguel.jpg",1264,739,false],"covernews-slider-full":["https:\/\/nsf.pt\/wp-content\/uploads\/2025\/08\/miguel-1115x715.jpg",1115,715,true],"covernews-slider-center":["https:\/\/nsf.pt\/wp-content\/uploads\/2025\/08\/miguel-800x500.jpg",800,500,true],"covernews-featured":["https:\/\/nsf.pt\/wp-content\/uploads\/2025\/08\/miguel-1024x599.jpg",1024,599,true],"covernews-medium":["https:\/\/nsf.pt\/wp-content\/uploads\/2025\/08\/miguel-540x340.jpg",540,340,true],"covernews-medium-square":["https:\/\/nsf.pt\/wp-content\/uploads\/2025\/08\/miguel-400x250.jpg",400,250,true]},"author_info":{"info":["Carlos Ribeiro"]},"category_info":"<a href=\"https:\/\/nsf.pt\/index.php\/category\/curtas\/\" rel=\"category tag\">CURTAS<\/a> <a href=\"https:\/\/nsf.pt\/index.php\/category\/livros\/\" rel=\"category tag\">LIVROS<\/a>","tag_info":"LIVROS","comment_count":"0","_links":{"self":[{"href":"https:\/\/nsf.pt\/index.php\/wp-json\/wp\/v2\/posts\/14457"}],"collection":[{"href":"https:\/\/nsf.pt\/index.php\/wp-json\/wp\/v2\/posts"}],"about":[{"href":"https:\/\/nsf.pt\/index.php\/wp-json\/wp\/v2\/types\/post"}],"author":[{"embeddable":true,"href":"https:\/\/nsf.pt\/index.php\/wp-json\/wp\/v2\/users\/2"}],"replies":[{"embeddable":true,"href":"https:\/\/nsf.pt\/index.php\/wp-json\/wp\/v2\/comments?post=14457"}],"version-history":[{"count":3,"href":"https:\/\/nsf.pt\/index.php\/wp-json\/wp\/v2\/posts\/14457\/revisions"}],"predecessor-version":[{"id":14474,"href":"https:\/\/nsf.pt\/index.php\/wp-json\/wp\/v2\/posts\/14457\/revisions\/14474"}],"wp:featuredmedia":[{"embeddable":true,"href":"https:\/\/nsf.pt\/index.php\/wp-json\/wp\/v2\/media\/14473"}],"wp:attachment":[{"href":"https:\/\/nsf.pt\/index.php\/wp-json\/wp\/v2\/media?parent=14457"}],"wp:term":[{"taxonomy":"category","embeddable":true,"href":"https:\/\/nsf.pt\/index.php\/wp-json\/wp\/v2\/categories?post=14457"},{"taxonomy":"post_tag","embeddable":true,"href":"https:\/\/nsf.pt\/index.php\/wp-json\/wp\/v2\/tags?post=14457"}],"curies":[{"name":"wp","href":"https:\/\/api.w.org\/{rel}","templated":true}]}}