{"id":14594,"date":"2025-08-09T18:16:46","date_gmt":"2025-08-09T18:16:46","guid":{"rendered":"https:\/\/nsf.pt\/?p=14594"},"modified":"2025-08-09T18:16:49","modified_gmt":"2025-08-09T18:16:49","slug":"criancas-de-gaza-gritam-atraves-de-vozes-adultas-portuguesas","status":"publish","type":"post","link":"https:\/\/nsf.pt\/index.php\/2025\/08\/09\/criancas-de-gaza-gritam-atraves-de-vozes-adultas-portuguesas\/","title":{"rendered":"Crian\u00e7as de Gaza gritam atrav\u00e9s de vozes adultas portuguesas"},"content":{"rendered":"\n<h2 class=\"wp-block-heading\">Andreia Kheuang provocou uma aut\u00eantica onda de solidariedade traduzida na produ\u00e7\u00e3o de v\u00eddeos em bases  colaborativas<\/h2>\n\n\n<div class=\"wp-block-post-date\"><time datetime=\"2025-08-09T18:16:46+00:00\">9 de Agosto, 2025<\/time><\/div>\n\n\n<h4 class=\"wp-block-heading\">por Andreia Kheuang, psic\u00f3loga, m\u00e3e, e ativista pelos direitos humanos<\/h4>\n\n\n\n<p><\/p>\n\n\n\n<h3 class=\"wp-block-heading\">O projeto Vozes de Gaza nasce da urg\u00eancia de dar visibilidade \u00e0s crian\u00e7as e fam\u00edlias palestinianas que vivem sob bombardeamentos, fome extrema e desloca\u00e7\u00e3o for\u00e7ada. Atrav\u00e9s de v\u00eddeos curtos, diferentes pessoas emprestam a sua voz para ler frases reais ditas por crian\u00e7as de Gaza, partilhadas diretamente por fam\u00edlias que permanecem sob cerco.<\/h3>\n\n\n\n<p>A inten\u00e7\u00e3o n\u00e3o \u00e9 apenas sensibilizar, \u00e9 honrar estas vozes silenciadas, mostrar ao mundo que estas crian\u00e7as existem, que sentem, que choram, que sonham. E que est\u00e3o a ser esquecidas.<\/p>\n\n\n\n<h2 class=\"wp-block-heading\">Quem dinamiza<\/h2>\n\n\n\n<p>O projeto \u00e9 uma iniciativa de base cidad\u00e3, n\u00e3o institucionalizada, coordenada por mim (Andreia Kheuang), psic\u00f3loga, m\u00e3e, e ativista pelos direitos humanos. O impulso inicial partiu da rela\u00e7\u00e3o direta com fam\u00edlias palestinianas em Gaza, com quem mantenho contacto di\u00e1rio. S\u00e3o essas fam\u00edlias que me enviam, com o seu consentimento, frases reais ditas pelas suas crian\u00e7as e muitas vezes, os pr\u00f3prios \u00e1udios originais.<\/p>\n\n\n\n<h2 class=\"wp-block-heading\">Quem apoia<\/h2>\n\n\n\n<p>A iniciativa conta com a colabora\u00e7\u00e3o volunt\u00e1ria de dezenas de pessoas que emprestam a sua voz entre elas atores, m\u00fasicos, professores, m\u00e9dicos, psic\u00f3logos, jornalistas e outros cidad\u00e3os solid\u00e1rios. O projeto \u00e9 independente, n\u00e3o recebe financiamento institucional, e vive do trabalho volunt\u00e1rio e da partilha org\u00e2nica nas redes sociais.<\/p>\n\n\n\n<h2 class=\"wp-block-heading\">Intera\u00e7\u00f5es com Gaza<\/h2>\n\n\n\n<p>As frases usadas nos v\u00eddeos s\u00e3o recolhidas diretamente em conversas privadas com fam\u00edlias residentes em Gaza, atrav\u00e9s de redes de apoio criadas desde outubro de 2023. Mantenho contacto regular com v\u00e1rios cuidadores, m\u00e3es e pais, como \u00e9 o caso do Mahmoud Alostaz e Rula, pais do pequeno Zein e da Wafaa que \u00e9 m\u00e3e de 4 crian\u00e7as, que partilham comigo os testemunhos dos seus filhos. Esta rela\u00e7\u00e3o n\u00e3o \u00e9 apenas informativa, \u00e9 uma alian\u00e7a afetiva e \u00e9tica.<\/p>\n\n\n\n<h2 class=\"wp-block-heading\">Como participar<\/h2>\n\n\n\n<p>Qualquer pessoa que deseje participar pode contactar-me para receber uma frase real, o nome e idade da crian\u00e7a, e gravar um v\u00eddeo curto a l\u00ea-la. Os v\u00eddeos s\u00e3o depois editados e partilhados nas redes com o t\u00edtulo Vozes de Gaza. Em alguns casos, os pr\u00f3prios familiares da crian\u00e7a ou amigos palestinianos s\u00e3o informados da publica\u00e7\u00e3o, o que gera um profundo impacto emocional e sentido de visibilidade.<\/p>\n\n\n\n<p>Sonho deste projeto: que as pessoas se mobilizem no sentido de exigir uma posi\u00e7\u00e3o do nosso governo face \u00e0 evacua\u00e7\u00e3o de crian\u00e7as doentes, \u00f3rf\u00e3s e a carecer de cuidados m\u00e9dicos, bem como das suas fam\u00edlias. Dar voz \u00e0s crian\u00e7as para que possam crescer e ter direito \u00e0 sua inf\u00e2ncia.<\/p>\n\n\n\n<h2 class=\"wp-block-heading\">V\u00cdDEO 1<\/h2>\n\n\n\n<figure class=\"wp-block-embed is-type-video is-provider-youtube wp-block-embed-youtube wp-embed-aspect-16-9 wp-has-aspect-ratio\"><div class=\"wp-block-embed__wrapper\">\n<iframe loading=\"lazy\" title=\"Vozes de Gaza 3\" width=\"640\" height=\"360\" src=\"https:\/\/www.youtube.com\/embed\/fx6YTS7Rp08?feature=oembed\" frameborder=\"0\" allow=\"accelerometer; autoplay; clipboard-write; encrypted-media; gyroscope; picture-in-picture; web-share\" referrerpolicy=\"strict-origin-when-cross-origin\" allowfullscreen><\/iframe>\n<\/div><\/figure>\n\n\n\n<div style=\"height:23px\" aria-hidden=\"true\" class=\"wp-block-spacer\"><\/div>\n\n\n\n<figure class=\"wp-block-image size-full is-resized\"><img decoding=\"async\" loading=\"lazy\" width=\"614\" height=\"602\" src=\"https:\/\/nsf.pt\/wp-content\/uploads\/2025\/08\/andreaia_colaboradoar.jpg\" alt=\"\" class=\"wp-image-14598\" style=\"aspect-ratio:1.0199335548172757;width:219px;height:auto\" srcset=\"https:\/\/nsf.pt\/wp-content\/uploads\/2025\/08\/andreaia_colaboradoar.jpg 614w, https:\/\/nsf.pt\/wp-content\/uploads\/2025\/08\/andreaia_colaboradoar-300x294.jpg 300w\" sizes=\"(max-width: 614px) 100vw, 614px\" \/><\/figure>\n\n\n\n<h3 class=\"wp-block-heading\">Andreia Kheuang<\/h3>\n","protected":false},"excerpt":{"rendered":"<p>Andreia Kheuang provocou uma aut\u00eantica onda de solidariedade traduzida na produ\u00e7\u00e3o de v\u00eddeos em bases&#8230;<\/p>\n","protected":false},"author":2,"featured_media":14599,"comment_status":"open","ping_status":"open","sticky":true,"template":"","format":"standard","meta":{"sfsi_plus_gutenberg_text_before_share":"","sfsi_plus_gutenberg_show_text_before_share":"","sfsi_plus_gutenberg_icon_type":"","sfsi_plus_gutenberg_icon_alignemt":"","sfsi_plus_gutenburg_max_per_row":"","ngg_post_thumbnail":0,"footnotes":""},"categories":[238,655],"tags":[674,258],"featured_image_urls":{"full":["https:\/\/nsf.pt\/wp-content\/uploads\/2025\/08\/TODOS-VIDEO.jpg",1222,584,false],"thumbnail":["https:\/\/nsf.pt\/wp-content\/uploads\/2025\/08\/TODOS-VIDEO-150x150.jpg",150,150,true],"medium":["https:\/\/nsf.pt\/wp-content\/uploads\/2025\/08\/TODOS-VIDEO-300x143.jpg",300,143,true],"medium_large":["https:\/\/nsf.pt\/wp-content\/uploads\/2025\/08\/TODOS-VIDEO-768x367.jpg",640,306,true],"large":["https:\/\/nsf.pt\/wp-content\/uploads\/2025\/08\/TODOS-VIDEO-1024x489.jpg",640,306,true],"1536x1536":["https:\/\/nsf.pt\/wp-content\/uploads\/2025\/08\/TODOS-VIDEO.jpg",1222,584,false],"2048x2048":["https:\/\/nsf.pt\/wp-content\/uploads\/2025\/08\/TODOS-VIDEO.jpg",1222,584,false],"covernews-slider-full":["https:\/\/nsf.pt\/wp-content\/uploads\/2025\/08\/TODOS-VIDEO-1115x584.jpg",1115,584,true],"covernews-slider-center":["https:\/\/nsf.pt\/wp-content\/uploads\/2025\/08\/TODOS-VIDEO-800x500.jpg",800,500,true],"covernews-featured":["https:\/\/nsf.pt\/wp-content\/uploads\/2025\/08\/TODOS-VIDEO-1024x489.jpg",1024,489,true],"covernews-medium":["https:\/\/nsf.pt\/wp-content\/uploads\/2025\/08\/TODOS-VIDEO-540x340.jpg",540,340,true],"covernews-medium-square":["https:\/\/nsf.pt\/wp-content\/uploads\/2025\/08\/TODOS-VIDEO-400x250.jpg",400,250,true]},"author_info":{"info":["Carlos Ribeiro"]},"category_info":"<a href=\"https:\/\/nsf.pt\/index.php\/category\/destaque\/\" rel=\"category tag\">DESTAQUE<\/a> <a href=\"https:\/\/nsf.pt\/index.php\/category\/gaza\/\" rel=\"category tag\">GAZA<\/a>","tag_info":"GAZA","comment_count":"0","_links":{"self":[{"href":"https:\/\/nsf.pt\/index.php\/wp-json\/wp\/v2\/posts\/14594"}],"collection":[{"href":"https:\/\/nsf.pt\/index.php\/wp-json\/wp\/v2\/posts"}],"about":[{"href":"https:\/\/nsf.pt\/index.php\/wp-json\/wp\/v2\/types\/post"}],"author":[{"embeddable":true,"href":"https:\/\/nsf.pt\/index.php\/wp-json\/wp\/v2\/users\/2"}],"replies":[{"embeddable":true,"href":"https:\/\/nsf.pt\/index.php\/wp-json\/wp\/v2\/comments?post=14594"}],"version-history":[{"count":1,"href":"https:\/\/nsf.pt\/index.php\/wp-json\/wp\/v2\/posts\/14594\/revisions"}],"predecessor-version":[{"id":14600,"href":"https:\/\/nsf.pt\/index.php\/wp-json\/wp\/v2\/posts\/14594\/revisions\/14600"}],"wp:featuredmedia":[{"embeddable":true,"href":"https:\/\/nsf.pt\/index.php\/wp-json\/wp\/v2\/media\/14599"}],"wp:attachment":[{"href":"https:\/\/nsf.pt\/index.php\/wp-json\/wp\/v2\/media?parent=14594"}],"wp:term":[{"taxonomy":"category","embeddable":true,"href":"https:\/\/nsf.pt\/index.php\/wp-json\/wp\/v2\/categories?post=14594"},{"taxonomy":"post_tag","embeddable":true,"href":"https:\/\/nsf.pt\/index.php\/wp-json\/wp\/v2\/tags?post=14594"}],"curies":[{"name":"wp","href":"https:\/\/api.w.org\/{rel}","templated":true}]}}