{"id":14651,"date":"2025-08-15T16:23:26","date_gmt":"2025-08-15T16:23:26","guid":{"rendered":"https:\/\/nsf.pt\/?p=14651"},"modified":"2025-08-15T16:23:34","modified_gmt":"2025-08-15T16:23:34","slug":"vozes-de-gaza-partilha-frases-reais-ditas-por-criancas-palestinianas","status":"publish","type":"post","link":"https:\/\/nsf.pt\/index.php\/2025\/08\/15\/vozes-de-gaza-partilha-frases-reais-ditas-por-criancas-palestinianas\/","title":{"rendered":"Vozes de Gaza partilha frases reais ditas por crian\u00e7as palestinianas"},"content":{"rendered":"\n<h2 class=\"wp-block-heading\">Concertos solid\u00e1rios ser\u00e3o realizados em setembro e outubro<\/h2>\n\n\n<div class=\"wp-block-post-date\"><time datetime=\"2025-08-15T16:23:26+00:00\">15 de Agosto, 2025<\/time><\/div>\n\n\n<h3 class=\"wp-block-heading has-vivid-red-color has-text-color\">ENTREVISTA  &#8211; Susana Almeida<\/h3>\n\n\n\n<p>Fal\u00e1mos com uma das ativistas do movimento informal que est\u00e1 criar uma onda de indigna\u00e7\u00e3o pela situa\u00e7\u00e3o que a popula\u00e7\u00e3o de Gaza, e em particular as crian\u00e7as, est\u00e1 a viver em consequ\u00eancia da a\u00e7\u00e3o classificada de inten\u00e7\u00e3o de genoc\u00eddio por juristas internacionais e que o Estado de Israel est\u00e1 a promover sem atender aos gritos de protesto e de revolta que se fazem ouvir em todo o planeta.<\/p>\n\n\n\n<p>Fomos ao encontro da Susana Almeida numa associa\u00e7\u00e3o local situada em Loubagueira, no concelho de Torres Vedras, e retir\u00e1mos da nossa conversa uma sistematiza\u00e7\u00e3o das iniciativas e a\u00e7\u00f5es que muitos movimentos, associa\u00e7\u00f5es e pessoas j\u00e1 levaram a efeito e outras est\u00e3o a ser dinamizadas nos dias de hoje com fervor e entusiasmo militante.<\/p>\n\n\n\n<div style=\"height:22px\" aria-hidden=\"true\" class=\"wp-block-spacer\"><\/div>\n\n\n\n<figure class=\"wp-block-gallery has-nested-images columns-default is-cropped wp-block-gallery-1 is-layout-flex wp-block-gallery-is-layout-flex\">\n<figure class=\"wp-block-image size-large\"><img decoding=\"async\" loading=\"lazy\" width=\"1024\" height=\"683\" data-id=\"14653\" src=\"https:\/\/nsf.pt\/wp-content\/uploads\/2025\/08\/IMG_4511.jpeg\" alt=\"\" class=\"wp-image-14653\" srcset=\"https:\/\/nsf.pt\/wp-content\/uploads\/2025\/08\/IMG_4511.jpeg 1024w, https:\/\/nsf.pt\/wp-content\/uploads\/2025\/08\/IMG_4511-300x200.jpeg 300w, https:\/\/nsf.pt\/wp-content\/uploads\/2025\/08\/IMG_4511-768x512.jpeg 768w\" sizes=\"(max-width: 1024px) 100vw, 1024px\" \/><\/figure>\n\n\n\n<figure class=\"wp-block-image size-large\"><img decoding=\"async\" loading=\"lazy\" width=\"1024\" height=\"683\" data-id=\"14654\" src=\"https:\/\/nsf.pt\/wp-content\/uploads\/2025\/08\/IMG_4513.jpeg\" alt=\"\" class=\"wp-image-14654\" srcset=\"https:\/\/nsf.pt\/wp-content\/uploads\/2025\/08\/IMG_4513.jpeg 1024w, https:\/\/nsf.pt\/wp-content\/uploads\/2025\/08\/IMG_4513-300x200.jpeg 300w, https:\/\/nsf.pt\/wp-content\/uploads\/2025\/08\/IMG_4513-768x512.jpeg 768w\" sizes=\"(max-width: 1024px) 100vw, 1024px\" \/><\/figure>\n<\/figure>\n\n\n\n<p class=\"has-text-align-center\">Susana Almeida, uma das dinamizadoras do projeto Vozes de Gaza que Andreia Kheuag (Ser Amor Psicologia) lan\u00e7ou recentemente<\/p>\n\n\n\n<div style=\"height:21px\" aria-hidden=\"true\" class=\"wp-block-spacer\"><\/div>\n\n\n\n<h2 class=\"wp-block-heading\">A\u00e7\u00f5es pela Paz na Palestina em Portugal<\/h2>\n\n\n\n<p><br>Portugal tem mostrado que a solidariedade n\u00e3o se mede em n\u00fameros gigantescos, mas na capacidade de transformar indigna\u00e7\u00e3o em a\u00e7\u00e3o. Seja com um papagaio ao vento, uma panela vazia, ou a voz de uma crian\u00e7a, cada gesto aqui ecoa at\u00e9 Gaza. E cada pessoa que se junta multiplica o alcance da esperan\u00e7a.<\/p>\n\n\n\n<ol>\n<li>A\u00e7\u00f5es Art\u00edsticas e Simb\u00f3licas<br>\u2022 Instala\u00e7\u00e3o art\u00edstica \u201cPapagaios para Gaza\u201d \u2014 15 de fevereiro de 2025, Alameda D. Afonso Henriques, Lisboa.<br>Organizado pela Amnistia Internacional \u2014 Portugal e Parents for Peace.<br>\u2022 Em 2011, cerca de 13.000 crian\u00e7as de Gaza participaram numa atividade coletiva para bater o recorde mundial de maior n\u00famero de papagaios lan\u00e7ados ao mesmo tempo.<br>o 1.300 papagaios decorados em homenagem \u00e0s crian\u00e7as v\u00edtimas de Gaza.<br>o Recitais po\u00e9ticos e interven\u00e7\u00f5es institucionais.<br>o Evoca\u00e7\u00e3o do papagaio como s\u00edmbolo de liberdade, resist\u00eancia pac\u00edfica e identidade cultural para as crian\u00e7as de Gaza.<\/li>\n<\/ol>\n\n\n\n<hr class=\"wp-block-separator has-alpha-channel-opacity\"\/>\n\n\n\n<ol start=\"2\">\n<li>Campanhas Itinerantes de Sensibiliza\u00e7\u00e3o<br>\u2022 \u201cTodas as Crian\u00e7as Importam\u201d \u2014 30 de maio a 1 de junho de 2025.<br>o Lisboa (Rua do Carmo) \u2014 sensibiliza\u00e7\u00e3o p\u00fablica.<br>o Coimbra \u2014 a\u00e7\u00e3o de rua.<br>o Ericeira \u2014 evento na Praia do Sul.<br>o Porto \u2014 cord\u00e3o humano e exposi\u00e7\u00e3o de roupas infantis na Foz.<br>o Set\u00fabal \u2014 a\u00e7\u00e3o na Pra\u00e7a do Bocage.<br>o Objetivo: recordar que cada crian\u00e7a, independentemente do lugar, tem direito a viver em seguran\u00e7a e dignidade.<\/li>\n<\/ol>\n\n\n\n<hr class=\"wp-block-separator has-alpha-channel-opacity\"\/>\n\n\n\n<ol start=\"4\">\n<li>Participa\u00e7\u00e3o em Movimentos e Coliga\u00e7\u00f5es<br>\u2022 Presen\u00e7a em manifesta\u00e7\u00f5es e vig\u00edlias conjuntas com:<br>o MPPM (Movimento pelos Direitos do Povo Palestino e pela Paz)<br>o CPPC<br>o CPUN<br>o Judeus Pela Paz e Justi\u00e7a<br>\u2022 Participa\u00e7\u00e3o em eventos culturais e de rua com enfoque na press\u00e3o pol\u00edtica e consciencializa\u00e7\u00e3o p\u00fablica.<\/li>\n<\/ol>\n\n\n\n<hr class=\"wp-block-separator has-alpha-channel-opacity\"\/>\n\n\n\n<ol start=\"5\">\n<li>Mobiliza\u00e7\u00e3o Internacional<br>\u2022 Dia Global de A\u00e7\u00e3o por Gaza \u2014 9 de agosto de 2025, no Porto.<br>o Parte de um movimento com a\u00e7\u00f5es em cidades de 17 pa\u00edses.<br>o Marcha e vig\u00edlia exigindo o fim do genoc\u00eddio e do cerco a Gaza.<br>o In\u00eas Pinto e Filipe Nuno viajaram cerca de 60 km, de Amarante ao Porto, com a filha Carolina, de 2 anos, para participarem:<br>\u201cQuando ela estudar isto na escola vai associar, vamos contar-lhe e mostrar-lhe registos, e ela saber\u00e1 que os pais n\u00e3o se calaram.\u201d<\/li>\n<\/ol>\n\n\n\n<hr class=\"wp-block-separator has-alpha-channel-opacity\"\/>\n\n\n\n<ol start=\"6\">\n<li>Protesto Di\u00e1rio (iniciativa mundial)<br>\u2022 Panelada pela Palestina \u2014 todos os dias \u00e0s 20h.<br>\u2022 Bater panelas vazias \u00e0 nossa janela, na rua, numa pra\u00e7a para mostrar ao mundo que \u00e9 este o som da fome \u2013 ensurdecedor\u2026 \u00e9 isto que as Crian\u00e7as t\u00eam em Gaza \u2013 uma panela cheia de nada!<br>o Protesto simples, acess\u00edvel e replic\u00e1vel globalmente. Mobiliza\u00e7\u00e3o R\u00e1pida e Criativa<br>\u2022 Iniciativa de Andreia Kheuag (Ser Amor Psicologia) \u2014 em apenas 3 dias mobilizou mais de 150 pessoas para dar voz \u00e0s crian\u00e7as de Gaza, lendo frases reais ditas pelas pr\u00f3prias.<br>\u2022 Juntaram-se v\u00e1rios coletivos \u2014 NaturaMente (com 11 participantes), OccupyForGaza, Parents For Peace \u2014 e figuras conhecidas como Rita Red Shoes, Rita Blanco, Adriano Luz, Jos\u00e9 Raposo, Dalila Carmo, Jorge Corrula, Rita Pereira, Benedita Pereira e Joana Seixas (que fez a ponte entre todos).<br>\u2022 Influenciadores digitais tamb\u00e9m aderiram: Nuno da p\u00e1gina Educar Pela Positiva (350.000 seguidores), Gon\u00e7alo Oliveira (Pai pra Toda a Obra, ~40.000 seguidores), entre muitos outros que n\u00e3o se calam.<br>\u2022 Produ\u00e7\u00e3o de 7 v\u00eddeos pioneiros em Portugal (o 7\u00ba a estrear em breve), inspirados em a\u00e7\u00f5es semelhantes j\u00e1 realizadas noutros pa\u00edses e noutras l\u00ednguas.<\/li>\n<\/ol>\n\n\n\n<blockquote class=\"wp-block-quote\">\n<p>Quando pensarem que n\u00e3o podem fazer nada pelos outros, lembrem-se que uma s\u00f3 mulher, conseguiu em 3 dias, mobilizar mais de 120 pessoas para produzir 7 v\u00eddeos e dar voz \u00e0s crian\u00e7as de gaza. o 7\u00ba sair\u00e1 entre hoje e amanh\u00e3.\u00a0<\/p>\n<\/blockquote>\n\n\n\n<p><br>Isto pode parecer muito pouco, mas se conseguirmos informar mais 10 pessoas sobre o que se passa na Palestina e que essas 10 pessoas convidem mais 10 a assinar peti\u00e7\u00f5es, a fazermos press\u00e3o sobre o governo e a Comiss\u00e3o Europeia, a juntarem-se a manifesta\u00e7\u00f5es e vig\u00edlias e a mostrarem o seu descontentamento com a in\u00e9rcia e com a coniv\u00eancia com este genoc\u00eddio, vamos todos conseguir mudar o rumo da HIST\u00d3RIA.<\/p>\n\n\n\n<p>A partir daqui, a Andreia Kheuang j\u00e1 come\u00e7ou a desenhar connosco a organiza\u00e7\u00e3o de Concertos Solid\u00e1rios pela Palestina. A ideia \u00e9 que sejam concertos intimistas, ac\u00fasticos, onde se juntem poemas, m\u00fasica, comida e conv\u00edvio, aliados \u00e0 angaria\u00e7\u00e3o de fundos para apoiarmos financeiramente as fam\u00edlias de Gaza.<br>Os concertos ser\u00e3o realizados em Setembro e Outubro, com v\u00e1rios convidados j\u00e1 confirmados.<\/p>\n\n\n\n<div style=\"height:30px\" aria-hidden=\"true\" class=\"wp-block-spacer\"><\/div>\n\n\n\n<figure class=\"wp-block-gallery has-nested-images columns-default is-cropped wp-block-gallery-3 is-layout-flex wp-block-gallery-is-layout-flex\">\n<figure class=\"wp-block-image size-large\"><img decoding=\"async\" loading=\"lazy\" width=\"1024\" height=\"683\" data-id=\"14655\" src=\"https:\/\/nsf.pt\/wp-content\/uploads\/2025\/08\/IMG_4505.jpeg\" alt=\"\" class=\"wp-image-14655\" srcset=\"https:\/\/nsf.pt\/wp-content\/uploads\/2025\/08\/IMG_4505.jpeg 1024w, https:\/\/nsf.pt\/wp-content\/uploads\/2025\/08\/IMG_4505-300x200.jpeg 300w, https:\/\/nsf.pt\/wp-content\/uploads\/2025\/08\/IMG_4505-768x512.jpeg 768w\" sizes=\"(max-width: 1024px) 100vw, 1024px\" \/><\/figure>\n\n\n\n<figure class=\"wp-block-image size-large\"><img decoding=\"async\" loading=\"lazy\" width=\"1024\" height=\"683\" data-id=\"14656\" src=\"https:\/\/nsf.pt\/wp-content\/uploads\/2025\/08\/IMG_4508.jpeg\" alt=\"\" class=\"wp-image-14656\" srcset=\"https:\/\/nsf.pt\/wp-content\/uploads\/2025\/08\/IMG_4508.jpeg 1024w, https:\/\/nsf.pt\/wp-content\/uploads\/2025\/08\/IMG_4508-300x200.jpeg 300w, https:\/\/nsf.pt\/wp-content\/uploads\/2025\/08\/IMG_4508-768x512.jpeg 768w\" sizes=\"(max-width: 1024px) 100vw, 1024px\" \/><\/figure>\n<\/figure>\n\n\n\n<p class=\"has-text-align-center\">Susana Almeida dinamiza a Associa\u00e7\u00e3o para a Transforma\u00e7\u00e3o de Ecossistemas de Aprendizagem em Torres Vedras<\/p>\n\n\n\n<div style=\"height:21px\" aria-hidden=\"true\" class=\"wp-block-spacer\"><\/div>\n\n\n\n<h2 class=\"wp-block-heading\">V\u00cdDEOS <\/h2>\n\n\n\n<p>Vozes de Gaza \u00e9 um projeto que partilha frases reais ditas por crian\u00e7as palestinianas sob cerco, fome e bombardeamentos. Pessoas de todo o mundo emprestam a sua voz para que estas palavras cheguem mais longe, honrando a inf\u00e2ncia que lhes est\u00e1 a ser roubada e lembrando ao mundo que n\u00e3o podemos esquec\u00ea-las. A iniciativa \u00e9 independente, sem financiamento institucional, e conta com a colabora\u00e7\u00e3o volunt\u00e1ria de atores, m\u00fasicos, professores, m\u00e9dicos, jornalistas e outros cidad\u00e3os solid\u00e1rios. Este projeto \u00e9 dinamizado por Andreia Kheuang, M\u00e3e, Psic\u00f3loga e Ativista pelos direitos humanos com a colabora\u00e7\u00e3o de v\u00e1rios cidad\u00e3os volunt\u00e1rios.<\/p>\n\n\n\n<div style=\"height:23px\" aria-hidden=\"true\" class=\"wp-block-spacer\"><\/div>\n\n\n\n<h2 class=\"wp-block-heading\"><a href=\"https:\/\/www.youtube.com\/@andreiakheuang\">Tr\u00eas dos sete v\u00eddeos co-produzidos <\/a>[aceder ao youtube].<\/h2>\n\n\n\n<figure class=\"wp-block-gallery has-nested-images columns-default is-cropped wp-block-gallery-5 is-layout-flex wp-block-gallery-is-layout-flex\">\n<figure class=\"wp-block-image size-large\"><img decoding=\"async\" loading=\"lazy\" width=\"1024\" height=\"675\" data-id=\"14652\" src=\"https:\/\/nsf.pt\/wp-content\/uploads\/2025\/08\/SER-AMOR-1024x675.jpg\" alt=\"\" class=\"wp-image-14652\" srcset=\"https:\/\/nsf.pt\/wp-content\/uploads\/2025\/08\/SER-AMOR-1024x675.jpg 1024w, https:\/\/nsf.pt\/wp-content\/uploads\/2025\/08\/SER-AMOR-300x198.jpg 300w, https:\/\/nsf.pt\/wp-content\/uploads\/2025\/08\/SER-AMOR-768x506.jpg 768w, https:\/\/nsf.pt\/wp-content\/uploads\/2025\/08\/SER-AMOR.jpg 1189w\" sizes=\"(max-width: 1024px) 100vw, 1024px\" \/><\/figure>\n<\/figure>\n\n\n\n<p><\/p>\n\n\n\n<p><\/p>\n","protected":false},"excerpt":{"rendered":"<p>Concertos solid\u00e1rios ser\u00e3o realizados em setembro e outubro ENTREVISTA &#8211; Susana Almeida Fal\u00e1mos com uma&#8230;<\/p>\n","protected":false},"author":2,"featured_media":14656,"comment_status":"open","ping_status":"open","sticky":true,"template":"","format":"standard","meta":{"sfsi_plus_gutenberg_text_before_share":"","sfsi_plus_gutenberg_show_text_before_share":"","sfsi_plus_gutenberg_icon_type":"","sfsi_plus_gutenberg_icon_alignemt":"","sfsi_plus_gutenburg_max_per_row":"","ngg_post_thumbnail":0,"footnotes":""},"categories":[238,464,655],"tags":[258],"featured_image_urls":{"full":["https:\/\/nsf.pt\/wp-content\/uploads\/2025\/08\/IMG_4508.jpeg",1024,683,false],"thumbnail":["https:\/\/nsf.pt\/wp-content\/uploads\/2025\/08\/IMG_4508-150x150.jpeg",150,150,true],"medium":["https:\/\/nsf.pt\/wp-content\/uploads\/2025\/08\/IMG_4508-300x200.jpeg",300,200,true],"medium_large":["https:\/\/nsf.pt\/wp-content\/uploads\/2025\/08\/IMG_4508-768x512.jpeg",640,427,true],"large":["https:\/\/nsf.pt\/wp-content\/uploads\/2025\/08\/IMG_4508.jpeg",640,427,false],"1536x1536":["https:\/\/nsf.pt\/wp-content\/uploads\/2025\/08\/IMG_4508.jpeg",1024,683,false],"2048x2048":["https:\/\/nsf.pt\/wp-content\/uploads\/2025\/08\/IMG_4508.jpeg",1024,683,false],"covernews-slider-full":["https:\/\/nsf.pt\/wp-content\/uploads\/2025\/08\/IMG_4508.jpeg",1024,683,false],"covernews-slider-center":["https:\/\/nsf.pt\/wp-content\/uploads\/2025\/08\/IMG_4508-800x500.jpeg",800,500,true],"covernews-featured":["https:\/\/nsf.pt\/wp-content\/uploads\/2025\/08\/IMG_4508.jpeg",1024,683,false],"covernews-medium":["https:\/\/nsf.pt\/wp-content\/uploads\/2025\/08\/IMG_4508-540x340.jpeg",540,340,true],"covernews-medium-square":["https:\/\/nsf.pt\/wp-content\/uploads\/2025\/08\/IMG_4508-400x250.jpeg",400,250,true]},"author_info":{"info":["Carlos Ribeiro"]},"category_info":"<a href=\"https:\/\/nsf.pt\/index.php\/category\/destaque\/\" rel=\"category tag\">DESTAQUE<\/a> <a href=\"https:\/\/nsf.pt\/index.php\/category\/entrevista\/\" rel=\"category tag\">ENTREVISTA<\/a> <a href=\"https:\/\/nsf.pt\/index.php\/category\/gaza\/\" rel=\"category tag\">GAZA<\/a>","tag_info":"GAZA","comment_count":"0","_links":{"self":[{"href":"https:\/\/nsf.pt\/index.php\/wp-json\/wp\/v2\/posts\/14651"}],"collection":[{"href":"https:\/\/nsf.pt\/index.php\/wp-json\/wp\/v2\/posts"}],"about":[{"href":"https:\/\/nsf.pt\/index.php\/wp-json\/wp\/v2\/types\/post"}],"author":[{"embeddable":true,"href":"https:\/\/nsf.pt\/index.php\/wp-json\/wp\/v2\/users\/2"}],"replies":[{"embeddable":true,"href":"https:\/\/nsf.pt\/index.php\/wp-json\/wp\/v2\/comments?post=14651"}],"version-history":[{"count":1,"href":"https:\/\/nsf.pt\/index.php\/wp-json\/wp\/v2\/posts\/14651\/revisions"}],"predecessor-version":[{"id":14657,"href":"https:\/\/nsf.pt\/index.php\/wp-json\/wp\/v2\/posts\/14651\/revisions\/14657"}],"wp:featuredmedia":[{"embeddable":true,"href":"https:\/\/nsf.pt\/index.php\/wp-json\/wp\/v2\/media\/14656"}],"wp:attachment":[{"href":"https:\/\/nsf.pt\/index.php\/wp-json\/wp\/v2\/media?parent=14651"}],"wp:term":[{"taxonomy":"category","embeddable":true,"href":"https:\/\/nsf.pt\/index.php\/wp-json\/wp\/v2\/categories?post=14651"},{"taxonomy":"post_tag","embeddable":true,"href":"https:\/\/nsf.pt\/index.php\/wp-json\/wp\/v2\/tags?post=14651"}],"curies":[{"name":"wp","href":"https:\/\/api.w.org\/{rel}","templated":true}]}}