{"id":14659,"date":"2025-08-16T11:26:41","date_gmt":"2025-08-16T11:26:41","guid":{"rendered":"https:\/\/nsf.pt\/?p=14659"},"modified":"2025-08-16T15:19:17","modified_gmt":"2025-08-16T15:19:17","slug":"manuela-magno-quer-ser-a-presidente-da-cidadania-ativa","status":"publish","type":"post","link":"https:\/\/nsf.pt\/index.php\/2025\/08\/16\/manuela-magno-quer-ser-a-presidente-da-cidadania-ativa\/","title":{"rendered":"Manuela Magno quer ser a Presidente da Cidadania Ativa"},"content":{"rendered":"\n<h2 class=\"wp-block-heading\">Pr\u00e9-candidata apresenta-se para servir o bem comum de forma independente<\/h2>\n\n\n<div class=\"wp-block-post-date\"><time datetime=\"2025-08-16T11:26:41+00:00\">16 de Agosto, 2025<\/time><\/div>\n\n\n<p>Com a desist\u00eancia de Ant\u00f3nio Sampaio da N\u00f3voa da corrida para as Presidenciais 2026, ele que \u00e0 partida nem que fosse de forma simb\u00f3lica atendendo \u00e0 evolu\u00e7\u00e3o das condi\u00e7\u00f5es s\u00f3cio-pol\u00edticas no pa\u00eds transportaria um<em> scrore <\/em>de mais de um milh\u00e3o de votos correspondendo a cerca de 23% da vota\u00e7\u00e3o no ato eleitoral ocorrido em 2016, fica aberto um cen\u00e1rio para as candidaturas \u00e0 esquerda do PSD mais complexo no que diz respeito \u00e0s hip\u00f3teses de impedir a reedi\u00e7\u00e3o de um marcelopopulismo, no Pal\u00e1cio de Bel\u00e9m, com novas roupagens.<\/p>\n\n\n\n<p>Importa assim conhecer o que se oferece aos eleitores de esquerda neste quadro de rela\u00e7\u00e3o de for\u00e7as que continuar\u00e1 a evoluir nos pr\u00f3ximos tempos. Come\u00e7\u00e1mos por visitar as propostas que valorizam de forma destacada as din\u00e2micas fundamentais da cidadania ativa, no caso a pr\u00e9-candidatura de Manuela Magno que entrevist\u00e1mos para o efeito. <em>NSF-CVR Coordena\u00e7\u00e3o editorial<\/em><\/p>\n\n\n\n<p class=\"has-vivid-red-color has-text-color\"><strong>ENTREVISTA &#8211; Manuela Magno [MM]<\/strong><\/p>\n\n\n\n<p><\/p>\n\n\n\n<h2 class=\"wp-block-heading\">Sobre a legitimidade pol\u00edtica<\/h2>\n\n\n\n<p><em><strong>NSF \u2013 A par da legitimidade formal [os direitos de cidadania] de uma candidatura \u00e0 Presid\u00eancia da Rep\u00fablica deve existir uma legitimidade pol\u00edtica que se comprova pela a\u00e7\u00e3o realizada em favor das bandeiras agora invocadas para pedir votos aos cidad\u00e3os. Em que se baseia esta candidatura para ser naturalmente considerada com a legitimidade pol\u00edtica necess\u00e1ria<\/strong>?<\/em><\/p>\n\n\n\n<p><em>MM<\/em> &#8211; A minha candidatura assenta na convic\u00e7\u00e3o de que o cargo de Presidente da Rep\u00fablica deve estar acima das divis\u00f5es partid\u00e1rias e ideol\u00f3gicas. Ao longo da minha vida pessoal e profissional, constru\u00ed um percurso marcado pela defesa de valores como a verdade, a transpar\u00eancia, o humanismo, a participa\u00e7\u00e3o cidad\u00e3 e a busca de solu\u00e7\u00f5es pr\u00e1ticas para problemas concretos, tendo como linhas orientadoras A\u00c7\u00c3O vs resigna\u00e7\u00e3o, EMPATIA vs egotismo, PEDAGOGIA vs demagogia, REALISMO vs populismo e ALEGRIA vs amargura.<\/p>\n\n\n\n<p>Fui delegada sindical no SNESup \u2013 Sindicato Nacional do Ensino Superior, onde promovi a luta pelo subs\u00eddio de desemprego para os professores do ensino superior polit\u00e9cnico e universit\u00e1rio \u2014 uma conquista que entrou em vigor em 2008.<\/p>\n\n\n\n<p>Fui candidata independente, como cabe\u00e7a de lista pelo Partido Humanista, \u00e0s elei\u00e7\u00f5es europeias de 2009 e, no mesmo ano, cabe\u00e7a de lista por Aveiro, \u00e0s legislativas, pela coliga\u00e7\u00e3o FEH \u2013 Frente Ecologia e Humanismo <\/p>\n\n\n\n<p>Candidatei-me ainda \u00e0s elei\u00e7\u00f5es presidenciais de 2006, onde consegui o apoio de 7 750 cidad\u00e3os (ac\u00f3rd\u00e3o do Tribunal Constitucional), prova de que \u00e9 poss\u00edvel um cidad\u00e3o independente reunir as condi\u00e7\u00f5es formais para concorrer ao mais alto cargo da Rep\u00fablica. A candidatura acabou por ser rejeitada porque algumas das proposituras n\u00e3o estavam agrafadas \u00e0s respetivas certid\u00f5es de eleitor. Foi uma experi\u00eancia \u00fanica de \u201cafirma\u00e7\u00e3o de cidadania\u201d, lema dessa candidatura. Foram quase dois anos de contacto direto e regular com a popula\u00e7\u00e3o, fazendo pedagogia pol\u00edtica, algo que considero fundamental para aproximar a pol\u00edtica das pessoas e as pessoas \u00e0 pol\u00edtica.<\/p>\n\n\n\n<p>Em junho de 2024, aceitei o convite do Partido Volt Portugal para ser, como independente, sua mandat\u00e1ria nas elei\u00e7\u00f5es europeias. A seguir \u00e0s elei\u00e7\u00f5es, juntei- me ao Volt Portugal, onde n\u00e3o integro qualquer \u00f3rg\u00e3o, e mantenho total independ\u00eancia pol\u00edtica no \u00e2mbito desta pr\u00e9-candidatura.<\/p>\n\n\n\n<p>Trago a experi\u00eancia diversificada de quem viveu, trabalhou e observou o mundo em diferentes contextos culturais, sociais e pol\u00edticos. Essa viv\u00eancia d\u00e1-me a legitimidade pol\u00edtica que reclamo: n\u00e3o para representar interesses instalados, mas para servir o bem comum de forma independente.<\/p>\n\n\n\n<p><\/p>\n\n\n\n<p class=\"has-text-align-center has-luminous-vivid-amber-background-color has-background\"><a href=\"https:\/\/www.spra.pt\/ensino-superior-conquista-subsidio-de-desemprego\/\">Ensino Superior conquista subs\u00eddio de desemprego<\/a><\/p>\n\n\n\n<p class=\"has-text-align-center has-luminous-vivid-amber-background-color has-background\"><a href=\"https:\/\/www.dn.pt\/arquivo\/diario-de-noticias\/frente-ecologia-e-humanismo-acredita-na-eleicao-de-um-deputado-por-lisboa.html\">FEH \u2013 Frente Ecologia e Humanismo<\/a><\/p>\n\n\n\n<div style=\"height:26px\" aria-hidden=\"true\" class=\"wp-block-spacer\"><\/div>\n\n\n\n<figure class=\"wp-block-gallery has-nested-images columns-default is-cropped wp-block-gallery-1 is-layout-flex wp-block-gallery-is-layout-flex\">\n<figure class=\"wp-block-image size-large\"><img decoding=\"async\" loading=\"lazy\" width=\"808\" height=\"599\" data-id=\"14660\" src=\"https:\/\/nsf.pt\/wp-content\/uploads\/2025\/08\/mm3.jpg\" alt=\"\" class=\"wp-image-14660\" srcset=\"https:\/\/nsf.pt\/wp-content\/uploads\/2025\/08\/mm3.jpg 808w, https:\/\/nsf.pt\/wp-content\/uploads\/2025\/08\/mm3-300x222.jpg 300w, https:\/\/nsf.pt\/wp-content\/uploads\/2025\/08\/mm3-768x569.jpg 768w\" sizes=\"(max-width: 808px) 100vw, 808px\" \/><\/figure>\n\n\n\n<figure class=\"wp-block-image size-large\"><img decoding=\"async\" loading=\"lazy\" width=\"531\" height=\"412\" data-id=\"14661\" src=\"https:\/\/nsf.pt\/wp-content\/uploads\/2025\/08\/mm5.jpg\" alt=\"\" class=\"wp-image-14661\" srcset=\"https:\/\/nsf.pt\/wp-content\/uploads\/2025\/08\/mm5.jpg 531w, https:\/\/nsf.pt\/wp-content\/uploads\/2025\/08\/mm5-300x233.jpg 300w\" sizes=\"(max-width: 531px) 100vw, 531px\" \/><\/figure>\n<\/figure>\n\n\n\n<p class=\"has-text-align-center\">Experi\u00eancias anteriores de disputa eleitoral<\/p>\n\n\n\n<div style=\"height:21px\" aria-hidden=\"true\" class=\"wp-block-spacer\"><\/div>\n\n\n\n<h2 class=\"wp-block-heading\">Sobre a \u201cmagistratura de influ\u00eancia\u201d<\/h2>\n\n\n\n<p><em><strong>NSF \u2013 As fun\u00e7\u00f5es presidenciais est\u00e3o bem delimitadas, mas o chamado campo de atua\u00e7\u00e3o da \u201cmagistratura de influ\u00eancia\u201d permite uma abordagem relativamente ampla dessas fun\u00e7\u00f5es. Qual \u00e9 o estilo previs\u00edvel de Manuela Magno nesse quadro de atua\u00e7\u00e3o institucional? <\/strong>&nbsp;&nbsp;&nbsp;&nbsp;&nbsp;&nbsp;&nbsp;&nbsp;&nbsp;&nbsp;&nbsp;&nbsp;&nbsp;&nbsp;&nbsp;&nbsp;&nbsp;&nbsp;&nbsp;&nbsp;&nbsp;&nbsp;&nbsp;&nbsp;&nbsp;&nbsp;&nbsp;&nbsp;&nbsp;&nbsp;&nbsp;&nbsp;&nbsp;&nbsp;&nbsp;&nbsp;&nbsp;&nbsp;&nbsp;&nbsp;&nbsp;&nbsp;&nbsp;&nbsp;&nbsp;&nbsp;&nbsp;&nbsp;&nbsp;&nbsp;&nbsp;&nbsp;&nbsp;&nbsp;&nbsp;&nbsp;&nbsp;&nbsp;&nbsp;&nbsp;&nbsp;&nbsp;&nbsp;&nbsp;&nbsp;&nbsp;&nbsp;&nbsp;&nbsp;&nbsp;&nbsp;&nbsp;&nbsp;&nbsp;&nbsp;&nbsp;&nbsp;&nbsp;&nbsp;&nbsp;&nbsp;&nbsp;&nbsp;&nbsp;&nbsp;&nbsp;&nbsp;&nbsp;&nbsp;&nbsp;&nbsp;&nbsp;&nbsp;&nbsp;&nbsp;&nbsp;&nbsp;&nbsp;&nbsp;&nbsp;&nbsp;&nbsp;&nbsp;&nbsp;&nbsp;&nbsp;&nbsp;&nbsp;&nbsp;&nbsp;&nbsp;&nbsp;&nbsp;&nbsp;&nbsp;&nbsp;&nbsp;&nbsp;&nbsp;&nbsp;<\/em><\/p>\n\n\n\n<p><em>MM <\/em>&#8211; Vejo a magistratura de influ\u00eancia como a capacidade de inspirar, mediar e aproximar. O meu estilo ser\u00e1 o de ouvir antes de falar, agir com transpar\u00eancia e abrir espa\u00e7o para que mais vozes sejam ouvidas. De acordo com o meu manifesto eleitoral quero usar essa influ\u00eancia para mobilizar o esp\u00edrito c\u00edvico dos portugueses e promover debates s\u00e9rios sobre as prioridades do pa\u00eds, mobilizar a sociedade para causas essenciais e garantir que a pol\u00edtica se reconcilia com os cidad\u00e3os e os cidad\u00e3os com a pol\u00edtica.<\/p>\n\n\n\n<p>N\u00e3o acredito em exercer influ\u00eancia pelo peso da autoridade, mas sim pela for\u00e7a do exemplo e pela coer\u00eancia entre palavras e a\u00e7\u00f5es.<\/p>\n\n\n\n<p>Serei a Presidente da Cidadania Ativa.<\/p>\n\n\n\n<div style=\"height:24px\" aria-hidden=\"true\" class=\"wp-block-spacer\"><\/div>\n\n\n\n<h2 class=\"wp-block-heading\">Sobre extrema-direita, Estado Social e belicismo<\/h2>\n\n\n\n<p><em><strong>NSF \u2013 Existem tr\u00eas temas incontorn\u00e1veis neste processo avalia\u00e7\u00e3o dos eleitores: a barreira \u00e0 extrema-direita, a defesa do Estado Social e a oposi\u00e7\u00e3o \u00e0s pol\u00edticas armamentistas e de belicismo crescente a n\u00edvel internacional. O que se pode esperar de Manuela Magno nestas mat\u00e9rias<\/strong>?<\/em><\/p>\n\n\n\n<p><em>MM<\/em> &#8211; A chamada \u201cbarreira \u00e0 extrema-direita\u201d n\u00e3o se constr\u00f3i apenas com discursos de rejei\u00e7\u00e3o. Faz-se sobretudo com pol\u00edticas e pr\u00e1ticas que previnam o descontentamento que alimenta as solu\u00e7\u00f5es f\u00e1ceis, simplistas e autorit\u00e1rias. \u00c9 preciso ouvir as pessoas, reconhecer os seus problemas reais e agir com medidas concretas que promovam seguran\u00e7a econ\u00f3mica, coes\u00e3o social, justi\u00e7a e igualdade de oportunidades.<\/p>\n\n\n\n<p>Defendo um combate firme a todas as formas de extremismo que atentem contra os direitos humanos, a dignidade da pessoa e o Estado de direito democr\u00e1tico. Isso inclui rejeitar o discurso de \u00f3dio, o revisionismo hist\u00f3rico \u2014 ou seja, a manipula\u00e7\u00e3o deliberada do passado para justificar pol\u00edticas autorit\u00e1rias \u2014 e a explora\u00e7\u00e3o do medo como ferramenta pol\u00edtica.<\/p>\n\n\n\n<p>Considero o Estado Social uma conquista civilizacional que deve ser defendida e modernizada para responder aos desafios atuais. Isso implica garantir acesso universal e de qualidade \u00e0 sa\u00fade, educa\u00e7\u00e3o, prote\u00e7\u00e3o social e servi\u00e7os p\u00fablicos, promovendo a sua sustentabilidade a longo prazo.<\/p>\n\n\n\n<p>O combate ao belicismo exige uma abordagem respons\u00e1vel e estrat\u00e9gica. Reconhe\u00e7o que Portugal, como membro da ONU, da NATO e da Uni\u00e3o Europeia, est\u00e1 vinculado a compromissos internacionais de defesa e seguran\u00e7a. No entanto, preconizo que qualquer decis\u00e3o sobre investimento em armamento ou envolvimento em conflitos deve ser ponderada \u00e0 luz de crit\u00e9rios claros: defesa do territ\u00f3rio e das popula\u00e7\u00f5es, respeito pelo direito internacional e prioridade \u00e0 diplomacia preventiva. A paz constr\u00f3i-se n\u00e3o apenas com meios militares, mas sobretudo com di\u00e1logo, coopera\u00e7\u00e3o e pol\u00edticas que reduzam as causas profundas dos conflitos.<\/p>\n\n\n\n<p>Esta vis\u00e3o exige tamb\u00e9m que todos os cidad\u00e3os assumam plenamente os seus deveres, nomeadamente o dever de participa\u00e7\u00e3o c\u00edvica e pol\u00edtica. Participar n\u00e3o \u00e9 apenas um direito: \u00e9 um pilar da democracia. E essa participa\u00e7\u00e3o deve ser feita com a confian\u00e7a de que a sua interven\u00e7\u00e3o ser\u00e1 ouvida, considerada e ter\u00e1 impacto real.<\/p>\n\n\n\n<p>A verdadeira barreira contra o extremismo, a eros\u00e3o do Estado Social e o avan\u00e7o da guerra \u00e9 a constru\u00e7\u00e3o de uma democracia viva \u2014 capaz de proteger os direitos, responder aos problemas e unir as pessoas em torno de um futuro partilhado.<\/p>\n\n\n\n<div style=\"height:22px\" aria-hidden=\"true\" class=\"wp-block-spacer\"><\/div>\n\n\n\n<figure class=\"wp-block-gallery has-nested-images columns-default is-cropped wp-block-gallery-3 is-layout-flex wp-block-gallery-is-layout-flex\">\n<figure class=\"wp-block-image size-large\"><img decoding=\"async\" loading=\"lazy\" width=\"836\" height=\"629\" data-id=\"14662\" src=\"https:\/\/nsf.pt\/wp-content\/uploads\/2025\/08\/mm2.jpg\" alt=\"\" class=\"wp-image-14662\" srcset=\"https:\/\/nsf.pt\/wp-content\/uploads\/2025\/08\/mm2.jpg 836w, https:\/\/nsf.pt\/wp-content\/uploads\/2025\/08\/mm2-300x226.jpg 300w, https:\/\/nsf.pt\/wp-content\/uploads\/2025\/08\/mm2-768x578.jpg 768w\" sizes=\"(max-width: 836px) 100vw, 836px\" \/><\/figure>\n<\/figure>\n\n\n\n<p class=\"has-text-align-center\">Manuela Magno, um percurso pelo sindicalismo, o humanismo, a ecologia e o centro pol\u00edtico pragm\u00e1tico.<\/p>\n\n\n\n<div style=\"height:22px\" aria-hidden=\"true\" class=\"wp-block-spacer\"><\/div>\n\n\n\n<h2 class=\"wp-block-heading\">Apoios e iniciativas<\/h2>\n\n\n\n<p><em><strong>NSF \u2013 Quem s\u00e3o as pessoas e organiza\u00e7\u00f5es que rodeiam a Manuela Magno, qual \u00e9 o ponto de situa\u00e7\u00e3o da pr\u00e9-candidatura e que iniciativas est\u00e3o previstas para os pr\u00f3ximos tempos relacionadas com o esfor\u00e7o de concluir com sucesso a apresenta\u00e7\u00e3o formal da candidatura?<\/strong><\/em><\/p>\n\n\n\n<p><em>MM<\/em> &#8211; Depois da apresenta\u00e7\u00e3o p\u00fablica da inten\u00e7\u00e3o de me candidatar \u00e0s Elei\u00e7\u00f5es Presidenciais de 2026 \u2014 feita simbolicamente no Porto, no dia 31 de janeiro deste ano \u2014 a minha pr\u00e9-candidatura, que n\u00e3o depende de grupos econ\u00f3micos, pol\u00edticos ou de outros grupos de press\u00e3o, conta com uma rede crescente de volunt\u00e1rios vindos de diferentes \u00e1reas e experi\u00eancias, unidos pelo compromisso de construir uma Presid\u00eancia livre e isenta.<\/p>\n\n\n\n<p>Em julho, realiz\u00e1mos tr\u00eas tert\u00falias do ciclo P\u00f4r a Pensar<em>: <\/em>Cidadania e Participa\u00e7\u00e3o Pol\u00edtica, onde apresentei o meu manifesto pol\u00edtico; Cidadania e Deveres C\u00edvicos, pelo jurista Jo\u00e3o Pedro Castro Mendes; e Cidadania e Sa\u00fade, pelo presidente da Associa\u00e7\u00e3o Portuguesa de Contribuintes, Filipe Charters de Azevedo. Estas tert\u00falias s\u00e3o espa\u00e7os de reflex\u00e3o e debate que continuar\u00e3o a partir de setembro, com outros convidados e sempre com a participa\u00e7\u00e3o livre de quem estiver interessado.<\/p>\n\n\n\n<p>Temos uma sede no centro de Lisboa (Pra\u00e7a Francisco S\u00e1 Carneiro, 12), inaugurada no dia 7 de maio, o site manuelamagno.pt, onde \u00e9 poss\u00edvel encontrar informa\u00e7\u00e3o sobre o meu projeto de cidadania ativa, subscrever a newsletter, tornar-se volunt\u00e1rio e saber como obter a Chave M\u00f3vel Digital \u2013 fundamental para se poder apoiar as candidaturas presidenciais atrav\u00e9s do Portal da Candidatura, disponibilizado pelo Minist\u00e9rio da Administra\u00e7\u00e3o Interna.<\/p>\n\n\n\n<p>Cri\u00e1mos a Associa\u00e7\u00e3o Movimento Magno \u00e0 Presid\u00eancia 2026, que \u00e9 o instrumento para dinamizar a angaria\u00e7\u00e3o de fundos e organizar a\u00e7\u00f5es de rua \u2014 parte central desta caminhada.<\/p>\n\n\n\n<p>Pe\u00e7o o apoio de, pelo menos, 7 500 cidad\u00e3os eleitores, certa de que <em>&#8216;apoiar n\u00e3o \u00e9 votar&#8217;<\/em>, mas sim dar for\u00e7a a ideias que unem e motivam. \u01eaueremos construir, juntos, uma candidatura independente, inclusiva e inovadora.<\/p>\n\n\n\n<p><\/p>\n\n\n\n<figure class=\"wp-block-gallery has-nested-images columns-default is-cropped wp-block-gallery-5 is-layout-flex wp-block-gallery-is-layout-flex\">\n<figure class=\"wp-block-image size-large\"><img decoding=\"async\" loading=\"lazy\" width=\"1024\" height=\"93\" data-id=\"14663\" src=\"https:\/\/nsf.pt\/wp-content\/uploads\/2025\/08\/NSF-PRESIDENCIAIS-1024x93.jpg\" alt=\"\" class=\"wp-image-14663\" srcset=\"https:\/\/nsf.pt\/wp-content\/uploads\/2025\/08\/NSF-PRESIDENCIAIS-1024x93.jpg 1024w, https:\/\/nsf.pt\/wp-content\/uploads\/2025\/08\/NSF-PRESIDENCIAIS-300x27.jpg 300w, https:\/\/nsf.pt\/wp-content\/uploads\/2025\/08\/NSF-PRESIDENCIAIS-768x69.jpg 768w, https:\/\/nsf.pt\/wp-content\/uploads\/2025\/08\/NSF-PRESIDENCIAIS.jpg 1217w\" sizes=\"(max-width: 1024px) 100vw, 1024px\" \/><\/figure>\n<\/figure>\n\n\n\n<p><\/p>\n","protected":false},"excerpt":{"rendered":"<p>Pr\u00e9-candidata apresenta-se para servir o bem comum de forma independente Com a desist\u00eancia de Ant\u00f3nio&#8230;<\/p>\n","protected":false},"author":2,"featured_media":14662,"comment_status":"open","ping_status":"open","sticky":true,"template":"","format":"standard","meta":{"sfsi_plus_gutenberg_text_before_share":"","sfsi_plus_gutenberg_show_text_before_share":"","sfsi_plus_gutenberg_icon_type":"","sfsi_plus_gutenberg_icon_alignemt":"","sfsi_plus_gutenburg_max_per_row":"","ngg_post_thumbnail":0,"footnotes":""},"categories":[238,464,528],"tags":[677],"featured_image_urls":{"full":["https:\/\/nsf.pt\/wp-content\/uploads\/2025\/08\/mm2.jpg",836,629,false],"thumbnail":["https:\/\/nsf.pt\/wp-content\/uploads\/2025\/08\/mm2-150x150.jpg",150,150,true],"medium":["https:\/\/nsf.pt\/wp-content\/uploads\/2025\/08\/mm2-300x226.jpg",300,226,true],"medium_large":["https:\/\/nsf.pt\/wp-content\/uploads\/2025\/08\/mm2-768x578.jpg",640,482,true],"large":["https:\/\/nsf.pt\/wp-content\/uploads\/2025\/08\/mm2.jpg",640,482,false],"1536x1536":["https:\/\/nsf.pt\/wp-content\/uploads\/2025\/08\/mm2.jpg",836,629,false],"2048x2048":["https:\/\/nsf.pt\/wp-content\/uploads\/2025\/08\/mm2.jpg",836,629,false],"covernews-slider-full":["https:\/\/nsf.pt\/wp-content\/uploads\/2025\/08\/mm2.jpg",836,629,false],"covernews-slider-center":["https:\/\/nsf.pt\/wp-content\/uploads\/2025\/08\/mm2-800x500.jpg",800,500,true],"covernews-featured":["https:\/\/nsf.pt\/wp-content\/uploads\/2025\/08\/mm2.jpg",836,629,false],"covernews-medium":["https:\/\/nsf.pt\/wp-content\/uploads\/2025\/08\/mm2-540x340.jpg",540,340,true],"covernews-medium-square":["https:\/\/nsf.pt\/wp-content\/uploads\/2025\/08\/mm2-400x250.jpg",400,250,true]},"author_info":{"info":["Carlos Ribeiro"]},"category_info":"<a href=\"https:\/\/nsf.pt\/index.php\/category\/destaque\/\" rel=\"category tag\">DESTAQUE<\/a> <a href=\"https:\/\/nsf.pt\/index.php\/category\/entrevista\/\" rel=\"category tag\">ENTREVISTA<\/a> <a href=\"https:\/\/nsf.pt\/index.php\/category\/o-debate-na-esquerda\/\" rel=\"category tag\">O DEBATE NA ESQUERDA<\/a>","tag_info":"O DEBATE NA ESQUERDA","comment_count":"0","_links":{"self":[{"href":"https:\/\/nsf.pt\/index.php\/wp-json\/wp\/v2\/posts\/14659"}],"collection":[{"href":"https:\/\/nsf.pt\/index.php\/wp-json\/wp\/v2\/posts"}],"about":[{"href":"https:\/\/nsf.pt\/index.php\/wp-json\/wp\/v2\/types\/post"}],"author":[{"embeddable":true,"href":"https:\/\/nsf.pt\/index.php\/wp-json\/wp\/v2\/users\/2"}],"replies":[{"embeddable":true,"href":"https:\/\/nsf.pt\/index.php\/wp-json\/wp\/v2\/comments?post=14659"}],"version-history":[{"count":2,"href":"https:\/\/nsf.pt\/index.php\/wp-json\/wp\/v2\/posts\/14659\/revisions"}],"predecessor-version":[{"id":14666,"href":"https:\/\/nsf.pt\/index.php\/wp-json\/wp\/v2\/posts\/14659\/revisions\/14666"}],"wp:featuredmedia":[{"embeddable":true,"href":"https:\/\/nsf.pt\/index.php\/wp-json\/wp\/v2\/media\/14662"}],"wp:attachment":[{"href":"https:\/\/nsf.pt\/index.php\/wp-json\/wp\/v2\/media?parent=14659"}],"wp:term":[{"taxonomy":"category","embeddable":true,"href":"https:\/\/nsf.pt\/index.php\/wp-json\/wp\/v2\/categories?post=14659"},{"taxonomy":"post_tag","embeddable":true,"href":"https:\/\/nsf.pt\/index.php\/wp-json\/wp\/v2\/tags?post=14659"}],"curies":[{"name":"wp","href":"https:\/\/api.w.org\/{rel}","templated":true}]}}