{"id":14698,"date":"2025-08-17T20:12:06","date_gmt":"2025-08-17T20:12:06","guid":{"rendered":"https:\/\/nsf.pt\/?p=14698"},"modified":"2025-08-17T20:12:13","modified_gmt":"2025-08-17T20:12:13","slug":"moedas-prende-memorial-na-gaveta","status":"publish","type":"post","link":"https:\/\/nsf.pt\/index.php\/2025\/08\/17\/moedas-prende-memorial-na-gaveta\/","title":{"rendered":"Moedas prende memorial na gaveta"},"content":{"rendered":"\n<h2 class=\"wp-block-heading\"><strong>Memorial aos Presos e Perseguidos Pol\u00edticos (1926-1974)<\/strong> n\u00e3o ata nem desata <\/h2>\n\n\n<div class=\"wp-block-post-date\"><time datetime=\"2025-08-17T20:12:06+00:00\">17 de Agosto, 2025<\/time><\/div>\n\n\n<p>Apesar de cartas e peti\u00e7\u00f5es subscritas por cidad\u00e3os e historiadores a C\u00e2mara Municipal de Lisboa n\u00e3o d\u00e1 seguimento \u00e0 iniciativa da constru\u00e7\u00e3o do memorial cuja finalidade consiste em homenagear todos aqueles que foram v\u00edtimas de persegui\u00e7\u00e3o pol\u00edtica e de pris\u00e3o durante o Estado Novo e no quadro do regime salazarista que deteve e aprisionou mais de 30.000 cidad\u00e3os portugueses.<\/p>\n\n\n\n<p>O hist\u00f3rico deste processo \u00e9 relatado com o habitual rigor no Espa\u00e7o Fascismo Nunca Mais.<\/p>\n\n\n\n<p><\/p>\n\n\n\n<h2 class=\"wp-block-heading\">Proposta apresentada e aprovada em 2021<\/h2>\n\n\n\n<p><strong>Em 19 de maio de 2021, na sequ\u00eancia das propostas apresentadas por um grupo de cidad\u00e3os, a C\u00e2mara Municipal de Lisboa aprovou, por unanimidade, a constru\u00e7\u00e3o do Memorial aos Presos e Perseguidos Pol\u00edticos (1926-1974), a instalar no Largo da Boa-Hora.<\/strong><\/p>\n\n\n\n<p>1. Fernando Medina aprovou no executivo e deixou em acta. Sisa Vieira foi o arquitecto que aceitou levar a cabo o projecto e iniciou o trabalho, mas Carlos Moedas ainda tem tudo na gaveta.<\/p>\n\n\n\n<p><\/p>\n\n\n\n<h2 class=\"wp-block-heading\">Carta ao PR em 2023<\/h2>\n\n\n\n<p>Em Outubro de 2023, os signat\u00e1rios da proposta \u00e0 CML enviaram uma carta ao PR.<\/p>\n\n\n\n<p><strong>Carta ao Presidente da Rep\u00fablica 04-10-2023<\/strong><\/p>\n\n\n\n<p>Excelent\u00edssimo Senhor<br>Presidente da Rep\u00fablica<br>Presidente da Comiss\u00e3o Nacional das Comemora\u00e7\u00f5es dos 50 anos do 25 de Abril<\/p>\n\n\n\n<p>Lisboa, 4 de outubro de 2023<\/p>\n\n\n\n<p>Excel\u00eancia,<br>Em 25 de abril de 2019, foi inaugurada na Esta\u00e7\u00e3o Baixa-Chiado do Metropolitano de Lisboa, na sequ\u00eancia de uma iniciativa cidad\u00e3 dos signat\u00e1rios, a vers\u00e3o digital do Memorial aos Presos e Perseguidos Pol\u00edticos (1926-1974) \u2013 que ali permaneceu um ano.<br>Em 19 de maio de 2021, na sequ\u00eancia das propostas apresentadas, a&nbsp;<strong>C\u00e2mara Municipal de Lisboa aprovou, por unanimidade, a constru\u00e7\u00e3o do Memorial aos Presos e Perseguidos Pol\u00edticos (1926-1974), a instalar no Largo da Boa-Hora.<\/strong><br>Em 21 de julho de 2022, elementos da comiss\u00e3o organizadora da iniciativa cidad\u00e3 para a constru\u00e7\u00e3o do Memorial aos Presos e Perseguidos Pol\u00edticos (1926-1974) reuniram com o Presidente da C\u00e2mara Municipal de Lisboa, eng. Carlos Moedas. A\u00ed foi reafirmado que a concretiza\u00e7\u00e3o do Memorial deveria estar inclu\u00edda no cinquenten\u00e1rio do 25 de abril de 1974, manifestando o Presidente da CML o seu interesse em que o processo avan\u00e7asse rapidamente, prevendo-se a designa\u00e7\u00e3o a curto prazo da comiss\u00e3o de acompanhamento programada, que incluiria representantes dos proponentes.<br>Infelizmente, at\u00e9 \u00e0 presente data, n\u00e3o se verificou qualquer a\u00e7\u00e3o daquela C\u00e2mara Municipal, apesar de alguns contactos verificados, a que, no entanto, n\u00e3o foi dada continuidade.<br>De igual modo, na reuni\u00e3o p\u00fablica da C\u00e2mara Municipal de Lisboa de 27 de setembro de 2023, onde a quest\u00e3o foi suscitada, n\u00e3o se verificou nenhum esclarecimento sobre a situa\u00e7\u00e3o, mas t\u00e3o-s\u00f3 uma formula\u00e7\u00e3o gen\u00e9rica: \u201cestamos a prever que nas Comemora\u00e7\u00f5es do 25 de Abril vamos ter este monumento aos presos pol\u00edticos\u201d.<br>Considerada a cria\u00e7\u00e3o e os objetivos da Comiss\u00e3o Nacional das Comemora\u00e7\u00f5es dos 50 anos do 25 de Abril, afigura-se aos signat\u00e1rios que a edifica\u00e7\u00e3o do Memorial aos Presos e Perseguidos Pol\u00edticos (1926-1974) se integra plenamente nos eixos estruturantes das comemora\u00e7\u00f5es, assegurando a justa homenagem devida aos muitos milhares de cidad\u00e3os que sofreram as persegui\u00e7\u00f5es do regime ditatorial, pagando muitas vezes com a morte o seu empenho na luta pela liberdade, sem esquecer o sofrimento das suas fam\u00edlias e companheiros.<br>\u00c9 assim que vimos propor a Vossa Excel\u00eancia a inclus\u00e3o da edifica\u00e7\u00e3o do Memorial aos Presos e Perseguidos Pol\u00edticos (1926-1974) no Programa das Comemora\u00e7\u00f5es, assegurando a necess\u00e1ria articula\u00e7\u00e3o com a C\u00e2mara Municipal de Lisboa, que assumiu a sua constru\u00e7\u00e3o.<\/p>\n\n\n\n<p>C\/C<br>Primeiro-Ministro<br>Ministro da Cultura<br>Presidente da Comiss\u00e3o Executiva das Comemora\u00e7\u00f5es dos 50 anos do 25 de Abril<\/p>\n\n\n\n<p>Antecipadamente gratos pela aten\u00e7\u00e3o dispensada, com os melhores cumprimentos<\/p>\n\n\n\n<p>Alfredo Caldeira<br>Artur Pinto<br>Diana Andringa<br>Helena Pato<br>Joana Lopes<br>Jo\u00e3o Esteves<br>Lu\u00eds Farinha<br>Margarida Tengarrinha<br>Sara Am\u00e2ncio<br>Rita Veloso<\/p>\n\n\n\n<h2 class=\"wp-block-heading\"><strong>Assembleia Municipal 2023<\/strong><\/h2>\n\n\n\n<p><strong>Reuni\u00e3o da Assembleia Municipal de 27-09-2023<\/strong><\/p>\n\n\n\n<p>Na 109.\u00aa reuni\u00e3o p\u00fablica da CML, realizada a 27-09-2023, a quest\u00e3o do\u00a0<strong><em>Memorial aos Presos e Perseguidos Pol\u00edticos (1926-1974)<\/em><\/strong>\u00a0foi suscitada pela Vereadora do Bloco de Esquerda, Beatriz Gomes Dias, na sequ\u00eancia do memorando enviado ao Presidente e Vice-Presidente da C\u00e2mara e a todos os restantes Vereadores.<br>O Vereador Diogo Moura interveio seguidamente, nos seguintes termos:<br>&#8220;<strong>Relativamente ao Memorial dos Presos Pol\u00edticos, quero dizer \u00e0 senhora Vereadora que ser\u00e1 agora emitido um novo despacho para a constitui\u00e7\u00e3o de um novo grupo porque foram alterados os membros do mesmo e, portanto, estamos a prever que nas Comemora\u00e7\u00f5es do 25 de Abril vamos ter este monumento aos presos pol\u00edticos e, portanto, j\u00e1 estamos em contacto com a entidade e logo que esteja formalizado os elementos do novo grupo de trabalho, voltamos ao trabalho sobre esta mat\u00e9ria<\/strong>.&#8221;<br>Nenhum outro Vereador se pronunciou sobre a mat\u00e9ria e, muito menos, o Presidente da C\u00e2mara.<\/p>\n\n\n\n<h2 class=\"wp-block-heading\">Grupo de trabalho<\/h2>\n\n\n\n<p>Implanta\u00e7\u00e3o do projeto de \u00c1lvaro Siza Vieira para o Memorial<\/p>\n\n\n\n<p>O Presidente da C\u00e2mara Municipal de Lisboa criou um &#8220;Grupo de Trabalho&#8221; (GT) para apresentar um relat\u00f3rio sobre a conce\u00e7\u00e3o e instala\u00e7\u00e3o do Memorial, em cujas reuni\u00f5es os proponentes da iniciativa estiveram representados por Lu\u00eds Farinha e Alfredo Caldeira.<br>Face \u00e0 urg\u00eancia sublinhada pela coordenadora desse GT no que resitava \u00e0 elabora\u00e7\u00e3o desse relat\u00f3rio, os proponentes apresentaram de imediato, no dia 12 de mar\u00e7o de 2024, a proposta seguinte:<\/p>\n\n\n\n<p>Os proponentes do Memorial aos Presos e Perseguidos Pol\u00edticos (1926-1974) apresentam as seguintes propostas, com vista \u00e0 elabora\u00e7\u00e3o do relat\u00f3rio do Grupo de Trabalho designado pelo despacho n.\u00ba 170\/P\/2023 do Senhor Presidente da C\u00e2mara<br>Municipal de Lisboa:<br>1. Que o projeto de Memorial apresentado pelo Arquiteto \u00c1lvaro Siza Vieira corresponde ao entendimento dos proponentes;<br>2. Que esse projeto deve ser implantado no Largo da Boa-Hora, em Lisboa, nos termos definidos pelo seu autor;<br>3. Que a C\u00e2mara Municipal de Lisboa dever\u00e1, na sequ\u00eancia da delibera\u00e7\u00e3o tomada, por unanimidade, na sua reuni\u00e3o extraordin\u00e1ria de 19-05-2021, aprovar com urg\u00eancia o referido projeto e os termos da sua execu\u00e7\u00e3o;<br>4. Que a concretiza\u00e7\u00e3o e inaugura\u00e7\u00e3o desse projeto deve realizar-se no decurso do corrente ano de 2024, em que se assinala o cinquenten\u00e1rio do 25 de Abril de 1974 \u2013 conforme manifesta\u00e7\u00e3o dos proponentes e declara\u00e7\u00f5es p\u00fablicas do Presidente da C\u00e2mara Municipal de Lisboa;<br>5. Que devem ser estudadas as condi\u00e7\u00f5es de ilumina\u00e7\u00e3o e seguran\u00e7a do Memorial;<br>6. Que o referido Memorial deve incluir o direcionamento (atrav\u00e9s de QRCode) para o endere\u00e7o eletr\u00f3nico https:\/\/www.museudoaljube.pt\/ (Museu do Aljube \u2013 Resist\u00eancia e Liberdade) em articula\u00e7\u00e3o com https:\/\/memoriacomum.org\/, iniciado em 2019 com a instala\u00e7\u00e3o provis\u00f3ria do Memorial no Metropolitano de Lisboa;<br>7. Que, ap\u00f3s a referida aprova\u00e7\u00e3o, sejam desenvolvidas entre os servi\u00e7os competentes da CML e o atelier do Autor do referido projeto os contactos necess\u00e1rios e urgentes para a sua r\u00e1pida constru\u00e7\u00e3o e instala\u00e7\u00e3o no Largo da Boa-Hora.<br>8. Finalmente, sugerem os proponentes \u00e0 CML a apresenta\u00e7\u00e3o p\u00fablica do projeto e do respetivo calend\u00e1rio de execu\u00e7\u00e3o, no \u00e2mbito das comemora\u00e7\u00f5es do cinquenten\u00e1rio do 25 de abril de 1974.<br>Lisboa, 12 de mar\u00e7o de 2024.<\/p>\n\n\n\n<ul>\n<li>Em 21 de mar\u00e7o, face \u00e0 aus\u00eancia de resposta e em complemento do memorando enviado a 12 de mar\u00e7o, insistimos que o an\u00fancio da constru\u00e7\u00e3o\/instala\u00e7\u00e3o do Memorial fosse partilhado com a Comiss\u00e3o Comemorativa 50 anos 25 de Abril, sendo conveniente que esta pudesse ser informada quanto antes.<\/li>\n\n\n\n<li>Em 2 de abril, volt\u00e1mos a assinalar junto da CML que n\u00e3o nos chegara o relat\u00f3rio do referido Grupo de Trabalho, para que envi\u00e1ramos sugest\u00f5es e nada sab\u00edamos do an\u00fancio p\u00fablico da futura implanta\u00e7\u00e3o do Memorial.<\/li>\n\n\n\n<li>Em 6 de abril, n\u00e3o tendo recebido resposta \u00e0s mensagens enviadas, solicit\u00e1mos mais uma vez informa\u00e7\u00e3o urgente sobre o estado atual do assunto em ep\u00edgrafe.<\/li>\n<\/ul>\n\n\n\n<p>Esta situa\u00e7\u00e3o \u00e9 tanto mais estranha quanto o Arquiteto \u00c1lvaro Siza Vieira j\u00e1 entregou \u00e0 CML a proposta solicitada e, por outro lado, sempre nos foi manifestada, no \u00e2mbito do referido GT, uma enorme urg\u00eancia na resolu\u00e7\u00e3o do assunto.<\/p>\n\n\n\n<h2 class=\"wp-block-heading\">Nota sobre um acontecimento relacionado<\/h2>\n\n\n\n<h4 class=\"wp-block-heading\"><strong>Marcelo Rebelo de Sousa evoca \u00c1lvaro Siza Vieira enquanto autor do projeto do Memorial aos Presos e Perseguidos Pol\u00edticos (1926-1974)<\/strong><\/h4>\n\n\n\n<p>Hoje, 19 de dezembro de 2023, a carreira do arquiteto \u00c1lvaro Siza Vieira foi homenageada com a entrega do Pr\u00e9mio da Funda\u00e7\u00e3o Il\u00eddio Pinho no Sal\u00e3o Nobre da C\u00e2mara Municipal de Lisboa.<br>Nessa circunst\u00e2ncia, o Presidente da Rep\u00fablica referiu o seu envolvimento na conce\u00e7\u00e3o do Memorial aos Presos e Perseguidos Pol\u00edticos,<\/p>\n\n\n\n<h4 class=\"wp-block-heading\">Original no Espa\u00e7o Fascismo Nunca Mais, transcri\u00e7\u00e3o autorizada | Imagem de destaque &#8211; Ant\u00f3nio Pedro Ferreira<\/h4>\n","protected":false},"excerpt":{"rendered":"<p>Memorial aos Presos e Perseguidos Pol\u00edticos (1926-1974) n\u00e3o ata nem desata Apesar de cartas e&#8230;<\/p>\n","protected":false},"author":2,"featured_media":14699,"comment_status":"open","ping_status":"open","sticky":true,"template":"","format":"standard","meta":{"sfsi_plus_gutenberg_text_before_share":"","sfsi_plus_gutenberg_show_text_before_share":"","sfsi_plus_gutenberg_icon_type":"","sfsi_plus_gutenberg_icon_alignemt":"","sfsi_plus_gutenburg_max_per_row":"","ngg_post_thumbnail":0,"footnotes":""},"categories":[421,238,240],"tags":[613],"featured_image_urls":{"full":["https:\/\/nsf.pt\/wp-content\/uploads\/2025\/08\/antonio-pedro-ferreira.jpg",742,497,false],"thumbnail":["https:\/\/nsf.pt\/wp-content\/uploads\/2025\/08\/antonio-pedro-ferreira-150x150.jpg",150,150,true],"medium":["https:\/\/nsf.pt\/wp-content\/uploads\/2025\/08\/antonio-pedro-ferreira-300x201.jpg",300,201,true],"medium_large":["https:\/\/nsf.pt\/wp-content\/uploads\/2025\/08\/antonio-pedro-ferreira.jpg",640,429,false],"large":["https:\/\/nsf.pt\/wp-content\/uploads\/2025\/08\/antonio-pedro-ferreira.jpg",640,429,false],"1536x1536":["https:\/\/nsf.pt\/wp-content\/uploads\/2025\/08\/antonio-pedro-ferreira.jpg",742,497,false],"2048x2048":["https:\/\/nsf.pt\/wp-content\/uploads\/2025\/08\/antonio-pedro-ferreira.jpg",742,497,false],"covernews-slider-full":["https:\/\/nsf.pt\/wp-content\/uploads\/2025\/08\/antonio-pedro-ferreira.jpg",742,497,false],"covernews-slider-center":["https:\/\/nsf.pt\/wp-content\/uploads\/2025\/08\/antonio-pedro-ferreira.jpg",742,497,false],"covernews-featured":["https:\/\/nsf.pt\/wp-content\/uploads\/2025\/08\/antonio-pedro-ferreira.jpg",742,497,false],"covernews-medium":["https:\/\/nsf.pt\/wp-content\/uploads\/2025\/08\/antonio-pedro-ferreira-540x340.jpg",540,340,true],"covernews-medium-square":["https:\/\/nsf.pt\/wp-content\/uploads\/2025\/08\/antonio-pedro-ferreira-400x250.jpg",400,250,true]},"author_info":{"info":["Carlos Ribeiro"]},"category_info":"<a href=\"https:\/\/nsf.pt\/index.php\/category\/50anos25abril\/\" rel=\"category tag\">50ANOS25abril<\/a> <a href=\"https:\/\/nsf.pt\/index.php\/category\/destaque\/\" rel=\"category tag\">DESTAQUE<\/a> <a href=\"https:\/\/nsf.pt\/index.php\/category\/memorias-vivas\/\" rel=\"category tag\">MEM\u00d3RIAS VIVAS<\/a>","tag_info":"MEM\u00d3RIAS VIVAS","comment_count":"0","_links":{"self":[{"href":"https:\/\/nsf.pt\/index.php\/wp-json\/wp\/v2\/posts\/14698"}],"collection":[{"href":"https:\/\/nsf.pt\/index.php\/wp-json\/wp\/v2\/posts"}],"about":[{"href":"https:\/\/nsf.pt\/index.php\/wp-json\/wp\/v2\/types\/post"}],"author":[{"embeddable":true,"href":"https:\/\/nsf.pt\/index.php\/wp-json\/wp\/v2\/users\/2"}],"replies":[{"embeddable":true,"href":"https:\/\/nsf.pt\/index.php\/wp-json\/wp\/v2\/comments?post=14698"}],"version-history":[{"count":1,"href":"https:\/\/nsf.pt\/index.php\/wp-json\/wp\/v2\/posts\/14698\/revisions"}],"predecessor-version":[{"id":14700,"href":"https:\/\/nsf.pt\/index.php\/wp-json\/wp\/v2\/posts\/14698\/revisions\/14700"}],"wp:featuredmedia":[{"embeddable":true,"href":"https:\/\/nsf.pt\/index.php\/wp-json\/wp\/v2\/media\/14699"}],"wp:attachment":[{"href":"https:\/\/nsf.pt\/index.php\/wp-json\/wp\/v2\/media?parent=14698"}],"wp:term":[{"taxonomy":"category","embeddable":true,"href":"https:\/\/nsf.pt\/index.php\/wp-json\/wp\/v2\/categories?post=14698"},{"taxonomy":"post_tag","embeddable":true,"href":"https:\/\/nsf.pt\/index.php\/wp-json\/wp\/v2\/tags?post=14698"}],"curies":[{"name":"wp","href":"https:\/\/api.w.org\/{rel}","templated":true}]}}