{"id":14935,"date":"2025-09-15T20:39:18","date_gmt":"2025-09-15T20:39:18","guid":{"rendered":"https:\/\/nsf.pt\/?p=14935"},"modified":"2025-09-15T20:39:25","modified_gmt":"2025-09-15T20:39:25","slug":"paris-150-jardins-partilhados","status":"publish","type":"post","link":"https:\/\/nsf.pt\/index.php\/2025\/09\/15\/paris-150-jardins-partilhados\/","title":{"rendered":"Paris, 150 jardins partilhados"},"content":{"rendered":"\n<h2 class=\"wp-block-heading\">Os jardins n\u00e3o s\u00e3o apenas locais de cultivo; s\u00e3o tamb\u00e9m lugares de conviv\u00eancia, biodiversidade e cidadania ativa<\/h2>\n\n\n<div class=\"wp-block-post-date\"><time datetime=\"2025-09-15T20:39:18+00:00\">15 de Setembro, 2025<\/time><\/div>\n\n\n<h3 class=\"wp-block-heading\">por Nelson Dias<\/h3>\n\n\n\n<p>Em Paris, a participa\u00e7\u00e3o cidad\u00e3 transformou o bet\u00e3o em verde. Gra\u00e7as a uma pol\u00edtica municipal, nasceram mais de 150 jardins partilhados (<em>Les jardins partag\u00e9s)<\/em>, espalhados por diferentes bairros. S\u00e3o hortas, canteiros e pequenos o\u00e1sis de encontro, criados e cuidados diretamente pelos moradores.<\/p>\n\n\n\n<p>Nestes espa\u00e7os, vizinhos que antes mal se cumprimentavam trabalham lado a lado, partilham colheitas, organizam festas, fortalecem la\u00e7os de solidariedade e cuidam do espa\u00e7o p\u00fablico.<\/p>\n\n\n\n<p>Os jardins n\u00e3o s\u00e3o apenas locais de cultivo; s\u00e3o tamb\u00e9m lugares de conviv\u00eancia, biodiversidade e cidadania ativa.<\/p>\n\n\n\n<p>E se, nas nossas cidades, tamb\u00e9m abr\u00edssemos espa\u00e7o para que os cidad\u00e3os semeassem comunidade?<\/p>\n\n\n\n<div style=\"height:25px\" aria-hidden=\"true\" class=\"wp-block-spacer\"><\/div>\n\n\n\n<figure class=\"wp-block-gallery has-nested-images columns-default is-cropped wp-block-gallery-1 is-layout-flex wp-block-gallery-is-layout-flex\">\n<figure class=\"wp-block-image size-large\"><img decoding=\"async\" loading=\"lazy\" width=\"1024\" height=\"858\" data-id=\"14937\" src=\"https:\/\/nsf.pt\/wp-content\/uploads\/2025\/09\/p1.jpeg\" alt=\"\" class=\"wp-image-14937\" srcset=\"https:\/\/nsf.pt\/wp-content\/uploads\/2025\/09\/p1.jpeg 1024w, https:\/\/nsf.pt\/wp-content\/uploads\/2025\/09\/p1-300x251.jpeg 300w, https:\/\/nsf.pt\/wp-content\/uploads\/2025\/09\/p1-768x644.jpeg 768w\" sizes=\"(max-width: 1024px) 100vw, 1024px\" \/><\/figure>\n\n\n\n<figure class=\"wp-block-image size-large\"><img decoding=\"async\" loading=\"lazy\" width=\"1024\" height=\"858\" data-id=\"14940\" src=\"https:\/\/nsf.pt\/wp-content\/uploads\/2025\/09\/p2.jpeg\" alt=\"\" class=\"wp-image-14940\" srcset=\"https:\/\/nsf.pt\/wp-content\/uploads\/2025\/09\/p2.jpeg 1024w, https:\/\/nsf.pt\/wp-content\/uploads\/2025\/09\/p2-300x251.jpeg 300w, https:\/\/nsf.pt\/wp-content\/uploads\/2025\/09\/p2-768x644.jpeg 768w\" sizes=\"(max-width: 1024px) 100vw, 1024px\" \/><\/figure>\n\n\n\n<figure class=\"wp-block-image size-large\"><img decoding=\"async\" loading=\"lazy\" width=\"1024\" height=\"858\" data-id=\"14939\" src=\"https:\/\/nsf.pt\/wp-content\/uploads\/2025\/09\/p3.jpeg\" alt=\"\" class=\"wp-image-14939\" srcset=\"https:\/\/nsf.pt\/wp-content\/uploads\/2025\/09\/p3.jpeg 1024w, https:\/\/nsf.pt\/wp-content\/uploads\/2025\/09\/p3-300x251.jpeg 300w, https:\/\/nsf.pt\/wp-content\/uploads\/2025\/09\/p3-768x644.jpeg 768w\" sizes=\"(max-width: 1024px) 100vw, 1024px\" \/><\/figure>\n\n\n\n<figure class=\"wp-block-image size-large\"><img decoding=\"async\" loading=\"lazy\" width=\"1024\" height=\"858\" data-id=\"14938\" src=\"https:\/\/nsf.pt\/wp-content\/uploads\/2025\/09\/p4.jpeg\" alt=\"\" class=\"wp-image-14938\" srcset=\"https:\/\/nsf.pt\/wp-content\/uploads\/2025\/09\/p4.jpeg 1024w, https:\/\/nsf.pt\/wp-content\/uploads\/2025\/09\/p4-300x251.jpeg 300w, https:\/\/nsf.pt\/wp-content\/uploads\/2025\/09\/p4-768x644.jpeg 768w\" sizes=\"(max-width: 1024px) 100vw, 1024px\" \/><\/figure>\n\n\n\n<figure class=\"wp-block-image size-large\"><img decoding=\"async\" loading=\"lazy\" width=\"800\" height=\"670\" data-id=\"14936\" src=\"https:\/\/nsf.pt\/wp-content\/uploads\/2025\/09\/p5.jpeg\" alt=\"\" class=\"wp-image-14936\" srcset=\"https:\/\/nsf.pt\/wp-content\/uploads\/2025\/09\/p5.jpeg 800w, https:\/\/nsf.pt\/wp-content\/uploads\/2025\/09\/p5-300x251.jpeg 300w, https:\/\/nsf.pt\/wp-content\/uploads\/2025\/09\/p5-768x643.jpeg 768w\" sizes=\"(max-width: 800px) 100vw, 800px\" \/><\/figure>\n<\/figure>\n\n\n\n<figure class=\"wp-block-image size-full is-resized\"><img decoding=\"async\" loading=\"lazy\" width=\"610\" height=\"642\" src=\"https:\/\/nsf.pt\/wp-content\/uploads\/2025\/08\/nd_colaboradores.jpg\" alt=\"\" class=\"wp-image-14581\" style=\"aspect-ratio:0.9501557632398754;width:198px;height:auto\" srcset=\"https:\/\/nsf.pt\/wp-content\/uploads\/2025\/08\/nd_colaboradores.jpg 610w, https:\/\/nsf.pt\/wp-content\/uploads\/2025\/08\/nd_colaboradores-285x300.jpg 285w\" sizes=\"(max-width: 610px) 100vw, 610px\" \/><\/figure>\n\n\n\n<h3 class=\"wp-block-heading\">Nelson Dias &#8211; perito do Banco Mundial<\/h3>\n\n\n\n<p>Especialista em Participa\u00e7\u00e3o e Cidadania<\/p>\n","protected":false},"excerpt":{"rendered":"<p>Os jardins n\u00e3o s\u00e3o apenas locais de cultivo; s\u00e3o tamb\u00e9m lugares de conviv\u00eancia, biodiversidade e&#8230;<\/p>\n","protected":false},"author":2,"featured_media":14940,"comment_status":"open","ping_status":"open","sticky":true,"template":"","format":"standard","meta":{"sfsi_plus_gutenberg_text_before_share":"","sfsi_plus_gutenberg_show_text_before_share":"","sfsi_plus_gutenberg_icon_type":"","sfsi_plus_gutenberg_icon_alignemt":"","sfsi_plus_gutenburg_max_per_row":"","ngg_post_thumbnail":0,"footnotes":""},"categories":[446],"tags":[662],"featured_image_urls":{"full":["https:\/\/nsf.pt\/wp-content\/uploads\/2025\/09\/p2.jpeg",1024,858,false],"thumbnail":["https:\/\/nsf.pt\/wp-content\/uploads\/2025\/09\/p2-150x150.jpeg",150,150,true],"medium":["https:\/\/nsf.pt\/wp-content\/uploads\/2025\/09\/p2-300x251.jpeg",300,251,true],"medium_large":["https:\/\/nsf.pt\/wp-content\/uploads\/2025\/09\/p2-768x644.jpeg",640,537,true],"large":["https:\/\/nsf.pt\/wp-content\/uploads\/2025\/09\/p2.jpeg",640,536,false],"1536x1536":["https:\/\/nsf.pt\/wp-content\/uploads\/2025\/09\/p2.jpeg",1024,858,false],"2048x2048":["https:\/\/nsf.pt\/wp-content\/uploads\/2025\/09\/p2.jpeg",1024,858,false],"covernews-slider-full":["https:\/\/nsf.pt\/wp-content\/uploads\/2025\/09\/p2-1024x715.jpeg",1024,715,true],"covernews-slider-center":["https:\/\/nsf.pt\/wp-content\/uploads\/2025\/09\/p2-800x500.jpeg",800,500,true],"covernews-featured":["https:\/\/nsf.pt\/wp-content\/uploads\/2025\/09\/p2.jpeg",1024,858,false],"covernews-medium":["https:\/\/nsf.pt\/wp-content\/uploads\/2025\/09\/p2-540x340.jpeg",540,340,true],"covernews-medium-square":["https:\/\/nsf.pt\/wp-content\/uploads\/2025\/09\/p2-400x250.jpeg",400,250,true]},"author_info":{"info":["Carlos Ribeiro"]},"category_info":"<a href=\"https:\/\/nsf.pt\/index.php\/category\/transicoes\/\" rel=\"category tag\">TRANSI\u00c7\u00d5ES<\/a>","tag_info":"TRANSI\u00c7\u00d5ES","comment_count":"0","_links":{"self":[{"href":"https:\/\/nsf.pt\/index.php\/wp-json\/wp\/v2\/posts\/14935"}],"collection":[{"href":"https:\/\/nsf.pt\/index.php\/wp-json\/wp\/v2\/posts"}],"about":[{"href":"https:\/\/nsf.pt\/index.php\/wp-json\/wp\/v2\/types\/post"}],"author":[{"embeddable":true,"href":"https:\/\/nsf.pt\/index.php\/wp-json\/wp\/v2\/users\/2"}],"replies":[{"embeddable":true,"href":"https:\/\/nsf.pt\/index.php\/wp-json\/wp\/v2\/comments?post=14935"}],"version-history":[{"count":1,"href":"https:\/\/nsf.pt\/index.php\/wp-json\/wp\/v2\/posts\/14935\/revisions"}],"predecessor-version":[{"id":14941,"href":"https:\/\/nsf.pt\/index.php\/wp-json\/wp\/v2\/posts\/14935\/revisions\/14941"}],"wp:featuredmedia":[{"embeddable":true,"href":"https:\/\/nsf.pt\/index.php\/wp-json\/wp\/v2\/media\/14940"}],"wp:attachment":[{"href":"https:\/\/nsf.pt\/index.php\/wp-json\/wp\/v2\/media?parent=14935"}],"wp:term":[{"taxonomy":"category","embeddable":true,"href":"https:\/\/nsf.pt\/index.php\/wp-json\/wp\/v2\/categories?post=14935"},{"taxonomy":"post_tag","embeddable":true,"href":"https:\/\/nsf.pt\/index.php\/wp-json\/wp\/v2\/tags?post=14935"}],"curies":[{"name":"wp","href":"https:\/\/api.w.org\/{rel}","templated":true}]}}