{"id":14949,"date":"2025-09-16T10:35:53","date_gmt":"2025-09-16T10:35:53","guid":{"rendered":"https:\/\/nsf.pt\/?p=14949"},"modified":"2025-09-16T10:37:38","modified_gmt":"2025-09-16T10:37:38","slug":"exposicao-nos-albergues-do-porto","status":"publish","type":"post","link":"https:\/\/nsf.pt\/index.php\/2025\/09\/16\/exposicao-nos-albergues-do-porto\/","title":{"rendered":"Exposi\u00e7\u00e3o nos Albergues do Porto"},"content":{"rendered":"\n<h2 class=\"wp-block-heading\">AGENDA &#8211; ANDAMENTOS no Espa\u00e7o e no Tempo, 20 DE setembro, pelas 16h<\/h2>\n\n\n<div class=\"wp-block-post-date\"><time datetime=\"2025-09-16T10:35:53+00:00\">16 de Setembro, 2025<\/time><\/div>\n\n\n<p>Dia 20 setembro, pelas 16h, inauguramos a exposi\u00e7\u00e3o Andamentos no Espa\u00e7o e no Tempo de Manuela Matos Monteiro, Paula Roush, Jo\u00e3o Lafuente!<\/p>\n\n\n\n<p>Esta exposi\u00e7\u00e3o faz parte do projeto \u201cCh\u00e3o, Terra e Pessoas\u201d e reflete o trabalho que temos desenvolvido com os Albergues do Porto.<\/p>\n\n\n\n<p>Partindo dos conceitos &#8211; Ch\u00e3o, Terra e Pessoas &#8211; que d\u00e3o nome ao projeto, encontramos na nossa pr\u00e1tica o fazer e o refletir no lugar em que estamos e em que desenvolvemos a nossa atividade.<\/p>\n\n\n\n<p>Apresentamos fotografia, v\u00eddeos, instala\u00e7\u00f5es que refletem esta intensa rela\u00e7\u00e3o que tem o ch\u00e3o e a terra como mediadores. Na Alberg\u2019ARTE, na sede dos Albergues do Porto, esta exposi\u00e7\u00e3o prolonga-se sob o tema \u201cIsto n\u00e3o \u00e9 um herb\u00e1rio\u201d. Inaugura no dia 18, 17:30 na Rua M\u00e1rtires da Liberdade 237<\/p>\n\n\n\n<p>Apoio: Rep\u00fablica Portuguesa dgARTES\/ RPAC &#8211; Rede Portuguesa de Arte Contempor\u00e2nea.<\/p>\n\n\n\n<p>Fonte: Manuela Matos Monteiro<\/p>\n\n\n\n<figure class=\"wp-block-image size-full is-resized\"><img decoding=\"async\" loading=\"lazy\" width=\"612\" height=\"680\" src=\"https:\/\/nsf.pt\/wp-content\/uploads\/2025\/08\/manu2.jpg\" alt=\"\" class=\"wp-image-14556\" style=\"aspect-ratio:0.9;width:114px;height:auto\" srcset=\"https:\/\/nsf.pt\/wp-content\/uploads\/2025\/08\/manu2.jpg 612w, https:\/\/nsf.pt\/wp-content\/uploads\/2025\/08\/manu2-270x300.jpg 270w\" sizes=\"(max-width: 612px) 100vw, 612px\" \/><\/figure>\n\n\n\n<p>Manuela Matos Monteiro<\/p>\n","protected":false},"excerpt":{"rendered":"<p>AGENDA &#8211; ANDAMENTOS no Espa\u00e7o e no Tempo, 20 DE setembro, pelas 16h Dia 20&#8230;<\/p>\n","protected":false},"author":2,"featured_media":14950,"comment_status":"open","ping_status":"open","sticky":true,"template":"","format":"standard","meta":{"sfsi_plus_gutenberg_text_before_share":"","sfsi_plus_gutenberg_show_text_before_share":"","sfsi_plus_gutenberg_icon_type":"","sfsi_plus_gutenberg_icon_alignemt":"","sfsi_plus_gutenburg_max_per_row":"","ngg_post_thumbnail":0,"footnotes":""},"categories":[207,441],"tags":[632],"featured_image_urls":{"full":["https:\/\/nsf.pt\/wp-content\/uploads\/2025\/09\/MM.jpg",2048,1152,false],"thumbnail":["https:\/\/nsf.pt\/wp-content\/uploads\/2025\/09\/MM-150x150.jpg",150,150,true],"medium":["https:\/\/nsf.pt\/wp-content\/uploads\/2025\/09\/MM-300x169.jpg",300,169,true],"medium_large":["https:\/\/nsf.pt\/wp-content\/uploads\/2025\/09\/MM-768x432.jpg",640,360,true],"large":["https:\/\/nsf.pt\/wp-content\/uploads\/2025\/09\/MM-1024x576.jpg",640,360,true],"1536x1536":["https:\/\/nsf.pt\/wp-content\/uploads\/2025\/09\/MM-1536x864.jpg",1536,864,true],"2048x2048":["https:\/\/nsf.pt\/wp-content\/uploads\/2025\/09\/MM.jpg",2048,1152,false],"covernews-slider-full":["https:\/\/nsf.pt\/wp-content\/uploads\/2025\/09\/MM-1115x715.jpg",1115,715,true],"covernews-slider-center":["https:\/\/nsf.pt\/wp-content\/uploads\/2025\/09\/MM-800x500.jpg",800,500,true],"covernews-featured":["https:\/\/nsf.pt\/wp-content\/uploads\/2025\/09\/MM-1024x576.jpg",1024,576,true],"covernews-medium":["https:\/\/nsf.pt\/wp-content\/uploads\/2025\/09\/MM-540x340.jpg",540,340,true],"covernews-medium-square":["https:\/\/nsf.pt\/wp-content\/uploads\/2025\/09\/MM-400x250.jpg",400,250,true]},"author_info":{"info":["Carlos Ribeiro"]},"category_info":"<a href=\"https:\/\/nsf.pt\/index.php\/category\/agenda-2\/\" rel=\"category tag\">AGENDA<\/a> <a href=\"https:\/\/nsf.pt\/index.php\/category\/fotografia\/\" rel=\"category tag\">FOTOGRAFIA<\/a>","tag_info":"FOTOGRAFIA","comment_count":"0","_links":{"self":[{"href":"https:\/\/nsf.pt\/index.php\/wp-json\/wp\/v2\/posts\/14949"}],"collection":[{"href":"https:\/\/nsf.pt\/index.php\/wp-json\/wp\/v2\/posts"}],"about":[{"href":"https:\/\/nsf.pt\/index.php\/wp-json\/wp\/v2\/types\/post"}],"author":[{"embeddable":true,"href":"https:\/\/nsf.pt\/index.php\/wp-json\/wp\/v2\/users\/2"}],"replies":[{"embeddable":true,"href":"https:\/\/nsf.pt\/index.php\/wp-json\/wp\/v2\/comments?post=14949"}],"version-history":[{"count":2,"href":"https:\/\/nsf.pt\/index.php\/wp-json\/wp\/v2\/posts\/14949\/revisions"}],"predecessor-version":[{"id":14953,"href":"https:\/\/nsf.pt\/index.php\/wp-json\/wp\/v2\/posts\/14949\/revisions\/14953"}],"wp:featuredmedia":[{"embeddable":true,"href":"https:\/\/nsf.pt\/index.php\/wp-json\/wp\/v2\/media\/14950"}],"wp:attachment":[{"href":"https:\/\/nsf.pt\/index.php\/wp-json\/wp\/v2\/media?parent=14949"}],"wp:term":[{"taxonomy":"category","embeddable":true,"href":"https:\/\/nsf.pt\/index.php\/wp-json\/wp\/v2\/categories?post=14949"},{"taxonomy":"post_tag","embeddable":true,"href":"https:\/\/nsf.pt\/index.php\/wp-json\/wp\/v2\/tags?post=14949"}],"curies":[{"name":"wp","href":"https:\/\/api.w.org\/{rel}","templated":true}]}}