{"id":14954,"date":"2025-09-16T19:55:40","date_gmt":"2025-09-16T19:55:40","guid":{"rendered":"https:\/\/nsf.pt\/?p=14954"},"modified":"2025-09-16T19:55:44","modified_gmt":"2025-09-16T19:55:44","slug":"democracity","status":"publish","type":"post","link":"https:\/\/nsf.pt\/index.php\/2025\/09\/16\/democracity\/","title":{"rendered":"Democracity"},"content":{"rendered":"\n<h2 class=\"wp-block-heading\">AGENDA &#8211;  23 de outubro, das 9h30 \u00e0s 17h30, na Funda\u00e7\u00e3o Calouste Gulbenkian (Sala 2, Lisboa)<\/h2>\n\n\n<div class=\"wp-block-post-date\"><time datetime=\"2025-09-16T19:55:40+00:00\">16 de Setembro, 2025<\/time><\/div>\n\n\n<h3 class=\"wp-block-heading\">Por Pedro Calado in<em> Linkedin<\/em><\/h3>\n\n\n\n<p>O jogo Democracity foi criado pela <a href=\"https:\/\/www.linkedin.com\/company\/king-baudouin-foundation\/\">King Baudouin Foundation<\/a> no <a href=\"https:\/\/www.linkedin.com\/company\/belvuemuseum\/\">BELvue museum<\/a>, em Bruxelas, e adaptado ao contexto portugu\u00eas pela <a href=\"https:\/\/www.linkedin.com\/company\/mypolis\/\">MyPolis<\/a>, com financiamento da <a href=\"https:\/\/www.linkedin.com\/company\/fcgulbenkian\/\">Calouste Gulbenkian Foundation<\/a>, atrav\u00e9s do Programa Democracia e Sociedade Civil.<br><br>Trata-se de uma ferramenta educativa em que os jovens participantes formam partidos pol\u00edticos ficcionados, negoceiam interesses comuns e desenvolvem programas eleitorais para, em conjunto, construir e gerir uma cidade virtual. Ao longo da experi\u00eancia, compreendem contextos pol\u00edticos complexos, refor\u00e7am compet\u00eancias de tomada de decis\u00e3o, aprendem a gerir recursos e enfrentam os compromissos inerentes \u00e0s escolhas em pol\u00edtica p\u00fablica.<br><br>Democracity ensina-nos algo essencial: consenso n\u00e3o significa aus\u00eancia de debate, mas sim a busca honesta de pontos em comum que permitam construir solu\u00e7\u00f5es s\u00f3lidas. Nesse percurso \u00e9 natural discordar e at\u00e9 mudar de opini\u00e3o, pressupostos do di\u00e1logo socr\u00e1tico cada vez mais escassos nos dias que correm.<br><br>No dia 23 de outubro, das 9h30 \u00e0s 17h30, na Funda\u00e7\u00e3o Calouste Gulbenkian (Sala 2, Lisboa), ter\u00e1 lugar uma sess\u00e3o de forma\u00e7\u00e3o dirigida a professores e educadores, bem como a t\u00e9cnicos ligados a ONG e Munic\u00edpios que trabalhem em contextos de educa\u00e7\u00e3o n\u00e3o-formal. A forma\u00e7\u00e3o \u00e9 gratuita, mas limitada a um n\u00famero m\u00e1ximo de participantes, pelo que as inscri\u00e7\u00f5es est\u00e3o abertas at\u00e9 16 de outubro aqui: <a href=\"https:\/\/lnkd.in\/dHjvigXM\">https:\/\/lnkd.in\/dHjvigXM<\/a><\/p>\n\n\n\n<p><a href=\"https:\/\/www.linkedin.com\/in\/pedro-calado-27b0b3a\/overlay\/about-this-profile\/?lipi=urn%3Ali%3Apage%3Ad_flagship3_profile_view_base%3BxVVOEvk1RwSxaz03UNp8Lg%3D%3D\"><\/a><\/p>\n\n\n\n<h3 class=\"wp-block-heading\"><a href=\"https:\/\/www.linkedin.com\/in\/pedro-calado-27b0b3a\/overlay\/about-this-profile\/?lipi=urn%3Ali%3Apage%3Ad_flagship3_profile_view_base%3BxVVOEvk1RwSxaz03UNp8Lg%3D%3D\">Pedro Calado<\/a><\/h3>\n\n\n\n<p>Active Citizens Fund Director and Chairman of the European Media and Information Fund Management Committee<\/p>\n","protected":false},"excerpt":{"rendered":"<p>AGENDA &#8211; 23 de outubro, das 9h30 \u00e0s 17h30, na Funda\u00e7\u00e3o Calouste Gulbenkian (Sala 2,&#8230;<\/p>\n","protected":false},"author":2,"featured_media":14955,"comment_status":"open","ping_status":"open","sticky":true,"template":"","format":"standard","meta":{"sfsi_plus_gutenberg_text_before_share":"","sfsi_plus_gutenberg_show_text_before_share":"","sfsi_plus_gutenberg_icon_type":"","sfsi_plus_gutenberg_icon_alignemt":"","sfsi_plus_gutenburg_max_per_row":"","ngg_post_thumbnail":0,"footnotes":""},"categories":[207,446],"tags":[26,687],"featured_image_urls":{"full":["https:\/\/nsf.pt\/wp-content\/uploads\/2025\/09\/democracy.jpeg",1032,495,false],"thumbnail":["https:\/\/nsf.pt\/wp-content\/uploads\/2025\/09\/democracy-150x150.jpeg",150,150,true],"medium":["https:\/\/nsf.pt\/wp-content\/uploads\/2025\/09\/democracy-300x144.jpeg",300,144,true],"medium_large":["https:\/\/nsf.pt\/wp-content\/uploads\/2025\/09\/democracy-768x368.jpeg",640,307,true],"large":["https:\/\/nsf.pt\/wp-content\/uploads\/2025\/09\/democracy-1024x491.jpeg",640,307,true],"1536x1536":["https:\/\/nsf.pt\/wp-content\/uploads\/2025\/09\/democracy.jpeg",1032,495,false],"2048x2048":["https:\/\/nsf.pt\/wp-content\/uploads\/2025\/09\/democracy.jpeg",1032,495,false],"covernews-slider-full":["https:\/\/nsf.pt\/wp-content\/uploads\/2025\/09\/democracy.jpeg",1032,495,false],"covernews-slider-center":["https:\/\/nsf.pt\/wp-content\/uploads\/2025\/09\/democracy-800x495.jpeg",800,495,true],"covernews-featured":["https:\/\/nsf.pt\/wp-content\/uploads\/2025\/09\/democracy-1024x491.jpeg",1024,491,true],"covernews-medium":["https:\/\/nsf.pt\/wp-content\/uploads\/2025\/09\/democracy-540x340.jpeg",540,340,true],"covernews-medium-square":["https:\/\/nsf.pt\/wp-content\/uploads\/2025\/09\/democracy-400x250.jpeg",400,250,true]},"author_info":{"info":["Carlos Ribeiro"]},"category_info":"<a href=\"https:\/\/nsf.pt\/index.php\/category\/agenda-2\/\" rel=\"category tag\">AGENDA<\/a> <a href=\"https:\/\/nsf.pt\/index.php\/category\/transicoes\/\" rel=\"category tag\">TRANSI\u00c7\u00d5ES<\/a>","tag_info":"TRANSI\u00c7\u00d5ES","comment_count":"0","_links":{"self":[{"href":"https:\/\/nsf.pt\/index.php\/wp-json\/wp\/v2\/posts\/14954"}],"collection":[{"href":"https:\/\/nsf.pt\/index.php\/wp-json\/wp\/v2\/posts"}],"about":[{"href":"https:\/\/nsf.pt\/index.php\/wp-json\/wp\/v2\/types\/post"}],"author":[{"embeddable":true,"href":"https:\/\/nsf.pt\/index.php\/wp-json\/wp\/v2\/users\/2"}],"replies":[{"embeddable":true,"href":"https:\/\/nsf.pt\/index.php\/wp-json\/wp\/v2\/comments?post=14954"}],"version-history":[{"count":1,"href":"https:\/\/nsf.pt\/index.php\/wp-json\/wp\/v2\/posts\/14954\/revisions"}],"predecessor-version":[{"id":14956,"href":"https:\/\/nsf.pt\/index.php\/wp-json\/wp\/v2\/posts\/14954\/revisions\/14956"}],"wp:featuredmedia":[{"embeddable":true,"href":"https:\/\/nsf.pt\/index.php\/wp-json\/wp\/v2\/media\/14955"}],"wp:attachment":[{"href":"https:\/\/nsf.pt\/index.php\/wp-json\/wp\/v2\/media?parent=14954"}],"wp:term":[{"taxonomy":"category","embeddable":true,"href":"https:\/\/nsf.pt\/index.php\/wp-json\/wp\/v2\/categories?post=14954"},{"taxonomy":"post_tag","embeddable":true,"href":"https:\/\/nsf.pt\/index.php\/wp-json\/wp\/v2\/tags?post=14954"}],"curies":[{"name":"wp","href":"https:\/\/api.w.org\/{rel}","templated":true}]}}