{"id":14973,"date":"2025-09-21T17:11:05","date_gmt":"2025-09-21T17:11:05","guid":{"rendered":"https:\/\/nsf.pt\/?p=14973"},"modified":"2025-09-21T17:11:30","modified_gmt":"2025-09-21T17:11:30","slug":"a-liberdade-de-expressao-sequestrada","status":"publish","type":"post","link":"https:\/\/nsf.pt\/index.php\/2025\/09\/21\/a-liberdade-de-expressao-sequestrada\/","title":{"rendered":"A liberdade de express\u00e3o sequestrada"},"content":{"rendered":"\n<h2 class=\"wp-block-heading\">Assim como Kirk, tamb\u00e9m o Chega se apresenta como v\u00edtima de censura enquanto procura impor uma narrativa \u00fanica<\/h2>\n\n\n<div class=\"wp-block-post-date\"><time datetime=\"2025-09-21T17:11:05+00:00\">21 de Setembro, 2025<\/time><\/div>\n\n\n<h3 class=\"wp-block-heading\">por Luis Vidigal<\/h3>\n\n\n\n<p><a><\/a>Charlie Kirk n\u00e3o foi um m\u00e1rtir da liberdade de express\u00e3o, como muitos tentam agora apresentar. Basta recuperar as suas palavras para perceber o contr\u00e1rio. \u201cO que falta nos Estados Unidos s\u00e3o execu\u00e7\u00f5es p\u00fablicas. Deviam ser r\u00e1pidas, televisivas e at\u00e9 patrocinadas pela Coca-Cola. Deviam obrigar os mi\u00fados a assistir. A partir dos 12 anos j\u00e1 \u00e9 idade suficiente.\u201d Noutra ocasi\u00e3o, afirmou que o Civil Rights Act \u201ccriou um monstro, e esse monstro transformou-se numa arma anti-branca\u201d. Sobre pessoas trans, dizia sem rodeios: \u201c\u00c9s uma abomina\u00e7\u00e3o para Deus\u201d.<\/p>\n\n\n\n<p>O seu discurso n\u00e3o se limitava a divergir, pois transformava minorias em inimigos e normalizava a viol\u00eancia como parte da vida pol\u00edtica. Fez carreira a inflamar ressentimentos e a convert\u00ea-los em espect\u00e1culo. Quando agora \u00e9 apontado como v\u00edtima, apaga-se a sua verdadeira obra de promo\u00e7\u00e3o sistem\u00e1tica do \u00f3dio.<\/p>\n\n\n\n<p>Entretanto, Donald Trump regressou \u00e0 Casa Branca com a promessa de \u201crestaurar a liberdade de express\u00e3o\u201d, atrav\u00e9s da Executive Order 14149. No papel, parecia uma defesa absoluta da Primeira Emenda. Na pr\u00e1tica, tornou-se uma ferramenta de censura seletiva.<\/p>\n\n\n\n<p>Enquanto garantia prote\u00e7\u00e3o aos aliados, surgiram press\u00f5es sobre programas televisivos cr\u00edticos (como o Jimmy Kimmel&#8217;s late-night show) e propostas para cortar fundos a meios p\u00fablicos acusados de \u201cvi\u00e9s\u201d ideol\u00f3gico. A liberdade proclamada era afinal condicional, pois servia para amplificar o conveniente e silenciar o inc\u00f3modo.<\/p>\n\n\n\n<p>Em Portugal, o Chega reclama ser a voz dos silenciados, mas recorre \u00e0 mesma l\u00f3gica de exclus\u00e3o. Rita Matias descreveu o pa\u00eds como \u201camorda\u00e7ado e aprisionado por teias marxistas\u201d e gerou pol\u00e9mica ao falar em \u201climpar Lisboa dos ratos\u201d, express\u00e3o entendida como desumaniza\u00e7\u00e3o de imigrantes. A estrat\u00e9gia \u00e9 id\u00eantica, de transformar frustra\u00e7\u00e3o em narrativa pol\u00edtica, inventar inimigos internos e cobrir a agress\u00e3o ret\u00f3rica com o manto da defesa da liberdade.<\/p>\n\n\n\n<p>Assim como Kirk, tamb\u00e9m o Chega se apresenta como v\u00edtima de censura enquanto procura impor uma narrativa \u00fanica. E, tal como Trump, utiliza a \u201cliberdade de express\u00e3o\u201d como escudo para proteger o intoler\u00e1vel.<\/p>\n\n\n\n<p>\u00c9 aqui que o paradoxo da toler\u00e2ncia de Karl Popper se imp\u00f5e. Uma democracia que tolera sem limites os discursos intolerantes acaba corro\u00edda por dentro. At\u00e9 que ponto aceitar que se chame \u201caberra\u00e7\u00e3o\u201d a uma pessoa ou \u201crato\u201d a um imigrante \u00e9 realmente compat\u00edvel com a conviv\u00eancia democr\u00e1tica?<\/p>\n\n\n\n<p>A experi\u00eancia americana demonstra que o \u00f3dio normalizado regressa sempre como bumerangue. A traject\u00f3ria de Tyler Robinson, jovem moldado no mesmo caldo t\u00f3xico que Kirk ajudou a semear, \u00e9 prova disso.<\/p>\n\n\n\n<p>Portugal ainda vai a tempo de aprender. Defender a liberdade de express\u00e3o \u00e9 essencial, mas confundi-la com o direito de incitar ao \u00f3dio \u00e9 abdicar da pr\u00f3pria democracia. Quando a liberdade \u00e9 sequestrada para justificar a intoler\u00e2ncia, deixa de ser liberdade e passa a ser apenas mais uma arma pol\u00edtica.<\/p>\n\n\n\n<figure class=\"wp-block-image size-full is-resized\"><img decoding=\"async\" loading=\"lazy\" width=\"522\" height=\"488\" src=\"https:\/\/nsf.pt\/wp-content\/uploads\/2025\/08\/luis-Vidigal_colaboradores.jpg\" alt=\"\" class=\"wp-image-14712\" style=\"aspect-ratio:1.069672131147541;width:156px;height:auto\" srcset=\"https:\/\/nsf.pt\/wp-content\/uploads\/2025\/08\/luis-Vidigal_colaboradores.jpg 522w, https:\/\/nsf.pt\/wp-content\/uploads\/2025\/08\/luis-Vidigal_colaboradores-300x280.jpg 300w\" sizes=\"(max-width: 522px) 100vw, 522px\" \/><\/figure>\n\n\n\n<h2 class=\"wp-block-heading\">Lu\u00eds Vidigal<\/h2>\n","protected":false},"excerpt":{"rendered":"<p>Assim como Kirk, tamb\u00e9m o Chega se apresenta como v\u00edtima de censura enquanto procura impor&#8230;<\/p>\n","protected":false},"author":2,"featured_media":14974,"comment_status":"open","ping_status":"open","sticky":true,"template":"","format":"standard","meta":{"sfsi_plus_gutenberg_text_before_share":"","sfsi_plus_gutenberg_show_text_before_share":"","sfsi_plus_gutenberg_icon_type":"","sfsi_plus_gutenberg_icon_alignemt":"","sfsi_plus_gutenburg_max_per_row":"","ngg_post_thumbnail":0,"footnotes":""},"categories":[238,622,99],"tags":[667],"featured_image_urls":{"full":["https:\/\/nsf.pt\/wp-content\/uploads\/2025\/09\/luis-vidigal.jpg",1536,1024,false],"thumbnail":["https:\/\/nsf.pt\/wp-content\/uploads\/2025\/09\/luis-vidigal-150x150.jpg",150,150,true],"medium":["https:\/\/nsf.pt\/wp-content\/uploads\/2025\/09\/luis-vidigal-300x200.jpg",300,200,true],"medium_large":["https:\/\/nsf.pt\/wp-content\/uploads\/2025\/09\/luis-vidigal-768x512.jpg",640,427,true],"large":["https:\/\/nsf.pt\/wp-content\/uploads\/2025\/09\/luis-vidigal-1024x683.jpg",640,427,true],"1536x1536":["https:\/\/nsf.pt\/wp-content\/uploads\/2025\/09\/luis-vidigal.jpg",1536,1024,false],"2048x2048":["https:\/\/nsf.pt\/wp-content\/uploads\/2025\/09\/luis-vidigal.jpg",1536,1024,false],"covernews-slider-full":["https:\/\/nsf.pt\/wp-content\/uploads\/2025\/09\/luis-vidigal-1115x715.jpg",1115,715,true],"covernews-slider-center":["https:\/\/nsf.pt\/wp-content\/uploads\/2025\/09\/luis-vidigal-800x500.jpg",800,500,true],"covernews-featured":["https:\/\/nsf.pt\/wp-content\/uploads\/2025\/09\/luis-vidigal-1024x683.jpg",1024,683,true],"covernews-medium":["https:\/\/nsf.pt\/wp-content\/uploads\/2025\/09\/luis-vidigal-540x340.jpg",540,340,true],"covernews-medium-square":["https:\/\/nsf.pt\/wp-content\/uploads\/2025\/09\/luis-vidigal-400x250.jpg",400,250,true]},"author_info":{"info":["Carlos Ribeiro"]},"category_info":"<a href=\"https:\/\/nsf.pt\/index.php\/category\/destaque\/\" rel=\"category tag\">DESTAQUE<\/a> <a href=\"https:\/\/nsf.pt\/index.php\/category\/o-mundo-em-transicao\/\" rel=\"category tag\">O MUNDO EM TRANSI\u00c7\u00c3O<\/a> <a href=\"https:\/\/nsf.pt\/index.php\/category\/opiniao\/\" rel=\"category tag\">OPINI\u00c3O<\/a>","tag_info":"OPINI\u00c3O","comment_count":"0","_links":{"self":[{"href":"https:\/\/nsf.pt\/index.php\/wp-json\/wp\/v2\/posts\/14973"}],"collection":[{"href":"https:\/\/nsf.pt\/index.php\/wp-json\/wp\/v2\/posts"}],"about":[{"href":"https:\/\/nsf.pt\/index.php\/wp-json\/wp\/v2\/types\/post"}],"author":[{"embeddable":true,"href":"https:\/\/nsf.pt\/index.php\/wp-json\/wp\/v2\/users\/2"}],"replies":[{"embeddable":true,"href":"https:\/\/nsf.pt\/index.php\/wp-json\/wp\/v2\/comments?post=14973"}],"version-history":[{"count":1,"href":"https:\/\/nsf.pt\/index.php\/wp-json\/wp\/v2\/posts\/14973\/revisions"}],"predecessor-version":[{"id":14975,"href":"https:\/\/nsf.pt\/index.php\/wp-json\/wp\/v2\/posts\/14973\/revisions\/14975"}],"wp:featuredmedia":[{"embeddable":true,"href":"https:\/\/nsf.pt\/index.php\/wp-json\/wp\/v2\/media\/14974"}],"wp:attachment":[{"href":"https:\/\/nsf.pt\/index.php\/wp-json\/wp\/v2\/media?parent=14973"}],"wp:term":[{"taxonomy":"category","embeddable":true,"href":"https:\/\/nsf.pt\/index.php\/wp-json\/wp\/v2\/categories?post=14973"},{"taxonomy":"post_tag","embeddable":true,"href":"https:\/\/nsf.pt\/index.php\/wp-json\/wp\/v2\/tags?post=14973"}],"curies":[{"name":"wp","href":"https:\/\/api.w.org\/{rel}","templated":true}]}}