{"id":14979,"date":"2025-09-27T11:08:17","date_gmt":"2025-09-27T11:08:17","guid":{"rendered":"https:\/\/nsf.pt\/?p=14979"},"modified":"2025-09-27T11:08:21","modified_gmt":"2025-09-27T11:08:21","slug":"garantir-que-esta-flotilha-chega-ao-seu-destino","status":"publish","type":"post","link":"https:\/\/nsf.pt\/index.php\/2025\/09\/27\/garantir-que-esta-flotilha-chega-ao-seu-destino\/","title":{"rendered":"Garantir que esta flotilha chega ao seu destino"},"content":{"rendered":"\n<h1 class=\"wp-block-heading\">Carta aberta ao Governo Portugu\u00eas pelo cumprimento do Direito Internacional<\/h1>\n\n\n<div class=\"wp-block-post-date\"><time datetime=\"2025-09-27T11:08:17+00:00\">27 de Setembro, 2025<\/time><\/div>\n\n\n<p>Ao longo dos \u00faltimos dias, o governo de Israel emitiu uma s\u00e9rie de comunicados dirigidos \u00e0 flotilha humanit\u00e1ria para Gaza. Destacamos uma publica\u00e7\u00e3o na rede social X em que o ministro dos Neg\u00f3cios Estrangeiros declara que ir\u00e1 parar a flotilha, impedindo-a de entregar a ajuda humanit\u00e1ria que transporta. Com esta amea\u00e7a, o governo de Israel procura intimidar os cidad\u00e3os que integram esta miss\u00e3o, bem como normalizar a possibilidade de uma interven\u00e7\u00e3o violenta, que configuraria uma nova viola\u00e7\u00e3o do Direito Internacional.<\/p>\n\n\n\n<p>Recordamos que esta \u00e9 uma miss\u00e3o pac\u00edfica e n\u00e3o-violenta integrada por civis de mais 40 pa\u00edses. Na embarca\u00e7\u00e3o onde segue a delega\u00e7\u00e3o portuguesa, encontram-se cidad\u00e3os de Portugal, Espanha, Fran\u00e7a, Reino Unido, Irlanda, Alemanha, Turquia, It\u00e1lia, Austr\u00e1lia, Brasil, Marrocos, Estados Unidos da Am\u00e9rica e outros. Somos jornalistas, m\u00e9dicos, professores, atores, antigos presidentes de c\u00e2mara, marinheiros, e transportamos apenas comida e medicamentos.<\/p>\n\n\n\n<p>Considerando que:<\/p>\n\n\n\n<p>\u00c9 de notar que 16 Estados, entre os quais os de Espanha, Irlanda e Eslov\u00e9nia, j\u00e1 tomaram posi\u00e7\u00e3o oficial sobre a legitimidade e legalidade da miss\u00e3o desta flotilha, tendo declarado que \u201cqualquer viola\u00e7\u00e3o do Direito Internacional e dos Direitos Humanos dos participantes da flotilha, incluindo ataques contra navios em \u00e1guas internacionais ou deten\u00e7\u00f5es ilegais, dar\u00e1 lugar \u00e0 presta\u00e7\u00e3o de contas\u201d.<\/p>\n\n\n\n<p>Assim, instamos o governo da Rep\u00fablica Portuguesa a:<\/p>\n\n\n\n<p>1- Repudiar as declara\u00e7\u00f5es emitidas por membros do governo israelita, que anunciam a inten\u00e7\u00e3o de impedir a entrega de ajuda humanit\u00e1ria. Tais a\u00e7\u00f5es constituem uma flagrante viola\u00e7\u00e3o do Direito Internacional;<\/p>\n\n\n\n<p>2- Fazer tudo o que estiver ao seu alcance para garantir que esta flotilha chega ao seu destino e que a integridade dos seus passageiros, entre eles tr\u00eas cidad\u00e3os portugueses, \u00e9 assegurada;<\/p>\n\n\n\n<p>3- Cumprir a sua obriga\u00e7\u00e3o de realizar todos os esfor\u00e7os para travar o genoc\u00eddio em curso, incluindo a aplica\u00e7\u00e3o de san\u00e7\u00f5es a Israel.<\/p>\n\n\n\n<p>Desde outubro de 2023 at\u00e9 ao presente momento, foram confirmadas mais de 65 mil mortes em Gaza devido aos ataques israelitas, \u00e0s quais devem somar-se numerosas vidas perdidas em resultado da fome e da doen\u00e7a impostas pelo bloqueio genocida ao fornecimento de alimentos, medicamentos e assist\u00eancia \u00e0 popula\u00e7\u00e3o da Faixa de Gaza. <strong>PRIMEIRAS\/OS SUBSCRITORAS\/ES<\/strong> Mariana Mort\u00e1gua<\/p>\n\n\n\n<p>Miguel Duarte<\/p>\n\n\n\n<p>Sofia Apar\u00edcio<\/p>\n\n\n\n<p>Adriano Luz, ator<\/p>\n\n\n\n<p>Afonso Laginha, ator<\/p>\n\n\n\n<p>Afonso Luz, ator&nbsp;<\/p>\n\n\n\n<p>Aida Tavares, programadora cultural<\/p>\n\n\n\n<p>Aldina Duarte, cantora<\/p>\n\n\n\n<p>Alexandra Lucas Coelho, escritora<\/p>\n\n\n\n<p>Alice Nobre, m\u00e9dica psiquiatra<\/p>\n\n\n\n<p>Anabela Br\u00edgida, atriz&nbsp; Ana Catarina Mendes, jurista<\/p>\n\n\n\n<p>Ana Deus, m\u00fasica<\/p>\n\n\n\n<p>Ana Fonseca, escritora<\/p>\n\n\n\n<p>Ana Galv\u00e3o, radialista&nbsp;<\/p>\n\n\n\n<p>Ana Coutinho Ribeiro, argumentista<\/p>\n\n\n\n<p>Ana Markl, radialista&nbsp;<\/p>\n\n\n\n<p>Ana Matos Fernandes (Capicua), artista<\/p>\n\n\n\n<p>Ana Moura, cantora<\/p>\n\n\n\n<p>Ana Pessoa, escritora<\/p>\n\n\n\n<p>Ana Salazar, criadora de moda Anabela Mota Ribeiro, jornalista<\/p>\n\n\n\n<p>Andr\u00e9 Gago, ator<\/p>\n\n\n\n<p>Andr\u00e9 Godinho, cineasta<\/p>\n\n\n\n<p>Andr\u00e9 Nunes, ator<\/p>\n\n\n\n<p>Angela Pinto, atriz<\/p>\n\n\n\n<p>Ant\u00f3nio Brito Guterres, assistente social&nbsp;<\/p>\n\n\n\n<p>Ant\u00f3nio Pires, encenador<\/p>\n\n\n\n<p>Beatriz Cuba, produtora<\/p>\n\n\n\n<p>Beatriz Vasconcelos, assessora de comunica\u00e7\u00e3o&nbsp;<\/p>\n\n\n\n<p>Benedita Pereira, atriz&nbsp;<\/p>\n\n\n\n<p>Bernardo Mendon\u00e7a, jornalista Bruno Dias, licenciado em ci\u00eancias da comunica\u00e7\u00e3o<\/p>\n\n\n\n<p>Bruno Jos\u00e9 Silva, artista&nbsp;<\/p>\n\n\n\n<p>Carla Chambel, atriz<\/p>\n\n\n\n<p>Carla de S\u00e1, atriz&nbsp;<\/p>\n\n\n\n<p>Carla Maciel, atriz&nbsp;<\/p>\n\n\n\n<p>Carl\u00e3o, m\u00fasico Carlos Almeida, historiador<\/p>\n\n\n\n<p>Carolina Torres, apresentadora Catarina Fontoura, artista e professora universit\u00e1ria<\/p>\n\n\n\n<p>Catarina Furtado, apresentadora<\/p>\n\n\n\n<p>Catarina Portas, empres\u00e1ria&nbsp;<\/p>\n\n\n\n<p>Catarina Rapazinho, atriz C\u00e1tia Domingues, vice-presidente do SPGL<\/p>\n\n\n\n<p>Cec\u00edlia Henriques, atriz<\/p>\n\n\n\n<p>C\u00e9lia Costa, produtora cultural Cristina Piedade, diretora t\u00e9cnica<\/p>\n\n\n\n<p>Clara Nogueira, atriz<\/p>\n\n\n\n<p>Cl\u00e1udia Varej\u00e3o, realizadora&nbsp;<\/p>\n\n\n\n<p>Cristina Branco, cantora<\/p>\n\n\n\n<p>Cristina Carvalhal, encenadora e atriz<\/p>\n\n\n\n<p>Cucha Carvalheiro, atriz<\/p>\n\n\n\n<p>Dalila Carmo, atriz<\/p>\n\n\n\n<p>Daniel Viana, ator<\/p>\n\n\n\n<p>Dino Alves, criador de moda<\/p>\n\n\n\n<p>Diogo Faro, humorista&nbsp;<\/p>\n\n\n\n<p>Diogo Freitas, ator<\/p>\n\n\n\n<p>Diogo Infante, ator<\/p>\n\n\n\n<p>Diogo Varela Silva, realizador<\/p>\n\n\n\n<p>Eduarda Abondanza, designer e Presidente da ModaLisboa<\/p>\n\n\n\n<p>F\u00e1bio Batista, ator<\/p>\n\n\n\n<p>Fernando Fernandes (FF), cantor e ator<\/p>\n\n\n\n<p>Fernando Silva, produtor<\/p>\n\n\n\n<p>Filipa Belo, empres\u00e1ria&nbsp;<\/p>\n\n\n\n<p>Filipe Gouveia, encenador<\/p>\n\n\n\n<p>Filipe Sambado, m\u00fasica<\/p>\n\n\n\n<p>Filomena Gigante, atriz<\/p>\n\n\n\n<p>Fl\u00e1via Gusm\u00e3o, atriz&nbsp;<\/p>\n\n\n\n<p>Frederico Barata, ator<\/p>\n\n\n\n<p>Gaspar Varela, m\u00fasico&nbsp;<\/p>\n\n\n\n<p>Gon\u00e7alo Waddington, ator&nbsp; Guadalupe Sim\u00f5es, vice-presidente do SEP<\/p>\n\n\n\n<p>Guilherme Gomes, ator, encenador, dramaturgo e produtor<\/p>\n\n\n\n<p>Helena Amaral, autora<\/p>\n\n\n\n<p>H\u00e9lio Morais, m\u00fasico<\/p>\n\n\n\n<p>In\u00eas Lopes Gon\u00e7alves, radialista e apresentadora&nbsp; In\u00eas Sousa Real, jurista<\/p>\n\n\n\n<p>Isabel Abreu, atriz Ivo Costa, ator<\/p>\n\n\n\n<p>Ivo M. Ferreira, cineasta<\/p>\n\n\n\n<p>J\u00e9ssica Silva, futebolista<\/p>\n\n\n\n<p>Joana Castro, atriz<\/p>\n\n\n\n<p>Joana Seixas, atriz<\/p>\n\n\n\n<p>Jo\u00e3o Lemos, produtor executivo<\/p>\n\n\n\n<p>Jo\u00e3o Pedreiro, ator<\/p>\n\n\n\n<p>Jo\u00e3o Rosas, realizador<\/p>\n\n\n\n<p>Jo\u00e3o Salaviza, realizador&nbsp;<\/p>\n\n\n\n<p>Joaquim Horta, ator<\/p>\n\n\n\n<p>Jorge Mourato, ator<\/p>\n\n\n\n<p>Jos\u00e9 Condessa, ator<\/p>\n\n\n\n<p>Jos\u00e9 Neves, historiador<\/p>\n\n\n\n<p>Jos\u00e9 Nunes, encenador e programador cultural&nbsp;<\/p>\n\n\n\n<p>Jos\u00e9 Pedro Vasconcelos, ator<\/p>\n\n\n\n<p>Jos\u00e9 Wallenstein, ator<\/p>\n\n\n\n<p>Juliana Campos, atriz<\/p>\n\n\n\n<p>Kikoishot, criador de conte\u00fados e Dj<\/p>\n\n\n\n<p>Leonor Alc\u00e1cer, atriz<\/p>\n\n\n\n<p>Leonor Buescu, dramaturgista, atriz e encenadora<\/p>\n\n\n\n<p>Leonor Poeiras, apresentadora<\/p>\n\n\n\n<p>Leonor Silva<\/p>\n\n\n\n<p>Leonor Teles, diretora de fotografia e realizadora<\/p>\n\n\n\n<p>Ljubumir Stanisic, chef<\/p>\n\n\n\n<p>Lou Lou\u00e7\u00e3o, realizadora<\/p>\n\n\n\n<p>Luca Argel, m\u00fasico&nbsp;<\/p>\n\n\n\n<p>L\u00facia Moniz, cantora e atriz<\/p>\n\n\n\n<p>Lu\u00edsa Alves, atriz<\/p>\n\n\n\n<p>Lu\u00edsa Cruz, atriz&nbsp;<\/p>\n\n\n\n<p>Lu\u00edsa Ortigoso, atriz<\/p>\n\n\n\n<p>Lu\u00eds C\u00edlia, compositor<\/p>\n\n\n\n<p>Lu\u00eds Nunes (Benjamim), m\u00fasico<\/p>\n\n\n\n<p>Lu\u00eds Sim\u00f5es, presidente do Sindicato dos Jornalistas<\/p>\n\n\n\n<p>Lu\u00eds Urbano, produtor<\/p>\n\n\n\n<p>Mafalda Lu\u00eds de Castro, atriz<\/p>\n\n\n\n<p>Manuel Loff, professor universit\u00e1rio<\/p>\n\n\n\n<p>Manuel Pureza, realizador<\/p>\n\n\n\n<p>Manuel San Payo, artista pl\u00e1stico<\/p>\n\n\n\n<p>Maria de Medeiros, atriz<\/p>\n\n\n\n<p>Maria d\u2019Aires, atriz<\/p>\n\n\n\n<p>Maria Escaja, assessora cultural<\/p>\n\n\n\n<p>Mariana Jones, escritora<\/p>\n\n\n\n<p>Mariana Monteiro, atriz&nbsp;<\/p>\n\n\n\n<p>Mariana S\u00e1 Marques, produtora cultural<\/p>\n\n\n\n<p>Marina Mota, atriz&nbsp; Marisa Matias, soci\u00f3loga Marta Crawford, sex\u00f3loga<\/p>\n\n\n\n<p>Marta Fiolic, autora<\/p>\n\n\n\n<p>Marta Levezinho, diretora de arte&nbsp;<\/p>\n\n\n\n<p>Marta Nunes, ilustradora<\/p>\n\n\n\n<p>Merc\u00eas Borges, atriz<\/p>\n\n\n\n<p>Miguel Carvalho, escritor e jornalista<\/p>\n\n\n\n<p>Miguel Vieira, criador de moda<\/p>\n\n\n\n<p>M\u00f3nica Carri\u00e7o, arquiteta-urbanista<\/p>\n\n\n\n<p>Nat\u00e1lia Lu\u00edsa, atriz<\/p>\n\n\n\n<p>Natalina Jos\u00e9, atriz<\/p>\n\n\n\n<p>Nuno Markl, apresentador<\/p>\n\n\n\n<p>Nuno Nunes, ator<\/p>\n\n\n\n<p>Nuno Ramos de Almeida, jornalista<\/p>\n\n\n\n<p>Olga Roriz, core\u00f3grafa&nbsp;<\/p>\n\n\n\n<p>Patr\u00edcia Cairr\u00e3o, artista multidisciplinar<\/p>\n\n\n\n<p>Patr\u00edcia Reis, escritora&nbsp;<\/p>\n\n\n\n<p>Paula Guedes, atriz<\/p>\n\n\n\n<p>Paula Lobo Antunes, atriz Paulo Areosa Feio, ge\u00f3grafo<\/p>\n\n\n\n<p>Paulo Gonzo, m\u00fasico&nbsp;<\/p>\n\n\n\n<p>Pedro Emauz, ator<\/p>\n\n\n\n<p>Pedro Mafama, m\u00fasico<\/p>\n\n\n\n<p>Pedro Tadeu, jornalista<\/p>\n\n\n\n<p>Piet-Hein Bakker, produtor<\/p>\n\n\n\n<p>Pilar del Rio, jornalista<\/p>\n\n\n\n<p>Raimundo Cosme, ator e criador<\/p>\n\n\n\n<p>Raquel Bravo, produtora cultural<\/p>\n\n\n\n<p>Ricardo Monteiro, ator<\/p>\n\n\n\n<p>Ricardo S\u00e1 Fernandes, advogado<\/p>\n\n\n\n<p>Rita Caba\u00e7o, atriz<\/p>\n\n\n\n<p>Rita Ribeiro, atriz<\/p>\n\n\n\n<p>Romeu Costa, ator<\/p>\n\n\n\n<p>Romi Soares, atriz Rui Tavares, historiador<\/p>\n\n\n\n<p>Rui Melo, ator<\/p>\n\n\n\n<p>Salvador Sobral, m\u00fasico<\/p>\n\n\n\n<p>Sandra Faleiro, atriz&nbsp;<\/p>\n\n\n\n<p>Sandra Monteiro, diretora Monde Diplomatique Portugal<\/p>\n\n\n\n<p>S\u00e3o Jos\u00e9 Lapa, atriz e encenadora<\/p>\n\n\n\n<p>Sara Barros Leit\u00e3o, atriz e encenadora<\/p>\n\n\n\n<p>Sara Carinhas, atriz e encenadora&nbsp;&nbsp;<\/p>\n\n\n\n<p>Sara Marita, autora&nbsp;<\/p>\n\n\n\n<p>Sara Norte, atriz&nbsp;<\/p>\n\n\n\n<p>Sebasti\u00e3o Varela, m\u00fasico&nbsp;<\/p>\n\n\n\n<p>S\u00e9rgio Godinho, m\u00fasico<\/p>\n\n\n\n<p>S\u00e9rgio Tref\u00e1ut, realizador<\/p>\n\n\n\n<p>S\u00f3nia Balac\u00f3, atriz&nbsp;<\/p>\n\n\n\n<p>Soraia Chaves, atriz<\/p>\n\n\n\n<p>Susana Duarte, programadora cultural<\/p>\n\n\n\n<p>Telma Monteiro, judoca<\/p>\n\n\n\n<p>Tiago Fernandes, ator&nbsp;<\/p>\n\n\n\n<p>Tiago Ivo Cruz, Investigador do Centro de Estudos de Teatro<\/p>\n\n\n\n<p>Tiago Mota Saraiva, arquiteto<\/p>\n\n\n\n<p>Tiago Rodrigues, encenador<\/p>\n\n\n\n<p>Tom\u00e1s B\u00e1rbara, ator<\/p>\n\n\n\n<p>Tonan Quito, ator e encenador<\/p>\n\n\n\n<p>Tota Alves, autora e realizadora<\/p>\n\n\n\n<p>Valerie Braddell, atriz<\/p>\n\n\n\n<p>Zlata Moskalenko<\/p>\n","protected":false},"excerpt":{"rendered":"<p>Carta aberta ao Governo Portugu\u00eas pelo cumprimento do Direito Internacional Ao longo dos \u00faltimos dias,&#8230;<\/p>\n","protected":false},"author":2,"featured_media":14980,"comment_status":"open","ping_status":"open","sticky":true,"template":"","format":"standard","meta":{"sfsi_plus_gutenberg_text_before_share":"","sfsi_plus_gutenberg_show_text_before_share":"","sfsi_plus_gutenberg_icon_type":"","sfsi_plus_gutenberg_icon_alignemt":"","sfsi_plus_gutenburg_max_per_row":"","ngg_post_thumbnail":0,"footnotes":""},"categories":[238,443,478],"tags":[689],"featured_image_urls":{"full":["https:\/\/nsf.pt\/wp-content\/uploads\/2025\/09\/flotilha.jpg",355,209,false],"thumbnail":["https:\/\/nsf.pt\/wp-content\/uploads\/2025\/09\/flotilha-150x150.jpg",150,150,true],"medium":["https:\/\/nsf.pt\/wp-content\/uploads\/2025\/09\/flotilha-300x177.jpg",300,177,true],"medium_large":["https:\/\/nsf.pt\/wp-content\/uploads\/2025\/09\/flotilha.jpg",355,209,false],"large":["https:\/\/nsf.pt\/wp-content\/uploads\/2025\/09\/flotilha.jpg",355,209,false],"1536x1536":["https:\/\/nsf.pt\/wp-content\/uploads\/2025\/09\/flotilha.jpg",355,209,false],"2048x2048":["https:\/\/nsf.pt\/wp-content\/uploads\/2025\/09\/flotilha.jpg",355,209,false],"covernews-slider-full":["https:\/\/nsf.pt\/wp-content\/uploads\/2025\/09\/flotilha.jpg",355,209,false],"covernews-slider-center":["https:\/\/nsf.pt\/wp-content\/uploads\/2025\/09\/flotilha.jpg",355,209,false],"covernews-featured":["https:\/\/nsf.pt\/wp-content\/uploads\/2025\/09\/flotilha.jpg",355,209,false],"covernews-medium":["https:\/\/nsf.pt\/wp-content\/uploads\/2025\/09\/flotilha.jpg",355,209,false],"covernews-medium-square":["https:\/\/nsf.pt\/wp-content\/uploads\/2025\/09\/flotilha.jpg",355,209,false]},"author_info":{"info":["Carlos Ribeiro"]},"category_info":"<a href=\"https:\/\/nsf.pt\/index.php\/category\/destaque\/\" rel=\"category tag\">DESTAQUE<\/a> <a href=\"https:\/\/nsf.pt\/index.php\/category\/palestina\/\" rel=\"category tag\">PALESTINA<\/a> <a href=\"https:\/\/nsf.pt\/index.php\/category\/solidariedade-sem-fronteiras\/\" rel=\"category tag\">SOLIDARIEDADE SEM FRONTEIRAS<\/a>","tag_info":"SOLIDARIEDADE SEM FRONTEIRAS","comment_count":"0","_links":{"self":[{"href":"https:\/\/nsf.pt\/index.php\/wp-json\/wp\/v2\/posts\/14979"}],"collection":[{"href":"https:\/\/nsf.pt\/index.php\/wp-json\/wp\/v2\/posts"}],"about":[{"href":"https:\/\/nsf.pt\/index.php\/wp-json\/wp\/v2\/types\/post"}],"author":[{"embeddable":true,"href":"https:\/\/nsf.pt\/index.php\/wp-json\/wp\/v2\/users\/2"}],"replies":[{"embeddable":true,"href":"https:\/\/nsf.pt\/index.php\/wp-json\/wp\/v2\/comments?post=14979"}],"version-history":[{"count":1,"href":"https:\/\/nsf.pt\/index.php\/wp-json\/wp\/v2\/posts\/14979\/revisions"}],"predecessor-version":[{"id":14981,"href":"https:\/\/nsf.pt\/index.php\/wp-json\/wp\/v2\/posts\/14979\/revisions\/14981"}],"wp:featuredmedia":[{"embeddable":true,"href":"https:\/\/nsf.pt\/index.php\/wp-json\/wp\/v2\/media\/14980"}],"wp:attachment":[{"href":"https:\/\/nsf.pt\/index.php\/wp-json\/wp\/v2\/media?parent=14979"}],"wp:term":[{"taxonomy":"category","embeddable":true,"href":"https:\/\/nsf.pt\/index.php\/wp-json\/wp\/v2\/categories?post=14979"},{"taxonomy":"post_tag","embeddable":true,"href":"https:\/\/nsf.pt\/index.php\/wp-json\/wp\/v2\/tags?post=14979"}],"curies":[{"name":"wp","href":"https:\/\/api.w.org\/{rel}","templated":true}]}}