{"id":15024,"date":"2025-10-02T10:20:37","date_gmt":"2025-10-02T10:20:37","guid":{"rendered":"https:\/\/nsf.pt\/?p=15024"},"modified":"2025-10-04T08:55:51","modified_gmt":"2025-10-04T08:55:51","slug":"autarquicas-2025-em-loule-hora-de-escrutinio","status":"publish","type":"post","link":"https:\/\/nsf.pt\/index.php\/2025\/10\/02\/autarquicas-2025-em-loule-hora-de-escrutinio\/","title":{"rendered":"Loul\u00e9, hora de escrut\u00ednio\u00a0"},"content":{"rendered":"\n<h2 class=\"wp-block-heading\">As elei\u00e7\u00f5es de 2025 n\u00e3o devem ser vistas como um fim, mas como um ponto de partida<\/h2>\n\n\n<div class=\"wp-block-post-date\"><time datetime=\"2025-10-02T10:20:37+00:00\">2 de Outubro, 2025<\/time><\/div>\n\n\n<figure class=\"wp-block-gallery has-nested-images columns-default is-cropped wp-block-gallery-1 is-layout-flex wp-block-gallery-is-layout-flex\">\n<figure class=\"wp-block-image size-large\"><img decoding=\"async\" loading=\"lazy\" width=\"1024\" height=\"106\" data-id=\"15028\" src=\"https:\/\/nsf.pt\/wp-content\/uploads\/2025\/10\/OLHARES-BANER-1024x106.jpg\" alt=\"\" class=\"wp-image-15028\" srcset=\"https:\/\/nsf.pt\/wp-content\/uploads\/2025\/10\/OLHARES-BANER-1024x106.jpg 1024w, https:\/\/nsf.pt\/wp-content\/uploads\/2025\/10\/OLHARES-BANER-300x31.jpg 300w, https:\/\/nsf.pt\/wp-content\/uploads\/2025\/10\/OLHARES-BANER-768x80.jpg 768w, https:\/\/nsf.pt\/wp-content\/uploads\/2025\/10\/OLHARES-BANER.jpg 1463w\" sizes=\"(max-width: 1024px) 100vw, 1024px\" \/><\/figure>\n<\/figure>\n\n\n\n<p><strong>DOSSI\u00ca NSF AUT\u00c1RQUICAS 2025 [1]<\/strong><\/p>\n\n\n\n<h3 class=\"wp-block-heading has-vivid-red-color has-text-color\">Por Ana Poeta&nbsp;<\/h3>\n\n\n\n<p>As elei\u00e7\u00f5es de 12 de outubro s\u00e3o uma oportunidade para que Loul\u00e9 escolha n\u00e3o apenas quem vai gerir o munic\u00edpio, mas como este ser\u00e1 gerido. N\u00e3o s\u00e3o apenas mais uma troca de nomes ou listas. S\u00e3o um momento de escrut\u00ednio, de nascimento de um novo ciclo pol\u00edtico: o fim da hegemonia PS \/ PSD e a necessidade de se aprender a governar sem maioria mas de forma concertada e de partilha democr\u00e1tica.&nbsp;<\/p>\n\n\n\n<h2 class=\"wp-block-heading\">O que est\u00e1 em jogo&nbsp;<\/h2>\n\n\n\n<p>O concelho tem hoje recursos sem precedentes \u2014 o or\u00e7amento municipal de Loul\u00e9 para 2025 \u00e9 o maior de sempre &#8211;&nbsp; 206 milh\u00f5es de euros &#8211;&nbsp; investimentos em sa\u00fade, habita\u00e7\u00e3o, cultura e ambiente. A verdade, por\u00e9m, \u00e9 que o sucesso or\u00e7amental n\u00e3o responde sozinho \u00e0s fragilidades estruturais e a abund\u00e2ncia or\u00e7amental n\u00e3o elimina as perguntas fundamentais:&nbsp;<\/p>\n\n\n\n<ul>\n<li>Quem beneficia dessas prioridades?&nbsp;<\/li>\n\n\n\n<li>Como se distribuem os recursos entre freguesias?&nbsp;<\/li>\n\n\n\n<li>Que voz t\u00eam os cidad\u00e3os no desenho dessas pol\u00edticas?&nbsp;<\/li>\n<\/ul>\n\n\n\n<h2 class=\"wp-block-heading\">As sombras do poder local&nbsp;<\/h2>\n\n\n\n<p>Por cada investimento anunciado, h\u00e1 perguntas que ficam no ar:&nbsp;<\/p>\n\n\n\n<ul class=\"has-luminous-vivid-amber-background-color has-background\">\n<li>Como se explicam milh\u00f5es gastos em festas e concertos sem relat\u00f3rios de impacto claros nem transpar\u00eancia nos contratos?&nbsp;<\/li>\n\n\n\n<li>Por que raz\u00e3o freguesias como Alte, Ameixial ou Salir continuam a sentir-se perif\u00e9ricas nas prioridades, enquanto Quarteira e Loul\u00e9 absorvem a maior parte da aten\u00e7\u00e3o pol\u00edtica?&nbsp;<\/li>\n\n\n\n<li>Que pol\u00edticas estruturadas t\u00eam sido criadas para fixar jovens, para apoiar quem trabalha em condi\u00e7\u00f5es prec\u00e1rias ou para responder ao envelhecimento acelerado da popula\u00e7\u00e3o?&nbsp;<br>&nbsp;<br><\/li>\n<\/ul>\n\n\n\n<p>\u00c9 aqui que a governa\u00e7\u00e3o mostra os seus limites: quando a comunica\u00e7\u00e3o \u00e9 mais eficaz do que a partilha de poder, e quando a pol\u00edtica local se torna espet\u00e1culo mais do que di\u00e1logo.&nbsp;<\/p>\n\n\n\n<p><\/p>\n\n\n\n<h2 class=\"wp-block-heading\">Continuar, mudar ou aprofundar?&nbsp;<\/h2>\n\n\n\n<p>\u00c9 natural que a continuidade seja uma for\u00e7a em Loul\u00e9: obras e investimentos anunciados, projetos em curso. \u00c9 igualmente natural que surjam propostas de mudan\u00e7a, de maior fiscaliza\u00e7\u00e3o, de reorganiza\u00e7\u00e3o de prioridades. Mas talvez o mais importante n\u00e3o seja colocar continuidade e mudan\u00e7a como termos opostos, e sim perguntar: o que precisamos aprofundar?&nbsp;<\/p>\n\n\n\n<p>A proximidade com as popula\u00e7\u00f5es, a escuta dos cidad\u00e3os, a justi\u00e7a territorial, a gest\u00e3o sustent\u00e1vel dos recursos \u2014 s\u00e3o \u00e1reas que n\u00e3o podem ficar ref\u00e9ns de ciclos eleitorais.&nbsp;<\/p>\n\n\n\n<h2 class=\"wp-block-heading\">O papel do cidad\u00e3o&nbsp;<\/h2>\n\n\n\n<p>A verdadeira quest\u00e3o das aut\u00e1rquicas \u00e9 at\u00e9 que ponto cada mun\u00edcipe se sente parte ativa do processo. Participar n\u00e3o \u00e9 apenas votar; \u00e9 acompanhar, questionar, propor, estar presente. Uma democracia local robusta precisa de cidad\u00e3os informados, cr\u00edticos e envolvidos.&nbsp;<\/p>\n\n\n\n<p>As elei\u00e7\u00f5es em Loul\u00e9 podem, assim, ser um exerc\u00edcio de renova\u00e7\u00e3o c\u00edvica. Independentemente da vit\u00f3ria de um partido ou coliga\u00e7\u00e3o, o resultado ser\u00e1 tanto mais saud\u00e1vel quanto maior for o debate p\u00fablico e a capacidade de envolver quem normalmente se sente afastado da pol\u00edtica.&nbsp;<\/p>\n\n\n\n<h2 class=\"wp-block-heading\">Um olhar para al\u00e9m das urnas&nbsp;<\/h2>\n\n\n\n<p>As elei\u00e7\u00f5es de 2025 n\u00e3o devem ser vistas como um fim, mas como um ponto de partida. O desafio n\u00e3o \u00e9 apenas escolher representantes, mas repensar que comunidade queremos construir nos pr\u00f3ximos anos:&nbsp;<\/p>\n\n\n\n<ul class=\"has-luminous-vivid-amber-background-color has-background\">\n<li>Uma comunidade que valorize a sustentabilidade ambiental e social. <\/li>\n\n\n\n<li>Uma comunidade onde a transpar\u00eancia seja regra, n\u00e3o exce\u00e7\u00e3o.<\/li>\n\n\n\n<li>Uma comunidade em que o poder pol\u00edtico se mantenha pr\u00f3ximo das pessoas e das suas realidades di\u00e1rias.&nbsp;<br>&nbsp;<br><\/li>\n<\/ul>\n\n\n\n<p>Loul\u00e9 tem todas as condi\u00e7\u00f5es para ser exemplo de governa\u00e7\u00e3o democr\u00e1tica no Algarve. A quest\u00e3o \u00e9 se teremos, coletivamente, a coragem de exigir e praticar essa democracia todos os dias.&nbsp;<\/p>\n\n\n\n<h2 class=\"wp-block-heading\">Conclus\u00e3o&nbsp;<\/h2>\n\n\n\n<p>Loul\u00e9 est\u00e1 num ponto decisivo. O concelho pode continuar a crescer apenas em n\u00fameros, em obras e em visibilidade, ou pode dar o salto qualitativo que a democracia local exige: mais transpar\u00eancia, mais equil\u00edbrio territorial e mais proximidade com os cidad\u00e3os.&nbsp;<\/p>\n\n\n\n<p>As elei\u00e7\u00f5es de 2025 n\u00e3o devem ser lidas apenas como um confronto entre partidos, mas como uma oportunidade de redefinir a rela\u00e7\u00e3o entre poder e comunidade. Porque o verdadeiro progresso mede-se n\u00e3o na obra feita, mas na confian\u00e7a constru\u00edda.<\/p>\n","protected":false},"excerpt":{"rendered":"<p>As elei\u00e7\u00f5es de 2025 n\u00e3o devem ser vistas como um fim, mas como um ponto&#8230;<\/p>\n","protected":false},"author":2,"featured_media":15029,"comment_status":"open","ping_status":"open","sticky":true,"template":"","format":"standard","meta":{"sfsi_plus_gutenberg_text_before_share":"","sfsi_plus_gutenberg_show_text_before_share":"","sfsi_plus_gutenberg_icon_type":"","sfsi_plus_gutenberg_icon_alignemt":"","sfsi_plus_gutenburg_max_per_row":"","ngg_post_thumbnail":0,"footnotes":""},"categories":[682,238,174],"tags":[692],"featured_image_urls":{"full":["https:\/\/nsf.pt\/wp-content\/uploads\/2025\/10\/ana.jpg",677,394,false],"thumbnail":["https:\/\/nsf.pt\/wp-content\/uploads\/2025\/10\/ana-150x150.jpg",150,150,true],"medium":["https:\/\/nsf.pt\/wp-content\/uploads\/2025\/10\/ana-300x175.jpg",300,175,true],"medium_large":["https:\/\/nsf.pt\/wp-content\/uploads\/2025\/10\/ana.jpg",640,372,false],"large":["https:\/\/nsf.pt\/wp-content\/uploads\/2025\/10\/ana.jpg",640,372,false],"1536x1536":["https:\/\/nsf.pt\/wp-content\/uploads\/2025\/10\/ana.jpg",677,394,false],"2048x2048":["https:\/\/nsf.pt\/wp-content\/uploads\/2025\/10\/ana.jpg",677,394,false],"covernews-slider-full":["https:\/\/nsf.pt\/wp-content\/uploads\/2025\/10\/ana.jpg",677,394,false],"covernews-slider-center":["https:\/\/nsf.pt\/wp-content\/uploads\/2025\/10\/ana.jpg",677,394,false],"covernews-featured":["https:\/\/nsf.pt\/wp-content\/uploads\/2025\/10\/ana.jpg",677,394,false],"covernews-medium":["https:\/\/nsf.pt\/wp-content\/uploads\/2025\/10\/ana-540x340.jpg",540,340,true],"covernews-medium-square":["https:\/\/nsf.pt\/wp-content\/uploads\/2025\/10\/ana-400x250.jpg",400,250,true]},"author_info":{"info":["Carlos Ribeiro"]},"category_info":"<a href=\"https:\/\/nsf.pt\/index.php\/category\/autarquicas-2025\/\" rel=\"category tag\">AUT\u00c1RQUICAS 2025<\/a> <a href=\"https:\/\/nsf.pt\/index.php\/category\/destaque\/\" rel=\"category tag\">DESTAQUE<\/a> <a href=\"https:\/\/nsf.pt\/index.php\/category\/especial-sf\/dossies\/\" rel=\"category tag\">DOSSI\u00caS<\/a>","tag_info":"DOSSI\u00caS","comment_count":"0","_links":{"self":[{"href":"https:\/\/nsf.pt\/index.php\/wp-json\/wp\/v2\/posts\/15024"}],"collection":[{"href":"https:\/\/nsf.pt\/index.php\/wp-json\/wp\/v2\/posts"}],"about":[{"href":"https:\/\/nsf.pt\/index.php\/wp-json\/wp\/v2\/types\/post"}],"author":[{"embeddable":true,"href":"https:\/\/nsf.pt\/index.php\/wp-json\/wp\/v2\/users\/2"}],"replies":[{"embeddable":true,"href":"https:\/\/nsf.pt\/index.php\/wp-json\/wp\/v2\/comments?post=15024"}],"version-history":[{"count":2,"href":"https:\/\/nsf.pt\/index.php\/wp-json\/wp\/v2\/posts\/15024\/revisions"}],"predecessor-version":[{"id":15087,"href":"https:\/\/nsf.pt\/index.php\/wp-json\/wp\/v2\/posts\/15024\/revisions\/15087"}],"wp:featuredmedia":[{"embeddable":true,"href":"https:\/\/nsf.pt\/index.php\/wp-json\/wp\/v2\/media\/15029"}],"wp:attachment":[{"href":"https:\/\/nsf.pt\/index.php\/wp-json\/wp\/v2\/media?parent=15024"}],"wp:term":[{"taxonomy":"category","embeddable":true,"href":"https:\/\/nsf.pt\/index.php\/wp-json\/wp\/v2\/categories?post=15024"},{"taxonomy":"post_tag","embeddable":true,"href":"https:\/\/nsf.pt\/index.php\/wp-json\/wp\/v2\/tags?post=15024"}],"curies":[{"name":"wp","href":"https:\/\/api.w.org\/{rel}","templated":true}]}}