{"id":15034,"date":"2025-10-02T12:07:21","date_gmt":"2025-10-02T12:07:21","guid":{"rendered":"https:\/\/nsf.pt\/?p=15034"},"modified":"2025-10-02T12:07:25","modified_gmt":"2025-10-02T12:07:25","slug":"solidariedade-e-um-profundo-agradecimento","status":"publish","type":"post","link":"https:\/\/nsf.pt\/index.php\/2025\/10\/02\/solidariedade-e-um-profundo-agradecimento\/","title":{"rendered":"Solidariedade e um profundo agradecimento"},"content":{"rendered":"\n<h2 class=\"wp-block-heading\">Um dia os nossos netos, quando aprenderem a hist\u00f3ria deste genoc\u00eddio, v\u00e3o-nos perguntar o que fizemos para o travar<\/h2>\n\n\n<div class=\"wp-block-post-date\"><time datetime=\"2025-10-02T12:07:21+00:00\">2 de Outubro, 2025<\/time><\/div>\n\n\n<h3 class=\"wp-block-heading\">Pedro Nuno Santos, <em>in Facebook<\/em><\/h3>\n\n\n\n<p>Solidariedade e um profundo agradecimento \u00e0 Mariana Mort\u00e1gua, \u00e0 Sofia Apar\u00edcio e ao Miguel Duarte por nos representarem com tanta bravura.<\/p>\n\n\n\n<p>Condena\u00e7\u00e3o, sem hesita\u00e7\u00f5es, de <a><\/a>Israel, que mais uma vez se comportou como um Estado que n\u00e3o respeita a lei e o direito internacional.<\/p>\n\n\n\n<p>Vergonha dos governos europeus que permitem tudo a Israel, inclusivamente que disponham de \u00e1guas internacionais, no mar mediterr\u00e2neo, como se fossem suas.<\/p>\n\n\n\n<p>Nojo dos coment\u00e1rios que tenho lido sobre estes ativistas e sobre a Mariana, em particular. Gente covarde, sem empatia, nem sentido de humanidade.<\/p>\n\n\n\n<p>Um dia os nossos netos, quando aprenderem a hist\u00f3ria deste genoc\u00eddio, v\u00e3o-nos perguntar o que fizemos para o travar. Infelizmente, a maioria esmagadora de n\u00f3s n\u00e3o saber\u00e1 como lhes responder. N\u00e3o ter\u00e1 nada para lhes dizer. Estes tr\u00eas portugueses, sim. Eles j\u00e1 fizeram mais do que qualquer um de n\u00f3s.<\/p>\n\n\n\n<p>H\u00e1 um povo a ser alvo de genoc\u00eddio, num territ\u00f3rio onde a ajuda humanit\u00e1ria n\u00e3o chega e onde milhares de crian\u00e7as s\u00e3o assassinadas e morrem de fome. \u00c9 nestas alturas que somos avaliados enquanto humanidade.<\/p>\n","protected":false},"excerpt":{"rendered":"<p>Um dia os nossos netos, quando aprenderem a hist\u00f3ria deste genoc\u00eddio, v\u00e3o-nos perguntar o que&#8230;<\/p>\n","protected":false},"author":2,"featured_media":15035,"comment_status":"open","ping_status":"open","sticky":true,"template":"","format":"standard","meta":{"sfsi_plus_gutenberg_text_before_share":"","sfsi_plus_gutenberg_show_text_before_share":"","sfsi_plus_gutenberg_icon_type":"","sfsi_plus_gutenberg_icon_alignemt":"","sfsi_plus_gutenburg_max_per_row":"","ngg_post_thumbnail":0,"footnotes":""},"categories":[467,443],"tags":[693],"featured_image_urls":{"full":["https:\/\/nsf.pt\/wp-content\/uploads\/2025\/10\/ps.jpg",664,419,false],"thumbnail":["https:\/\/nsf.pt\/wp-content\/uploads\/2025\/10\/ps-150x150.jpg",150,150,true],"medium":["https:\/\/nsf.pt\/wp-content\/uploads\/2025\/10\/ps-300x189.jpg",300,189,true],"medium_large":["https:\/\/nsf.pt\/wp-content\/uploads\/2025\/10\/ps.jpg",640,404,false],"large":["https:\/\/nsf.pt\/wp-content\/uploads\/2025\/10\/ps.jpg",640,404,false],"1536x1536":["https:\/\/nsf.pt\/wp-content\/uploads\/2025\/10\/ps.jpg",664,419,false],"2048x2048":["https:\/\/nsf.pt\/wp-content\/uploads\/2025\/10\/ps.jpg",664,419,false],"covernews-slider-full":["https:\/\/nsf.pt\/wp-content\/uploads\/2025\/10\/ps.jpg",664,419,false],"covernews-slider-center":["https:\/\/nsf.pt\/wp-content\/uploads\/2025\/10\/ps.jpg",664,419,false],"covernews-featured":["https:\/\/nsf.pt\/wp-content\/uploads\/2025\/10\/ps.jpg",664,419,false],"covernews-medium":["https:\/\/nsf.pt\/wp-content\/uploads\/2025\/10\/ps-540x340.jpg",540,340,true],"covernews-medium-square":["https:\/\/nsf.pt\/wp-content\/uploads\/2025\/10\/ps-400x250.jpg",400,250,true]},"author_info":{"info":["Carlos Ribeiro"]},"category_info":"<a href=\"https:\/\/nsf.pt\/index.php\/category\/na-hora\/\" rel=\"category tag\">NA HORA<\/a> <a href=\"https:\/\/nsf.pt\/index.php\/category\/palestina\/\" rel=\"category tag\">PALESTINA<\/a>","tag_info":"PALESTINA","comment_count":"0","_links":{"self":[{"href":"https:\/\/nsf.pt\/index.php\/wp-json\/wp\/v2\/posts\/15034"}],"collection":[{"href":"https:\/\/nsf.pt\/index.php\/wp-json\/wp\/v2\/posts"}],"about":[{"href":"https:\/\/nsf.pt\/index.php\/wp-json\/wp\/v2\/types\/post"}],"author":[{"embeddable":true,"href":"https:\/\/nsf.pt\/index.php\/wp-json\/wp\/v2\/users\/2"}],"replies":[{"embeddable":true,"href":"https:\/\/nsf.pt\/index.php\/wp-json\/wp\/v2\/comments?post=15034"}],"version-history":[{"count":1,"href":"https:\/\/nsf.pt\/index.php\/wp-json\/wp\/v2\/posts\/15034\/revisions"}],"predecessor-version":[{"id":15036,"href":"https:\/\/nsf.pt\/index.php\/wp-json\/wp\/v2\/posts\/15034\/revisions\/15036"}],"wp:featuredmedia":[{"embeddable":true,"href":"https:\/\/nsf.pt\/index.php\/wp-json\/wp\/v2\/media\/15035"}],"wp:attachment":[{"href":"https:\/\/nsf.pt\/index.php\/wp-json\/wp\/v2\/media?parent=15034"}],"wp:term":[{"taxonomy":"category","embeddable":true,"href":"https:\/\/nsf.pt\/index.php\/wp-json\/wp\/v2\/categories?post=15034"},{"taxonomy":"post_tag","embeddable":true,"href":"https:\/\/nsf.pt\/index.php\/wp-json\/wp\/v2\/tags?post=15034"}],"curies":[{"name":"wp","href":"https:\/\/api.w.org\/{rel}","templated":true}]}}