{"id":15084,"date":"2025-10-04T08:53:24","date_gmt":"2025-10-04T08:53:24","guid":{"rendered":"https:\/\/nsf.pt\/?p=15084"},"modified":"2025-10-04T08:53:55","modified_gmt":"2025-10-04T08:53:55","slug":"coimbra-tres-bloqueios-em-tempo-de-autarquicas","status":"publish","type":"post","link":"https:\/\/nsf.pt\/index.php\/2025\/10\/04\/coimbra-tres-bloqueios-em-tempo-de-autarquicas\/","title":{"rendered":"Coimbra: tr\u00eas bloqueios em tempo de aut\u00e1rquicas"},"content":{"rendered":"\n<h2 class=\"wp-block-heading\">A reden\u00e7\u00e3o de Coimbra estar\u00e1 no assumir de uma condi\u00e7\u00e3o plural, cosmopolita, moderna, dialogante e criativa<\/h2>\n\n\n\n<figure class=\"wp-block-gallery has-nested-images columns-default is-cropped wp-block-gallery-1 is-layout-flex wp-block-gallery-is-layout-flex\">\n<figure class=\"wp-block-image size-large\"><img decoding=\"async\" loading=\"lazy\" width=\"1024\" height=\"106\" data-id=\"15028\" src=\"https:\/\/nsf.pt\/wp-content\/uploads\/2025\/10\/OLHARES-BANER-1024x106.jpg\" alt=\"\" class=\"wp-image-15028\" srcset=\"https:\/\/nsf.pt\/wp-content\/uploads\/2025\/10\/OLHARES-BANER-1024x106.jpg 1024w, https:\/\/nsf.pt\/wp-content\/uploads\/2025\/10\/OLHARES-BANER-300x31.jpg 300w, https:\/\/nsf.pt\/wp-content\/uploads\/2025\/10\/OLHARES-BANER-768x80.jpg 768w, https:\/\/nsf.pt\/wp-content\/uploads\/2025\/10\/OLHARES-BANER.jpg 1463w\" sizes=\"(max-width: 1024px) 100vw, 1024px\" \/><\/figure>\n<\/figure>\n\n\n\n<p><strong>DOSSI\u00ca NSF AUT\u00c1RQUICAS 2025 [3]<\/strong><\/p>\n\n\n\n<h3 class=\"wp-block-heading has-vivid-red-color has-text-color\">por <strong>Rui Bebiano<\/strong><\/h3>\n\n\n\n<p><em>historiador, investigador<\/em><em> do CES e autor<\/em><\/p>\n\n\n\n<p><\/p>\n\n\n\n<p>Uma das grandes conquistas do nosso regime democr\u00e1tico constitucional \u00e9 a afirma\u00e7\u00e3o do poder aut\u00e1rquico. Sob a ditadura, al\u00e9m de n\u00e3o resultar de elei\u00e7\u00f5es livres e de estar fora do escrut\u00ednio p\u00fablico, quem o representava era escolhido pelo governo e controlado a partir da capital, detendo reduzida capacidade de decis\u00e3o e or\u00e7amentos sempre curtos, dependentes da interven\u00e7\u00e3o de figuras \u00abda terra\u00bb com poder, dinheiro e liga\u00e7\u00f5es a quem mandava. Mesmo reconhecendo que, em democracia, o poder aut\u00e1rquico foi por vezes discricion\u00e1rio, de vistas curtas e pouco transparente, ele jamais deixou de conter uma importante dose de dedica\u00e7\u00e3o, criatividade e proximidade, capaz de trazer claras melhorias \u00e0s popula\u00e7\u00f5es, aos seus lugares e \u00e0 sua vida.<\/p>\n\n\n\n<p>Coimbra, cidade onde basicamente resido desde outubro de 1969, n\u00e3o foge a esta mudan\u00e7a essencialmente positiva, sendo incompar\u00e1vel, numa confronta\u00e7\u00e3o que resulta positiva, a cidade que encontrei quando cheguei e aquela que hoje conhe\u00e7o. Por\u00e9m, este reconhecimento n\u00e3o impede a perce\u00e7\u00e3o de bloqueios muito persistentes, apontados por algumas vozes cr\u00edticas e revisitados a cada elei\u00e7\u00e3o aut\u00e1rquica, mas que t\u00eam permanecido por superar. Destaco tr\u00eas daqueles que, sob uma perspetiva macropol\u00edtica, me parecem mais prementes e adiados, e que importa ter em conta em processos de mudan\u00e7a voltados para uma cidade melhor, mais moderna, mais humanizada e mais feliz.<\/p>\n\n\n\n<p>O primeiro bloqueio \u00e9 o imposto por aquilo que, paradoxalmente, as for\u00e7as conservadoras consideram, de forma consciente, como positivo e identit\u00e1rio. <\/p>\n\n\n\n<blockquote class=\"wp-block-quote\">\n<p>A obsess\u00e3o doentia pela \u00abTradi\u00e7\u00e3o\u00bb e pelo \u00abPassado\u00bb, associada a um padr\u00e3o est\u00e1tico de \u00abimagin\u00e1rio coimbr\u00e3o\u00bb, tem sido fator inibidor da real moderniza\u00e7\u00e3o e de um progresso na pluralidade. <\/p>\n<\/blockquote>\n\n\n\n<p>Uma cidade moderna e livre pode e deve integrar os costumes, a hist\u00f3ria e a mem\u00f3ria, mas n\u00e3o fazer deles a sua permanente bandeira, exibida at\u00e9 \u00e0 n\u00e1usea, nem pode focar-se neles em detrimento de tudo o resto. Ali\u00e1s, esta tend\u00eancia negativa est\u00e1 ligada ao peso de um certo provincianismo, que subordina o universal ao local, e n\u00e3o o seu contr\u00e1rio, indispens\u00e1vel numa l\u00f3gica ousada e criadora de abertura ao mundo e \u00e0 contemporaneidade.<\/p>\n\n\n\n<p>O segundo bloqueio liga-se ao anterior e consiste na preserva\u00e7\u00e3o de um entendimento da popula\u00e7\u00e3o da cidade em fun\u00e7\u00e3o do antigo modelo, mantido durante s\u00e9culos, que a toma como basicamente espartilhada entre o universo universit\u00e1rio, os servi\u00e7os a este ligados e as popula\u00e7\u00f5es circundantes que o serviam. Apesar de na \u00faltimas d\u00e9cadas a cidade ter crescido muito na sua dimens\u00e3o f\u00edsica e na diversidade demogr\u00e1fica e social, este novo universo \u2013 onde se contam hoje numerosos estrangeiros, sejam estudantes ou trabalhadores, e uma forte presen\u00e7a de moradores que pernoitam nos bairros \u00abdormit\u00f3rios\u00bb \u2013 confronta-se ainda com uma sua representa\u00e7\u00e3o, e uma escolha das pol\u00edticas que a t\u00eam orientado, que subvaloriza esta nova e din\u00e2mica realidade.<\/p>\n\n\n\n<p>J\u00e1 o terceiro fator de bloqueio prende-se, uma vez mais como paradoxo, com as cont\u00ednuas dificuldades de relacionamento entre a Universidade e a urbe que a rodeia, de costas recorrentemente voltadas, por muito que, de quando em vez, declara\u00e7\u00f5es de inten\u00e7\u00e3o e iniciativas pontuais procurem negar ou desvalorizar a objetiva divis\u00e3o. <\/p>\n\n\n\n<blockquote class=\"wp-block-quote\">\n<p class=\"has-white-background-color has-background\">N\u00e3o \u00e9 desprovido de sentido dizer-se que esta possui uma origem traum\u00e1tica, associada ainda \u00e0 antiga e dolorosa interpreta\u00e7\u00e3o da cidade como um espa\u00e7o de conflito entre os aristocr\u00e1ticos acad\u00e9micos da colina da Torre e os populares \u00abfutricas\u00bb da beira-rio e arredores, <\/p>\n<\/blockquote>\n\n\n\n<p class=\"has-white-background-color has-background\">imagem que ainda influencia uma separa\u00e7\u00e3o vis\u00edvel at\u00e9 em dom\u00ednios como a atividade cultural, a autorrepresenta\u00e7\u00e3o e o desenho da imagem externa.<\/p>\n\n\n\n<p>Face a estes tr\u00eas bloqueios, a reden\u00e7\u00e3o de Coimbra estar\u00e1 no assumir de uma condi\u00e7\u00e3o plural, cosmopolita, moderna, dialogante e criativa, capaz de combinar a riqueza, a variedade e a capacidade de quem a habita, de quem a procura ou dela faz a cidade de elei\u00e7\u00e3o, de refer\u00eancia e de mem\u00f3ria. Libertando-se da nostalgia paralisante que a afoga no seu pr\u00f3prio passado e valorizando a vasta e aberta plan\u00edcie onde assentar\u00e1 o seu futuro. As elei\u00e7\u00f5es aut\u00e1rquicas s\u00e3o um momento importante para afirmar esta escolha.<\/p>\n\n\n\n<h4 class=\"wp-block-heading\"><em>[Publicado tamb\u00e9m no Di\u00e1rio das Beiras]<\/em><\/h4>\n","protected":false},"excerpt":{"rendered":"<p>A reden\u00e7\u00e3o de Coimbra estar\u00e1 no assumir de uma condi\u00e7\u00e3o plural, cosmopolita, moderna, dialogante e&#8230;<\/p>\n","protected":false},"author":2,"featured_media":15085,"comment_status":"open","ping_status":"open","sticky":true,"template":"","format":"standard","meta":{"sfsi_plus_gutenberg_text_before_share":"","sfsi_plus_gutenberg_show_text_before_share":"","sfsi_plus_gutenberg_icon_type":"","sfsi_plus_gutenberg_icon_alignemt":"","sfsi_plus_gutenburg_max_per_row":"","ngg_post_thumbnail":0,"footnotes":""},"categories":[682,238],"tags":[262],"featured_image_urls":{"full":["https:\/\/nsf.pt\/wp-content\/uploads\/2025\/10\/rui-b.jpg",978,522,false],"thumbnail":["https:\/\/nsf.pt\/wp-content\/uploads\/2025\/10\/rui-b-150x150.jpg",150,150,true],"medium":["https:\/\/nsf.pt\/wp-content\/uploads\/2025\/10\/rui-b-300x160.jpg",300,160,true],"medium_large":["https:\/\/nsf.pt\/wp-content\/uploads\/2025\/10\/rui-b-768x410.jpg",640,342,true],"large":["https:\/\/nsf.pt\/wp-content\/uploads\/2025\/10\/rui-b.jpg",640,342,false],"1536x1536":["https:\/\/nsf.pt\/wp-content\/uploads\/2025\/10\/rui-b.jpg",978,522,false],"2048x2048":["https:\/\/nsf.pt\/wp-content\/uploads\/2025\/10\/rui-b.jpg",978,522,false],"covernews-slider-full":["https:\/\/nsf.pt\/wp-content\/uploads\/2025\/10\/rui-b.jpg",978,522,false],"covernews-slider-center":["https:\/\/nsf.pt\/wp-content\/uploads\/2025\/10\/rui-b-800x500.jpg",800,500,true],"covernews-featured":["https:\/\/nsf.pt\/wp-content\/uploads\/2025\/10\/rui-b.jpg",978,522,false],"covernews-medium":["https:\/\/nsf.pt\/wp-content\/uploads\/2025\/10\/rui-b-540x340.jpg",540,340,true],"covernews-medium-square":["https:\/\/nsf.pt\/wp-content\/uploads\/2025\/10\/rui-b-400x250.jpg",400,250,true]},"author_info":{"info":["Carlos Ribeiro"]},"category_info":"<a href=\"https:\/\/nsf.pt\/index.php\/category\/autarquicas-2025\/\" rel=\"category tag\">AUT\u00c1RQUICAS 2025<\/a> <a href=\"https:\/\/nsf.pt\/index.php\/category\/destaque\/\" rel=\"category tag\">DESTAQUE<\/a>","tag_info":"DESTAQUE","comment_count":"0","_links":{"self":[{"href":"https:\/\/nsf.pt\/index.php\/wp-json\/wp\/v2\/posts\/15084"}],"collection":[{"href":"https:\/\/nsf.pt\/index.php\/wp-json\/wp\/v2\/posts"}],"about":[{"href":"https:\/\/nsf.pt\/index.php\/wp-json\/wp\/v2\/types\/post"}],"author":[{"embeddable":true,"href":"https:\/\/nsf.pt\/index.php\/wp-json\/wp\/v2\/users\/2"}],"replies":[{"embeddable":true,"href":"https:\/\/nsf.pt\/index.php\/wp-json\/wp\/v2\/comments?post=15084"}],"version-history":[{"count":1,"href":"https:\/\/nsf.pt\/index.php\/wp-json\/wp\/v2\/posts\/15084\/revisions"}],"predecessor-version":[{"id":15086,"href":"https:\/\/nsf.pt\/index.php\/wp-json\/wp\/v2\/posts\/15084\/revisions\/15086"}],"wp:featuredmedia":[{"embeddable":true,"href":"https:\/\/nsf.pt\/index.php\/wp-json\/wp\/v2\/media\/15085"}],"wp:attachment":[{"href":"https:\/\/nsf.pt\/index.php\/wp-json\/wp\/v2\/media?parent=15084"}],"wp:term":[{"taxonomy":"category","embeddable":true,"href":"https:\/\/nsf.pt\/index.php\/wp-json\/wp\/v2\/categories?post=15084"},{"taxonomy":"post_tag","embeddable":true,"href":"https:\/\/nsf.pt\/index.php\/wp-json\/wp\/v2\/tags?post=15084"}],"curies":[{"name":"wp","href":"https:\/\/api.w.org\/{rel}","templated":true}]}}