{"id":15088,"date":"2025-10-05T09:24:36","date_gmt":"2025-10-05T09:24:36","guid":{"rendered":"https:\/\/nsf.pt\/?p=15088"},"modified":"2025-10-05T09:28:42","modified_gmt":"2025-10-05T09:28:42","slug":"peticao-cambedo-da-raia-1946","status":"publish","type":"post","link":"https:\/\/nsf.pt\/index.php\/2025\/10\/05\/peticao-cambedo-da-raia-1946\/","title":{"rendered":"Peti\u00e7\u00e3o Cambedo da Raia 1946"},"content":{"rendered":"\n<h2 class=\"wp-block-heading\">Publicado livro sobre o processo da peti\u00e7\u00e3o e dos seus resultados<\/h2>\n\n\n\n<p class=\"has-vivid-red-color has-text-color\">LIVROS &#8211; MEM\u00d3RIAS VIVAS<\/p>\n\n\n\n<p><strong>O<\/strong> livro sobre a Peti\u00e7\u00e3o Cambedo da Raia 1946, que alguns jornalistas, historiadores e artistas apoiaram, j\u00e1 est\u00e1 \u00e0 venda no Porto e em Lisboa, nas entidades (tamb\u00e9m elas subscritoras e apoiantes):<\/p>\n\n\n\n<ul>\n<li>Cooperativa Livreira UNICEPE (Porto)<\/li>\n\n\n\n<li>Sindicato dos Professores do Norte (SPN) (Porto)<\/li>\n\n\n\n<li>Livraria Tigre de Papel (Lisboa)<\/li>\n\n\n\n<li>Sindicato de Professores da Grande Lisboa (SPGL)<\/li>\n<\/ul>\n\n\n\n<p>O livro tamb\u00e9m pode ser pedido diretamente para a Associa\u00e7\u00e3o Desportiva, Cultural e Recreativa do Cambedo da Raia, com a morada Rua Central, s\/ n\u00ba (antiga escola prim\u00e1ria), 5400-811 Vilarelho da Raia (Chaves), propriet\u00e1ria do livro (neste caso, o pre\u00e7o ser\u00e1 acrescido dos portes de correio).<\/p>\n\n\n\n<p>A Comiss\u00e3o Promotora da Peti\u00e7\u00e3o e a Associa\u00e7\u00e3o do Cambedo da Raia pretendem que esta publica\u00e7\u00e3o seja divulgada de forma ampla em todo o pa\u00eds.<\/p>\n\n\n\n<p>As duas entidades valorizam particularmente o apoio dado durante todo o processo &#8211; angaria\u00e7\u00e3o de subscritores presenciais e na plataforma, apresenta\u00e7\u00e3o e aprova\u00e7\u00e3o na Assembleia da Rep\u00fablica, inaugura\u00e7\u00e3o do Memorial na aldeia e edi\u00e7\u00e3o do livro da peti\u00e7\u00e3o &#8211;  apoio esse sem o qual teria sido feita justi\u00e7a ao povo cambedense.<\/p>\n\n\n\n<p>Fonte Jorge Martins &#8211; coordenador da Comiss\u00e3o Promotora da Peti\u00e7\u00e3o. Foto de destaque: Adri\u00e1n Est\u00e9vez<\/p>\n\n\n\n<p>Not\u00edcia<a href=\"https:\/\/jornaldechaves.pt\/noticia?id=5828\"> Jornal de Chaves<\/a><\/p>\n\n\n\n<figure class=\"wp-block-embed is-type-wp-embed is-provider-incorporacao wp-block-embed-incorporacao\" style=\"margin-top:var(--wp--preset--spacing--20);margin-right:0;margin-bottom:var(--wp--preset--spacing--20);margin-left:0\"><div class=\"wp-block-embed__wrapper\">\n<blockquote class=\"wp-embedded-content\" data-secret=\"5bSSSWFvYU\"><a href=\"https:\/\/nsf.pt\/index.php\/2024\/01\/07\/cambedo-da-raia-no-parlamento\/\">Cambedo da Raia no Parlamento<\/a><\/blockquote><iframe class=\"wp-embedded-content\" sandbox=\"allow-scripts\" security=\"restricted\" style=\"position: absolute; clip: rect(1px, 1px, 1px, 1px);\" title=\"&#8220;Cambedo da Raia no Parlamento&#8221; &#8212; \" src=\"https:\/\/nsf.pt\/index.php\/2024\/01\/07\/cambedo-da-raia-no-parlamento\/embed\/#?secret=4MQRfATiBe#?secret=5bSSSWFvYU\" data-secret=\"5bSSSWFvYU\" width=\"600\" height=\"338\" frameborder=\"0\" marginwidth=\"0\" marginheight=\"0\" scrolling=\"no\"><\/iframe>\n<\/div><\/figure>\n\n\n\n<div style=\"height:28px\" aria-hidden=\"true\" class=\"wp-block-spacer\"><\/div>\n\n\n\n<figure class=\"wp-block-gallery has-nested-images columns-default is-cropped wp-block-gallery-1 is-layout-flex wp-block-gallery-is-layout-flex\">\n<figure class=\"wp-block-image size-large\"><img decoding=\"async\" loading=\"lazy\" width=\"1024\" height=\"430\" data-id=\"15089\" src=\"https:\/\/nsf.pt\/wp-content\/uploads\/2025\/10\/CAMBEDO-CAPA-1024x430.jpg\" alt=\"\" class=\"wp-image-15089\" srcset=\"https:\/\/nsf.pt\/wp-content\/uploads\/2025\/10\/CAMBEDO-CAPA-1024x430.jpg 1024w, https:\/\/nsf.pt\/wp-content\/uploads\/2025\/10\/CAMBEDO-CAPA-300x126.jpg 300w, https:\/\/nsf.pt\/wp-content\/uploads\/2025\/10\/CAMBEDO-CAPA-768x322.jpg 768w, https:\/\/nsf.pt\/wp-content\/uploads\/2025\/10\/CAMBEDO-CAPA.jpg 1284w\" sizes=\"(max-width: 1024px) 100vw, 1024px\" \/><\/figure>\n<\/figure>\n","protected":false},"excerpt":{"rendered":"<p>Publicado livro sobre o processo da peti\u00e7\u00e3o e dos seus resultados LIVROS &#8211; MEM\u00d3RIAS VIVAS&#8230;<\/p>\n","protected":false},"author":2,"featured_media":15090,"comment_status":"open","ping_status":"open","sticky":true,"template":"","format":"standard","meta":{"sfsi_plus_gutenberg_text_before_share":"","sfsi_plus_gutenberg_show_text_before_share":"","sfsi_plus_gutenberg_icon_type":"","sfsi_plus_gutenberg_icon_alignemt":"","sfsi_plus_gutenburg_max_per_row":"","ngg_post_thumbnail":0,"footnotes":""},"categories":[238,450,240],"tags":[694],"featured_image_urls":{"full":["https:\/\/nsf.pt\/wp-content\/uploads\/2025\/10\/cambedo-foto.jpg",1354,796,false],"thumbnail":["https:\/\/nsf.pt\/wp-content\/uploads\/2025\/10\/cambedo-foto-150x150.jpg",150,150,true],"medium":["https:\/\/nsf.pt\/wp-content\/uploads\/2025\/10\/cambedo-foto-300x176.jpg",300,176,true],"medium_large":["https:\/\/nsf.pt\/wp-content\/uploads\/2025\/10\/cambedo-foto-768x451.jpg",640,376,true],"large":["https:\/\/nsf.pt\/wp-content\/uploads\/2025\/10\/cambedo-foto-1024x602.jpg",640,376,true],"1536x1536":["https:\/\/nsf.pt\/wp-content\/uploads\/2025\/10\/cambedo-foto.jpg",1354,796,false],"2048x2048":["https:\/\/nsf.pt\/wp-content\/uploads\/2025\/10\/cambedo-foto.jpg",1354,796,false],"covernews-slider-full":["https:\/\/nsf.pt\/wp-content\/uploads\/2025\/10\/cambedo-foto-1115x715.jpg",1115,715,true],"covernews-slider-center":["https:\/\/nsf.pt\/wp-content\/uploads\/2025\/10\/cambedo-foto-800x500.jpg",800,500,true],"covernews-featured":["https:\/\/nsf.pt\/wp-content\/uploads\/2025\/10\/cambedo-foto-1024x602.jpg",1024,602,true],"covernews-medium":["https:\/\/nsf.pt\/wp-content\/uploads\/2025\/10\/cambedo-foto-540x340.jpg",540,340,true],"covernews-medium-square":["https:\/\/nsf.pt\/wp-content\/uploads\/2025\/10\/cambedo-foto-400x250.jpg",400,250,true]},"author_info":{"info":["Carlos Ribeiro"]},"category_info":"<a href=\"https:\/\/nsf.pt\/index.php\/category\/destaque\/\" rel=\"category tag\">DESTAQUE<\/a> <a href=\"https:\/\/nsf.pt\/index.php\/category\/livros\/\" rel=\"category tag\">LIVROS<\/a> <a href=\"https:\/\/nsf.pt\/index.php\/category\/memorias-vivas\/\" rel=\"category tag\">MEM\u00d3RIAS VIVAS<\/a>","tag_info":"MEM\u00d3RIAS VIVAS","comment_count":"0","_links":{"self":[{"href":"https:\/\/nsf.pt\/index.php\/wp-json\/wp\/v2\/posts\/15088"}],"collection":[{"href":"https:\/\/nsf.pt\/index.php\/wp-json\/wp\/v2\/posts"}],"about":[{"href":"https:\/\/nsf.pt\/index.php\/wp-json\/wp\/v2\/types\/post"}],"author":[{"embeddable":true,"href":"https:\/\/nsf.pt\/index.php\/wp-json\/wp\/v2\/users\/2"}],"replies":[{"embeddable":true,"href":"https:\/\/nsf.pt\/index.php\/wp-json\/wp\/v2\/comments?post=15088"}],"version-history":[{"count":2,"href":"https:\/\/nsf.pt\/index.php\/wp-json\/wp\/v2\/posts\/15088\/revisions"}],"predecessor-version":[{"id":15093,"href":"https:\/\/nsf.pt\/index.php\/wp-json\/wp\/v2\/posts\/15088\/revisions\/15093"}],"wp:featuredmedia":[{"embeddable":true,"href":"https:\/\/nsf.pt\/index.php\/wp-json\/wp\/v2\/media\/15090"}],"wp:attachment":[{"href":"https:\/\/nsf.pt\/index.php\/wp-json\/wp\/v2\/media?parent=15088"}],"wp:term":[{"taxonomy":"category","embeddable":true,"href":"https:\/\/nsf.pt\/index.php\/wp-json\/wp\/v2\/categories?post=15088"},{"taxonomy":"post_tag","embeddable":true,"href":"https:\/\/nsf.pt\/index.php\/wp-json\/wp\/v2\/tags?post=15088"}],"curies":[{"name":"wp","href":"https:\/\/api.w.org\/{rel}","templated":true}]}}