{"id":15104,"date":"2025-10-06T10:55:32","date_gmt":"2025-10-06T10:55:32","guid":{"rendered":"https:\/\/nsf.pt\/?p=15104"},"modified":"2025-10-06T10:55:37","modified_gmt":"2025-10-06T10:55:37","slug":"nem-uma-palavra","status":"publish","type":"post","link":"https:\/\/nsf.pt\/index.php\/2025\/10\/06\/nem-uma-palavra\/","title":{"rendered":"Nem uma palavra"},"content":{"rendered":"\n<h2 class=\"wp-block-heading\">Jos\u00e9 Lu\u00eds Carneiro esteve em Alenquer a assobiar para o lado, mas o PS n\u00e3o pode ficar calado<\/h2>\n\n\n\n<h3 class=\"wp-block-heading has-vivid-red-color has-text-color\">por Carlos Valentim Ribeiro<\/h3>\n\n\n\n<p><strong>OPINI\u00c3O <\/strong><\/p>\n\n\n\n<p>Ontem \u00e0 noite, dia 5 de outubro, houve jantar republicano em Alenquer num centro de eventos, em Porto da Luz. Uma sala cheia com o PS em batalha aut\u00e1rquica em paragem for\u00e7ada, por respeito da tradi\u00e7\u00e3o da comemora\u00e7\u00e3o <em>sui generis <\/em>da Rep\u00fablica na vila e no concelho alenquerense e porque o Secret\u00e1rio-Geral do partido, Jos\u00e9 Lu\u00eds Carneiro, quis marcar presen\u00e7a no evento.<\/p>\n\n\n\n<p>\u00c0 mesma hora que aterravam em Lisboa quatro ativistas, Diogo Chaves, Sofia Apar\u00edcio, Mariana Mort\u00e1gua e Miguel Duarte, quatro cidad\u00e3os portugueses que participaram corajosamente na Flotilha Sumud Global para denunciar o genoc\u00eddio de milhares de palestinianos em Gaza e revelarem ao mundo que o Estado de Israel n\u00e3o permite uma ajuda humanit\u00e1ria a um povo que quer extinguir, Jos\u00e9 Lu\u00eds Carneiro tomava a palavra e iniciava um discurso ret\u00f3rico sobre a Rep\u00fablica, a Liberdade, a Igualdade e a Fraternidade.<\/p>\n\n\n\n<p>Sobre a luta do povo palestiniano e sobre as a\u00e7\u00f5es de solidariedade de milh\u00f5es de pessoas no mundo contra o genoc\u00eddio,<br>NEM UMA PALAVRA<\/p>\n\n\n\n<p>Sobre as declara\u00e7\u00f5es do ministro Nuno Melo classificando os ativistas portugueses da flotilha de terroristas de adeptos do Hamas, nem uma frase.<\/p>\n\n\n\n<p>Sobre a atua\u00e7\u00e3o hesitante e sempre a reboque dos acontecimentos do Ministro dos Neg\u00f3cios Estrangeiros, Paulo Rangel, nem uma condena\u00e7\u00e3o.<\/p>\n\n\n\n<p>Est\u00e1 enganado o atual Secret\u00e1rio-Geral do PS. Os socialistas est\u00e3o com a luta da Palestina pela autodetermina\u00e7\u00e3o e pela instala\u00e7\u00e3o do seu Estado aut\u00f3nomo como estiveram no passado ao lado dos movimentos de liberta\u00e7\u00e3o pela independ\u00eancia das col\u00f3nias. Os socialistas s\u00e3o profundamente anticolonialistas, n\u00e3o toleram a opress\u00e3o de um povo pela ocupa\u00e7\u00e3o do seu territ\u00f3rio e pela imposi\u00e7\u00e3o de interesses exteriores \u00e0 sua vontade.<\/p>\n\n\n\n<p>Jos\u00e9 Lu\u00eds Carneiro preferiu falar dos valores republicanos. Era oportuno, verdade seja dita. Mas a mensagem produzida sobre os temas que valorizam o \u201cesp\u00edrito republicano\u201d revelou um conjunto de equ\u00edvocos sobre o republicanismo em mat\u00e9ria de liberdade, igualdade e fraternidade. As refer\u00eancias ideol\u00f3gicas do atual Secret\u00e1rio-Geral do PS s\u00e3o mais pr\u00f3ximas da Teoria Social da Igreja e dos movimentos de crist\u00e3os pela justi\u00e7a social que do socialismo democr\u00e1tico. Carneiro n\u00e3o tem sequer ideia da necessidade, como afirmava Jean Jaur\u00e9s, de considerar a Rep\u00fablica como apenas um ponto de partida para a tarefa fundamental de construir uma sociedade baseada nos princ\u00edpios do socialismo. Demarcar-se do republicanismo tout court, designadamente do chauvinismo e da desigualdade de direitos em rela\u00e7\u00e3o \u00e0s mulheres, surge nos dias de hoje como um imperativo de qualquer socialista democr\u00e1tico.<\/p>\n\n\n\n<p>O que Jos\u00e9 Lu\u00eds Carneiro afirmou ontem em Alenquer, criticando liberais e neo-liberais de uma forma vaga e imprecisa, poderia ter sido dito por qualquer partido democr\u00e1tico que tamb\u00e9m reconhece os valores republicanos.<\/p>\n\n\n\n<p>Mas se a flotilha e a luta do povo palestiniano estiveram ausentes do discurso do Secret\u00e1rio-Geral do PS, a den\u00fancia das pol\u00edticas do governo da AD coligado informalmente com o partido da extrema-direita, e os graves problemas que est\u00e3o a resultar de uma governa\u00e7\u00e3o irrespons\u00e1vel, incompetente e dramaticamente comprometedora do futuro do pa\u00eds, nem sequer esteve no plano da interven\u00e7\u00e3o do l\u00edder do PS.<br>NEM UMA PALAVRA.<\/p>\n\n\n\n<p>Da mesma forma o partido protofascista Chega, com todas as situa\u00e7\u00f5es desviantes associadas \u00e0s elei\u00e7\u00f5es aut\u00e1rquicas que t\u00eam sido reveladas nos \u00faltimos tempos, n\u00e3o mereceram quaisquer coment\u00e1rios do orador. Sobre o Chega,<br>NEM UMA PALAVRA.<\/p>\n\n\n\n<p>O PS est\u00e1 a sofrer ao mesmo tempo que luta. Os milhares de militantes querem um relan\u00e7amento forte e entusi\u00e1stico do partido, mas como se costuma dizer, assim n\u00e3o vamos l\u00e1.<\/p>\n\n\n\n<p>Como se reclama por aqui \u201cUm Novo Impulso para Alenquer\u201d deveria ter o seu equivalente \u201cUm Novo Impulso para o PS\u201d para que o socialismo democr\u00e1tico seja a alternativa para o povo portugu\u00eas.<br><\/p>\n\n\n\n<p>Carlos Ribeiro, 6 de out.2025<\/p>\n\n\n\n<p><\/p>\n\n\n\n<figure class=\"wp-block-gallery has-nested-images columns-default is-cropped wp-block-gallery-1 is-layout-flex wp-block-gallery-is-layout-flex\">\n<figure class=\"wp-block-image size-large\"><img decoding=\"async\" loading=\"lazy\" width=\"1024\" height=\"768\" data-id=\"15106\" src=\"https:\/\/nsf.pt\/wp-content\/uploads\/2025\/10\/IMG_1708.jpg\" alt=\"\" class=\"wp-image-15106\" srcset=\"https:\/\/nsf.pt\/wp-content\/uploads\/2025\/10\/IMG_1708.jpg 1024w, https:\/\/nsf.pt\/wp-content\/uploads\/2025\/10\/IMG_1708-300x225.jpg 300w, https:\/\/nsf.pt\/wp-content\/uploads\/2025\/10\/IMG_1708-768x576.jpg 768w\" sizes=\"(max-width: 1024px) 100vw, 1024px\" \/><\/figure>\n\n\n\n<figure class=\"wp-block-image size-large\"><img decoding=\"async\" loading=\"lazy\" width=\"1024\" height=\"768\" data-id=\"15107\" src=\"https:\/\/nsf.pt\/wp-content\/uploads\/2025\/10\/IMG_1709.jpg\" alt=\"\" class=\"wp-image-15107\" srcset=\"https:\/\/nsf.pt\/wp-content\/uploads\/2025\/10\/IMG_1709.jpg 1024w, https:\/\/nsf.pt\/wp-content\/uploads\/2025\/10\/IMG_1709-300x225.jpg 300w, https:\/\/nsf.pt\/wp-content\/uploads\/2025\/10\/IMG_1709-768x576.jpg 768w\" sizes=\"(max-width: 1024px) 100vw, 1024px\" \/><\/figure>\n<\/figure>\n","protected":false},"excerpt":{"rendered":"<p>Jos\u00e9 Lu\u00eds Carneiro esteve em Alenquer a assobiar para o lado, mas o PS n\u00e3o&#8230;<\/p>\n","protected":false},"author":2,"featured_media":15105,"comment_status":"open","ping_status":"open","sticky":true,"template":"","format":"standard","meta":{"sfsi_plus_gutenberg_text_before_share":"","sfsi_plus_gutenberg_show_text_before_share":"","sfsi_plus_gutenberg_icon_type":"","sfsi_plus_gutenberg_icon_alignemt":"","sfsi_plus_gutenburg_max_per_row":"","ngg_post_thumbnail":0,"footnotes":""},"categories":[238,99],"tags":[492],"featured_image_urls":{"full":["https:\/\/nsf.pt\/wp-content\/uploads\/2025\/10\/IMG_1711-scaled.jpg",2560,1920,false],"thumbnail":["https:\/\/nsf.pt\/wp-content\/uploads\/2025\/10\/IMG_1711-150x150.jpg",150,150,true],"medium":["https:\/\/nsf.pt\/wp-content\/uploads\/2025\/10\/IMG_1711-300x225.jpg",300,225,true],"medium_large":["https:\/\/nsf.pt\/wp-content\/uploads\/2025\/10\/IMG_1711-768x576.jpg",640,480,true],"large":["https:\/\/nsf.pt\/wp-content\/uploads\/2025\/10\/IMG_1711-1024x768.jpg",640,480,true],"1536x1536":["https:\/\/nsf.pt\/wp-content\/uploads\/2025\/10\/IMG_1711-1536x1152.jpg",1536,1152,true],"2048x2048":["https:\/\/nsf.pt\/wp-content\/uploads\/2025\/10\/IMG_1711-2048x1536.jpg",2048,1536,true],"covernews-slider-full":["https:\/\/nsf.pt\/wp-content\/uploads\/2025\/10\/IMG_1711-1115x715.jpg",1115,715,true],"covernews-slider-center":["https:\/\/nsf.pt\/wp-content\/uploads\/2025\/10\/IMG_1711-800x500.jpg",800,500,true],"covernews-featured":["https:\/\/nsf.pt\/wp-content\/uploads\/2025\/10\/IMG_1711-1024x768.jpg",1024,768,true],"covernews-medium":["https:\/\/nsf.pt\/wp-content\/uploads\/2025\/10\/IMG_1711-540x340.jpg",540,340,true],"covernews-medium-square":["https:\/\/nsf.pt\/wp-content\/uploads\/2025\/10\/IMG_1711-400x250.jpg",400,250,true]},"author_info":{"info":["Carlos Ribeiro"]},"category_info":"<a href=\"https:\/\/nsf.pt\/index.php\/category\/destaque\/\" rel=\"category tag\">DESTAQUE<\/a> <a href=\"https:\/\/nsf.pt\/index.php\/category\/opiniao\/\" rel=\"category tag\">OPINI\u00c3O<\/a>","tag_info":"OPINI\u00c3O","comment_count":"0","_links":{"self":[{"href":"https:\/\/nsf.pt\/index.php\/wp-json\/wp\/v2\/posts\/15104"}],"collection":[{"href":"https:\/\/nsf.pt\/index.php\/wp-json\/wp\/v2\/posts"}],"about":[{"href":"https:\/\/nsf.pt\/index.php\/wp-json\/wp\/v2\/types\/post"}],"author":[{"embeddable":true,"href":"https:\/\/nsf.pt\/index.php\/wp-json\/wp\/v2\/users\/2"}],"replies":[{"embeddable":true,"href":"https:\/\/nsf.pt\/index.php\/wp-json\/wp\/v2\/comments?post=15104"}],"version-history":[{"count":1,"href":"https:\/\/nsf.pt\/index.php\/wp-json\/wp\/v2\/posts\/15104\/revisions"}],"predecessor-version":[{"id":15108,"href":"https:\/\/nsf.pt\/index.php\/wp-json\/wp\/v2\/posts\/15104\/revisions\/15108"}],"wp:featuredmedia":[{"embeddable":true,"href":"https:\/\/nsf.pt\/index.php\/wp-json\/wp\/v2\/media\/15105"}],"wp:attachment":[{"href":"https:\/\/nsf.pt\/index.php\/wp-json\/wp\/v2\/media?parent=15104"}],"wp:term":[{"taxonomy":"category","embeddable":true,"href":"https:\/\/nsf.pt\/index.php\/wp-json\/wp\/v2\/categories?post=15104"},{"taxonomy":"post_tag","embeddable":true,"href":"https:\/\/nsf.pt\/index.php\/wp-json\/wp\/v2\/tags?post=15104"}],"curies":[{"name":"wp","href":"https:\/\/api.w.org\/{rel}","templated":true}]}}