{"id":15116,"date":"2025-10-06T19:28:14","date_gmt":"2025-10-06T19:28:14","guid":{"rendered":"https:\/\/nsf.pt\/?p=15116"},"modified":"2025-10-06T19:28:19","modified_gmt":"2025-10-06T19:28:19","slug":"condeixa-a-nova-povo-envolve-te","status":"publish","type":"post","link":"https:\/\/nsf.pt\/index.php\/2025\/10\/06\/condeixa-a-nova-povo-envolve-te\/","title":{"rendered":"Condeixa-a-Nova &#8211; Povo, envolve-te!\u00a0"},"content":{"rendered":"\n<h2 class=\"wp-block-heading\">Cada debate em comunidade pode devolver \u00e0 pol\u00edtica a sua respira\u00e7\u00e3o humana<\/h2>\n\n\n\n<figure class=\"wp-block-gallery has-nested-images columns-default is-cropped wp-block-gallery-1 is-layout-flex wp-block-gallery-is-layout-flex\">\n<figure class=\"wp-block-image size-large\"><img decoding=\"async\" loading=\"lazy\" width=\"1024\" height=\"106\" data-id=\"15040\" src=\"https:\/\/nsf.pt\/wp-content\/uploads\/2025\/10\/OLHARES-BANER-1-1024x106.jpg\" alt=\"\" class=\"wp-image-15040\" srcset=\"https:\/\/nsf.pt\/wp-content\/uploads\/2025\/10\/OLHARES-BANER-1-1024x106.jpg 1024w, https:\/\/nsf.pt\/wp-content\/uploads\/2025\/10\/OLHARES-BANER-1-300x31.jpg 300w, https:\/\/nsf.pt\/wp-content\/uploads\/2025\/10\/OLHARES-BANER-1-768x80.jpg 768w, https:\/\/nsf.pt\/wp-content\/uploads\/2025\/10\/OLHARES-BANER-1.jpg 1463w\" sizes=\"(max-width: 1024px) 100vw, 1024px\" \/><\/figure>\n<\/figure>\n\n\n\n<p><strong>DOSSI\u00ca NSF AUT\u00c1RQUICAS 2025 [5]<\/strong><\/p>\n\n\n\n<h3 class=\"wp-block-heading has-vivid-red-color has-text-color\">por <strong>Lina Cl\u00e1udia de Oliveira\u00a0Santos<\/strong><\/h3>\n\n\n\n<p>A pol\u00edtica e as elei\u00e7\u00f5es aut\u00e1rquicas assumem a atualidade dos nossos dias. De promessas por cumprir e palavras gastas, diz o povo cansado.&nbsp;<\/p>\n\n\n\n<p>Mas, povo, n\u00e3o desvalorizes a pol\u00edtica: ela vive o teu dia, desde o pre\u00e7o do p\u00e3o ao transporte que chega atrasado, da sa\u00fade ao sil\u00eancio das assembleias locais, onde tantas vezes falta a tua voz.&nbsp;&nbsp;<\/p>\n\n\n\n<p>O que falta na pol\u00edtica n\u00e3o s\u00e3o ideias \u2014 \u00e9 a tua presen\u00e7a nela, com a tua opini\u00e3o, com o teu olhar. Escolhes um partido ou uma pessoa para te representar e, depois, desresponsabilizas-te, \u00e0 espera que fa\u00e7am tudo por ti.&nbsp;<\/p>\n\n\n\n<p>N\u00e3o, povo: deves fazer a tua parte diariamente, e n\u00e3o apenas nas elei\u00e7\u00f5es.&nbsp;<\/p>\n\n\n\n<p>A oportunidade de te reconciliares com a cidadania \u00e9 agora. O mundo exige que cada um de n\u00f3s se levante contra o \u00f3dio, o abuso de poder, o autoritarismo.&nbsp;<\/p>\n\n\n\n<p>Ou preferes tu, povo, regressar \u00e0 ditadura?&nbsp;<\/p>\n\n\n\n<p>A poucos dias das elei\u00e7\u00f5es aut\u00e1rquicas, vemos um emaranhado de interesses que n\u00e3o se traduzem em consensos. Falta empatia, falta saber escutar, falta respeito pelas opini\u00f5es.&nbsp;&nbsp;<\/p>\n\n\n\n<p>Em cada esquina, h\u00e1 um partido politico, parecem capelinhas, cada qual a defender a sua dama. N\u00e3o h\u00e1 encontro de ideias, apenas imposi\u00e7\u00f5es.&nbsp;<\/p>\n\n\n\n<p>E dentro dos pr\u00f3prios partidos? Raramente se respira democracia. Impera a soberba, escasseia a humildade, falta caminhar juntos pelo \u00fanico bem que importa: o bem do povo e do pa\u00eds. Muitos s\u00f3 querem ser donos da verdade e do poder.&nbsp;<\/p>\n\n\n\n<p>Povo, envolve-te!&nbsp;<\/p>\n\n\n\n<p>Mostra que tens opini\u00e3o, que sabes ler o mundo, que n\u00e3o te deixas enganar por promessas vazias. N\u00e3o te iludas com discursos f\u00e1ceis.&nbsp;<\/p>\n\n\n\n<blockquote class=\"wp-block-quote\">\n<p>Ou permitir\u00e1s que regresse o miser\u00e1vel lema \u201cDeus, P\u00e1tria e Fam\u00edlia\u201d, com palmat\u00f3ria, cintadas, ajoelhar-se no milho e chap\u00e9us de burro?&nbsp;&nbsp;<\/p>\n<\/blockquote>\n\n\n\n<p>\u00c9 isto que queres, tu povo de mem\u00f3ria curta?&nbsp;<\/p>\n\n\n\n<p>H\u00e1 povo que anda cego, mas todos sabemos o rumo que isto pode tomar. Acorda, povo!&nbsp;<\/p>\n\n\n\n<p>Lembra-te do Papa Francisco, filho e neto de emigrantes: acreditas que ele alguma vez aceitaria uma luta desmedida contra a migra\u00e7\u00e3o?&nbsp;<\/p>\n\n\n\n<p>A opress\u00e3o n\u00e3o \u00e9 destino.&nbsp;<\/p>\n\n\n\n<p>N\u00e3o se trata apenas de voltar \u00e0 escola, mas de aprender a ler o mundo com olhos cr\u00edticos, de reaprender a perguntar, de redescobrir o valor do di\u00e1logo.&nbsp;&nbsp;<\/p>\n\n\n\n<p>Em cada casa, em cada sala de aula, em cada fam\u00edlia, falemos do que foi viver em ditadura.&nbsp;&nbsp;<\/p>\n\n\n\n<p>S\u00f3 assim pode nascer uma consci\u00eancia nova.&nbsp;<\/p>\n\n\n\n<blockquote class=\"wp-block-quote\">\n<p>Cada debate em comunidade pode devolver \u00e0 pol\u00edtica a sua respira\u00e7\u00e3o humana.&nbsp;<\/p>\n<\/blockquote>\n\n\n\n<p>Num tempo em que a desinforma\u00e7\u00e3o corre veloz e as respostas f\u00e1ceis seduzem, precisamos de cidad\u00e3os que n\u00e3o se contentem com o imediato, mas que saibam questionar, comparar, escolher e ponderar.&nbsp;&nbsp;<\/p>\n\n\n\n<p>A democracia n\u00e3o vive de espectadores: precisa de participantes.&nbsp;<\/p>\n\n\n\n<p>Precisamos, juntos, de acender luzes no presente e lan\u00e7ar sementes no futuro, aprendendo com um passado que n\u00e3o queremos repetir nunca mais.&nbsp;<\/p>\n\n\n\n<p>Democracia \u00e9 verbo: s\u00f3 existe se a conjugares no presente.&nbsp;<\/p>\n\n\n\n<p>Povo, a tua voz \u00e9 o primeiro ato de liberdade.&nbsp;<\/p>\n","protected":false},"excerpt":{"rendered":"<p>Cada debate em comunidade pode devolver \u00e0 pol\u00edtica a sua respira\u00e7\u00e3o humana DOSSI\u00ca NSF AUT\u00c1RQUICAS&#8230;<\/p>\n","protected":false},"author":2,"featured_media":15117,"comment_status":"open","ping_status":"open","sticky":true,"template":"","format":"standard","meta":{"sfsi_plus_gutenberg_text_before_share":"","sfsi_plus_gutenberg_show_text_before_share":"","sfsi_plus_gutenberg_icon_type":"","sfsi_plus_gutenberg_icon_alignemt":"","sfsi_plus_gutenburg_max_per_row":"","ngg_post_thumbnail":0,"footnotes":""},"categories":[682,238],"tags":[],"featured_image_urls":{"full":["https:\/\/nsf.pt\/wp-content\/uploads\/2025\/10\/lina.jpg",936,627,false],"thumbnail":["https:\/\/nsf.pt\/wp-content\/uploads\/2025\/10\/lina-150x150.jpg",150,150,true],"medium":["https:\/\/nsf.pt\/wp-content\/uploads\/2025\/10\/lina-300x201.jpg",300,201,true],"medium_large":["https:\/\/nsf.pt\/wp-content\/uploads\/2025\/10\/lina-768x514.jpg",640,428,true],"large":["https:\/\/nsf.pt\/wp-content\/uploads\/2025\/10\/lina.jpg",640,429,false],"1536x1536":["https:\/\/nsf.pt\/wp-content\/uploads\/2025\/10\/lina.jpg",936,627,false],"2048x2048":["https:\/\/nsf.pt\/wp-content\/uploads\/2025\/10\/lina.jpg",936,627,false],"covernews-slider-full":["https:\/\/nsf.pt\/wp-content\/uploads\/2025\/10\/lina.jpg",936,627,false],"covernews-slider-center":["https:\/\/nsf.pt\/wp-content\/uploads\/2025\/10\/lina-800x500.jpg",800,500,true],"covernews-featured":["https:\/\/nsf.pt\/wp-content\/uploads\/2025\/10\/lina.jpg",936,627,false],"covernews-medium":["https:\/\/nsf.pt\/wp-content\/uploads\/2025\/10\/lina-540x340.jpg",540,340,true],"covernews-medium-square":["https:\/\/nsf.pt\/wp-content\/uploads\/2025\/10\/lina-400x250.jpg",400,250,true]},"author_info":{"info":["Carlos Ribeiro"]},"category_info":"<a href=\"https:\/\/nsf.pt\/index.php\/category\/autarquicas-2025\/\" rel=\"category tag\">AUT\u00c1RQUICAS 2025<\/a> <a href=\"https:\/\/nsf.pt\/index.php\/category\/destaque\/\" rel=\"category tag\">DESTAQUE<\/a>","tag_info":"DESTAQUE","comment_count":"0","_links":{"self":[{"href":"https:\/\/nsf.pt\/index.php\/wp-json\/wp\/v2\/posts\/15116"}],"collection":[{"href":"https:\/\/nsf.pt\/index.php\/wp-json\/wp\/v2\/posts"}],"about":[{"href":"https:\/\/nsf.pt\/index.php\/wp-json\/wp\/v2\/types\/post"}],"author":[{"embeddable":true,"href":"https:\/\/nsf.pt\/index.php\/wp-json\/wp\/v2\/users\/2"}],"replies":[{"embeddable":true,"href":"https:\/\/nsf.pt\/index.php\/wp-json\/wp\/v2\/comments?post=15116"}],"version-history":[{"count":1,"href":"https:\/\/nsf.pt\/index.php\/wp-json\/wp\/v2\/posts\/15116\/revisions"}],"predecessor-version":[{"id":15118,"href":"https:\/\/nsf.pt\/index.php\/wp-json\/wp\/v2\/posts\/15116\/revisions\/15118"}],"wp:featuredmedia":[{"embeddable":true,"href":"https:\/\/nsf.pt\/index.php\/wp-json\/wp\/v2\/media\/15117"}],"wp:attachment":[{"href":"https:\/\/nsf.pt\/index.php\/wp-json\/wp\/v2\/media?parent=15116"}],"wp:term":[{"taxonomy":"category","embeddable":true,"href":"https:\/\/nsf.pt\/index.php\/wp-json\/wp\/v2\/categories?post=15116"},{"taxonomy":"post_tag","embeddable":true,"href":"https:\/\/nsf.pt\/index.php\/wp-json\/wp\/v2\/tags?post=15116"}],"curies":[{"name":"wp","href":"https:\/\/api.w.org\/{rel}","templated":true}]}}