{"id":15123,"date":"2025-10-07T10:27:21","date_gmt":"2025-10-07T10:27:21","guid":{"rendered":"https:\/\/nsf.pt\/?p=15123"},"modified":"2025-10-07T10:27:53","modified_gmt":"2025-10-07T10:27:53","slug":"portalegre-independencias","status":"publish","type":"post","link":"https:\/\/nsf.pt\/index.php\/2025\/10\/07\/portalegre-independencias\/","title":{"rendered":"Portalegre, independ\u00eancias"},"content":{"rendered":"\n<h2 class=\"wp-block-heading\">Um(a) independente s\u00f3 o \u00e9 depois de nunca o ter querido ser , nem jamais o ter sido<\/h2>\n\n\n\n<figure class=\"wp-block-gallery has-nested-images columns-default is-cropped wp-block-gallery-1 is-layout-flex wp-block-gallery-is-layout-flex\">\n<figure class=\"wp-block-image size-large\"><img decoding=\"async\" loading=\"lazy\" width=\"1024\" height=\"106\" data-id=\"15028\" src=\"https:\/\/nsf.pt\/wp-content\/uploads\/2025\/10\/OLHARES-BANER-1024x106.jpg\" alt=\"\" class=\"wp-image-15028\" srcset=\"https:\/\/nsf.pt\/wp-content\/uploads\/2025\/10\/OLHARES-BANER-1024x106.jpg 1024w, https:\/\/nsf.pt\/wp-content\/uploads\/2025\/10\/OLHARES-BANER-300x31.jpg 300w, https:\/\/nsf.pt\/wp-content\/uploads\/2025\/10\/OLHARES-BANER-768x80.jpg 768w, https:\/\/nsf.pt\/wp-content\/uploads\/2025\/10\/OLHARES-BANER.jpg 1463w\" sizes=\"(max-width: 1024px) 100vw, 1024px\" \/><\/figure>\n<\/figure>\n\n\n\n<p><strong>DOSSI\u00ca NSF AUT\u00c1RQUICAS 2025 [7]<\/strong><\/p>\n\n\n\n<h3 class=\"wp-block-heading has-vivid-red-color has-text-color\">por Jo\u00e3o Barreta<\/h3>\n\n\n\n<p>Assistindo a mais um debate sobre as Aut\u00e1rquicas 2025, no caso de um concelho que me diz muito &#8211; Portalegre, retive a ideia de que <strong>uma candidatura livre e independente <\/strong>um movimento que se diz apartid\u00e1rio, nasceu de  certas e determinadas <strong>desintelig\u00eancias<\/strong>. \u00a0<\/p>\n\n\n\n<p>Mas, nesta mat\u00e9ria, se acham o Alentejo grande, a \u00c1rea Metropolitana de Lisboa \u00e9 bem maior, nesse tipo de desentendimentos!\u00a0<\/p>\n\n\n\n<p>Uma candidatura ou um(a) candidato(a) independente s\u00f3 aspira a tal <em>estatuto <\/em>por ter sido excessiva e demasiadamente dependente num passado mais ou menos recente.\u00a0<\/p>\n\n\n\n<p>Ali\u00e1s, se souberem de alguma candidatura independente, sem passado de dependente, por favor <strong>avisem-na,<\/strong> pois ser\u00e1 a mais feliz das excep\u00e7\u00f5es que apenas confirmar\u00e1 regra t\u00e3o infeliz.<\/p>\n","protected":false},"excerpt":{"rendered":"<p>Um(a) independente s\u00f3 o \u00e9 depois de nunca o ter querido ser , nem jamais&#8230;<\/p>\n","protected":false},"author":2,"featured_media":15124,"comment_status":"open","ping_status":"open","sticky":true,"template":"","format":"standard","meta":{"sfsi_plus_gutenberg_text_before_share":"","sfsi_plus_gutenberg_show_text_before_share":"","sfsi_plus_gutenberg_icon_type":"","sfsi_plus_gutenberg_icon_alignemt":"","sfsi_plus_gutenburg_max_per_row":"","ngg_post_thumbnail":0,"footnotes":""},"categories":[682,238],"tags":[698],"featured_image_urls":{"full":["https:\/\/nsf.pt\/wp-content\/uploads\/2025\/10\/joao-barreta.jpg",504,317,false],"thumbnail":["https:\/\/nsf.pt\/wp-content\/uploads\/2025\/10\/joao-barreta-150x150.jpg",150,150,true],"medium":["https:\/\/nsf.pt\/wp-content\/uploads\/2025\/10\/joao-barreta-300x189.jpg",300,189,true],"medium_large":["https:\/\/nsf.pt\/wp-content\/uploads\/2025\/10\/joao-barreta.jpg",504,317,false],"large":["https:\/\/nsf.pt\/wp-content\/uploads\/2025\/10\/joao-barreta.jpg",504,317,false],"1536x1536":["https:\/\/nsf.pt\/wp-content\/uploads\/2025\/10\/joao-barreta.jpg",504,317,false],"2048x2048":["https:\/\/nsf.pt\/wp-content\/uploads\/2025\/10\/joao-barreta.jpg",504,317,false],"covernews-slider-full":["https:\/\/nsf.pt\/wp-content\/uploads\/2025\/10\/joao-barreta.jpg",504,317,false],"covernews-slider-center":["https:\/\/nsf.pt\/wp-content\/uploads\/2025\/10\/joao-barreta.jpg",504,317,false],"covernews-featured":["https:\/\/nsf.pt\/wp-content\/uploads\/2025\/10\/joao-barreta.jpg",504,317,false],"covernews-medium":["https:\/\/nsf.pt\/wp-content\/uploads\/2025\/10\/joao-barreta.jpg",504,317,false],"covernews-medium-square":["https:\/\/nsf.pt\/wp-content\/uploads\/2025\/10\/joao-barreta-400x250.jpg",400,250,true]},"author_info":{"info":["Carlos Ribeiro"]},"category_info":"<a href=\"https:\/\/nsf.pt\/index.php\/category\/autarquicas-2025\/\" rel=\"category tag\">AUT\u00c1RQUICAS 2025<\/a> <a href=\"https:\/\/nsf.pt\/index.php\/category\/destaque\/\" rel=\"category tag\">DESTAQUE<\/a>","tag_info":"DESTAQUE","comment_count":"0","_links":{"self":[{"href":"https:\/\/nsf.pt\/index.php\/wp-json\/wp\/v2\/posts\/15123"}],"collection":[{"href":"https:\/\/nsf.pt\/index.php\/wp-json\/wp\/v2\/posts"}],"about":[{"href":"https:\/\/nsf.pt\/index.php\/wp-json\/wp\/v2\/types\/post"}],"author":[{"embeddable":true,"href":"https:\/\/nsf.pt\/index.php\/wp-json\/wp\/v2\/users\/2"}],"replies":[{"embeddable":true,"href":"https:\/\/nsf.pt\/index.php\/wp-json\/wp\/v2\/comments?post=15123"}],"version-history":[{"count":1,"href":"https:\/\/nsf.pt\/index.php\/wp-json\/wp\/v2\/posts\/15123\/revisions"}],"predecessor-version":[{"id":15125,"href":"https:\/\/nsf.pt\/index.php\/wp-json\/wp\/v2\/posts\/15123\/revisions\/15125"}],"wp:featuredmedia":[{"embeddable":true,"href":"https:\/\/nsf.pt\/index.php\/wp-json\/wp\/v2\/media\/15124"}],"wp:attachment":[{"href":"https:\/\/nsf.pt\/index.php\/wp-json\/wp\/v2\/media?parent=15123"}],"wp:term":[{"taxonomy":"category","embeddable":true,"href":"https:\/\/nsf.pt\/index.php\/wp-json\/wp\/v2\/categories?post=15123"},{"taxonomy":"post_tag","embeddable":true,"href":"https:\/\/nsf.pt\/index.php\/wp-json\/wp\/v2\/tags?post=15123"}],"curies":[{"name":"wp","href":"https:\/\/api.w.org\/{rel}","templated":true}]}}