{"id":15144,"date":"2025-10-07T21:16:56","date_gmt":"2025-10-07T21:16:56","guid":{"rendered":"https:\/\/nsf.pt\/?p=15144"},"modified":"2025-10-07T21:18:33","modified_gmt":"2025-10-07T21:18:33","slug":"curso-on-line-sobre-laboratorios-cidadaos","status":"publish","type":"post","link":"https:\/\/nsf.pt\/index.php\/2025\/10\/07\/curso-on-line-sobre-laboratorios-cidadaos\/","title":{"rendered":"Curso on-line sobre laborat\u00f3rios cidad\u00e3os"},"content":{"rendered":"\n<h2 class=\"wp-block-heading\">Como construir redes de colabora\u00e7\u00e3o<\/h2>\n\n\n\n<h3 class=\"wp-block-heading has-vivid-red-color has-text-color\">por Jos\u00e9 Carlos Mota<\/h3>\n\n\n\n<p>A Rede Ib\u00e9rica de Laborat\u00f3rios Cidad\u00e3os est\u00e1 a dar os primeiros passos. Inspirada pelo trabalho do Medialab Prado, pela arte e sensibilidade dos amigos Antonio Lafuente e Marcos Garc\u00eda, e pelas dezenas de projetos de inova\u00e7\u00e3o c\u00edvica de ambos os lados da fronteira que nos une, um grupo de organiza\u00e7\u00f5es est\u00e1 a lan\u00e7ar esta rede, que d\u00e1 in\u00edcio \u00e0 sua atividade com uma forma\u00e7\u00e3o on-line sobre laborat\u00f3rios cidad\u00e3os e sobre como construir redes de colabora\u00e7\u00e3o.<\/p>\n\n\n\n<p>\u00c9 um enorme orgulho e prazer fazer parte deste grupo. Se quiserem participar, inscrevam-se!<\/p>\n\n\n\n<p><a href=\"https:\/\/laortigacolectiva.net\/convocatoria-curso...\/...\">INFORMA\u00c7\u00c3O E INSCRI\u00c7\u00c3O<\/a><\/p>\n\n\n\n<p><\/p>\n\n\n\n<figure class=\"wp-block-gallery has-nested-images columns-default is-cropped wp-block-gallery-1 is-layout-flex wp-block-gallery-is-layout-flex\">\n<figure class=\"wp-block-image size-large\"><img decoding=\"async\" loading=\"lazy\" width=\"1000\" height=\"527\" data-id=\"15147\" src=\"https:\/\/nsf.pt\/wp-content\/uploads\/2025\/10\/cursos.jpg\" alt=\"\" class=\"wp-image-15147\" srcset=\"https:\/\/nsf.pt\/wp-content\/uploads\/2025\/10\/cursos.jpg 1000w, https:\/\/nsf.pt\/wp-content\/uploads\/2025\/10\/cursos-300x158.jpg 300w, https:\/\/nsf.pt\/wp-content\/uploads\/2025\/10\/cursos-768x405.jpg 768w\" sizes=\"(max-width: 1000px) 100vw, 1000px\" \/><\/figure>\n<\/figure>\n","protected":false},"excerpt":{"rendered":"<p>Como construir redes de colabora\u00e7\u00e3o por Jos\u00e9 Carlos Mota A Rede Ib\u00e9rica de Laborat\u00f3rios Cidad\u00e3os&#8230;<\/p>\n","protected":false},"author":2,"featured_media":15145,"comment_status":"open","ping_status":"open","sticky":true,"template":"","format":"standard","meta":{"sfsi_plus_gutenberg_text_before_share":"","sfsi_plus_gutenberg_show_text_before_share":"","sfsi_plus_gutenberg_icon_type":"","sfsi_plus_gutenberg_icon_alignemt":"","sfsi_plus_gutenburg_max_per_row":"","ngg_post_thumbnail":0,"footnotes":""},"categories":[207,700,622],"tags":[564],"featured_image_urls":{"full":["https:\/\/nsf.pt\/wp-content\/uploads\/2025\/10\/ORTIGA.jpg",850,531,false],"thumbnail":["https:\/\/nsf.pt\/wp-content\/uploads\/2025\/10\/ORTIGA-150x150.jpg",150,150,true],"medium":["https:\/\/nsf.pt\/wp-content\/uploads\/2025\/10\/ORTIGA-300x187.jpg",300,187,true],"medium_large":["https:\/\/nsf.pt\/wp-content\/uploads\/2025\/10\/ORTIGA-768x480.jpg",640,400,true],"large":["https:\/\/nsf.pt\/wp-content\/uploads\/2025\/10\/ORTIGA.jpg",640,400,false],"1536x1536":["https:\/\/nsf.pt\/wp-content\/uploads\/2025\/10\/ORTIGA.jpg",850,531,false],"2048x2048":["https:\/\/nsf.pt\/wp-content\/uploads\/2025\/10\/ORTIGA.jpg",850,531,false],"covernews-slider-full":["https:\/\/nsf.pt\/wp-content\/uploads\/2025\/10\/ORTIGA.jpg",850,531,false],"covernews-slider-center":["https:\/\/nsf.pt\/wp-content\/uploads\/2025\/10\/ORTIGA-800x500.jpg",800,500,true],"covernews-featured":["https:\/\/nsf.pt\/wp-content\/uploads\/2025\/10\/ORTIGA.jpg",850,531,false],"covernews-medium":["https:\/\/nsf.pt\/wp-content\/uploads\/2025\/10\/ORTIGA-540x340.jpg",540,340,true],"covernews-medium-square":["https:\/\/nsf.pt\/wp-content\/uploads\/2025\/10\/ORTIGA-400x250.jpg",400,250,true]},"author_info":{"info":["Carlos Ribeiro"]},"category_info":"<a href=\"https:\/\/nsf.pt\/index.php\/category\/agenda-2\/\" rel=\"category tag\">AGENDA<\/a> <a href=\"https:\/\/nsf.pt\/index.php\/category\/aprendizagens\/\" rel=\"category tag\">APRENDIZAGENS<\/a> <a href=\"https:\/\/nsf.pt\/index.php\/category\/o-mundo-em-transicao\/\" rel=\"category tag\">O MUNDO EM TRANSI\u00c7\u00c3O<\/a>","tag_info":"O MUNDO EM TRANSI\u00c7\u00c3O","comment_count":"0","_links":{"self":[{"href":"https:\/\/nsf.pt\/index.php\/wp-json\/wp\/v2\/posts\/15144"}],"collection":[{"href":"https:\/\/nsf.pt\/index.php\/wp-json\/wp\/v2\/posts"}],"about":[{"href":"https:\/\/nsf.pt\/index.php\/wp-json\/wp\/v2\/types\/post"}],"author":[{"embeddable":true,"href":"https:\/\/nsf.pt\/index.php\/wp-json\/wp\/v2\/users\/2"}],"replies":[{"embeddable":true,"href":"https:\/\/nsf.pt\/index.php\/wp-json\/wp\/v2\/comments?post=15144"}],"version-history":[{"count":4,"href":"https:\/\/nsf.pt\/index.php\/wp-json\/wp\/v2\/posts\/15144\/revisions"}],"predecessor-version":[{"id":15151,"href":"https:\/\/nsf.pt\/index.php\/wp-json\/wp\/v2\/posts\/15144\/revisions\/15151"}],"wp:featuredmedia":[{"embeddable":true,"href":"https:\/\/nsf.pt\/index.php\/wp-json\/wp\/v2\/media\/15145"}],"wp:attachment":[{"href":"https:\/\/nsf.pt\/index.php\/wp-json\/wp\/v2\/media?parent=15144"}],"wp:term":[{"taxonomy":"category","embeddable":true,"href":"https:\/\/nsf.pt\/index.php\/wp-json\/wp\/v2\/categories?post=15144"},{"taxonomy":"post_tag","embeddable":true,"href":"https:\/\/nsf.pt\/index.php\/wp-json\/wp\/v2\/tags?post=15144"}],"curies":[{"name":"wp","href":"https:\/\/api.w.org\/{rel}","templated":true}]}}