{"id":15152,"date":"2025-10-08T09:01:16","date_gmt":"2025-10-08T09:01:16","guid":{"rendered":"https:\/\/nsf.pt\/?p=15152"},"modified":"2025-10-08T09:13:30","modified_gmt":"2025-10-08T09:13:30","slug":"braga-promessas-mais-rapidas-que-o-metrobus","status":"publish","type":"post","link":"https:\/\/nsf.pt\/index.php\/2025\/10\/08\/braga-promessas-mais-rapidas-que-o-metrobus\/","title":{"rendered":"Braga, promessas mais r\u00e1pidas que o metrobus"},"content":{"rendered":"\n<h2 class=\"wp-block-heading\">Braga arrisca-se a continuar como est\u00e1: cidade vibrante, jovem, sim, mas ref\u00e9m de promessas que s\u00f3 funcionam em panfleto<\/h2>\n\n\n\n<figure class=\"wp-block-gallery has-nested-images columns-default is-cropped wp-block-gallery-1 is-layout-flex wp-block-gallery-is-layout-flex\">\n<figure class=\"wp-block-image size-large\"><img decoding=\"async\" loading=\"lazy\" width=\"1024\" height=\"106\" data-id=\"15095\" src=\"https:\/\/nsf.pt\/wp-content\/uploads\/2025\/10\/image-1024x106.png\" alt=\"\" class=\"wp-image-15095\" srcset=\"https:\/\/nsf.pt\/wp-content\/uploads\/2025\/10\/image-1024x106.png 1024w, https:\/\/nsf.pt\/wp-content\/uploads\/2025\/10\/image-300x31.png 300w, https:\/\/nsf.pt\/wp-content\/uploads\/2025\/10\/image-768x80.png 768w, https:\/\/nsf.pt\/wp-content\/uploads\/2025\/10\/image.png 1463w\" sizes=\"(max-width: 1024px) 100vw, 1024px\" \/><\/figure>\n<\/figure>\n\n\n\n<p><strong>DOSSI\u00ca NSF AUT\u00c1RQUICAS 2025 [8]<\/strong><\/p>\n\n\n\n<div style=\"height:15px\" aria-hidden=\"true\" class=\"wp-block-spacer\"><\/div>\n\n\n\n<h3 class=\"wp-block-heading has-vivid-red-color has-text-color\">por Rui A. S\u00e1<\/h3>\n\n\n\n<div style=\"height:18px\" aria-hidden=\"true\" class=\"wp-block-spacer\"><\/div>\n\n\n\n<p>Braga, o s\u00e9timo munic\u00edpio mais populoso do pa\u00eds, prepara-se para votar e, como sempre, os candidatos descobriram uma mina de ouro: a imagina\u00e7\u00e3o popular. O eleitorado, cansado de forames nas estradas e rendas de luxo em T2 sem varanda, \u00e9 bombardeado com an\u00fancios que fariam enrubescer qualquer ag\u00eancia de publicidade.<\/p>\n\n\n\n<div style=\"height:11px\" aria-hidden=\"true\" class=\"wp-block-spacer\"><\/div>\n\n\n\n<p><strong>PSD\/CDS\/PPM<\/strong><\/p>\n\n\n\n<p>Jo\u00e3o Rodrigues (PSD\/CDS\/PPM) aparece como o herdeiro natural de Ricardo Rio, que n\u00e3o se pode recandidatar, prometendo transportes gratuitos, circular urbana e espa\u00e7os verdes para todos. \u00c9 a velha receita, que junta uma pitada de obras vistosas e contas que <em>depois logo se veem<\/em>, <\/p>\n\n\n\n<blockquote class=\"wp-block-quote\">\n<p>apresentando um cat\u00e1logo t\u00e3o vasto que s\u00f3 faltaria incluir uma praia artificial no Sameiro.<\/p>\n<\/blockquote>\n\n\n\n<div style=\"height:11px\" aria-hidden=\"true\" class=\"wp-block-spacer\"><\/div>\n\n\n\n<p><strong>PS<\/strong><\/p>\n\n\n\n<p>Do lado do PS, que perdeu o basti\u00e3o em 2013, Ant\u00f3nio Braga regressa com pose de salvador, com metro de superf\u00edcie em vez do <em>metrobus<\/em> de Rio, promessa de habita\u00e7\u00e3o modular e at\u00e9 uma <em>\u00c1rea Metropolitana de Braga<\/em>, <\/p>\n\n\n\n<blockquote class=\"wp-block-quote\">\n<p>como se fosse poss\u00edvel decretar urbanismo \u00e0 mesa da esplanada<\/p>\n<\/blockquote>\n\n\n\n<p><\/p>\n\n\n\n<div style=\"height:11px\" aria-hidden=\"true\" class=\"wp-block-spacer\"><\/div>\n\n\n\n<p><strong>CHEGA<\/strong><\/p>\n\n\n\n<p>Filipe Aguiar (Chega) promete devolver \u201cidentidade\u201d \u00e0 cidade, reduzir impostos e ouvir os cidad\u00e3os \u201cna rua\u201d. <\/p>\n\n\n\n<blockquote class=\"wp-block-quote\">\n<p>Na pr\u00e1tica, uma esp\u00e9cie de democracia direta de megafone na m\u00e3o, \u00e0 boa maneira populista a que estamos habituados.<\/p>\n<\/blockquote>\n\n\n\n<div style=\"height:13px\" aria-hidden=\"true\" class=\"wp-block-spacer\"><\/div>\n\n\n\n<p><strong>INICIATIVA LIBERAL<\/strong><\/p>\n\n\n\n<p>A Iniciativa Liberal manda \u00e0 li\u00e7a Rui Rocha, que sonha Braga como \u201ccapital do Norte\u201d, com TGV, metro de superf\u00edcie e variantes rodovi\u00e1rias. O discurso \u00e9 de grande escala, mas a cidade pode n\u00e3o ter f\u00f4lego (nem or\u00e7amento) para sonhos que exigem o Estado central a reboque.<\/p>\n\n\n\n<div style=\"height:12px\" aria-hidden=\"true\" class=\"wp-block-spacer\"><\/div>\n\n\n\n<p><strong>INDEPENDENTE RICARDO SILVA<\/strong><\/p>\n\n\n\n<p>O independente Ricardo Silva (<em>Amar e Servir Braga<\/em>) apresenta 442 medidas <\/p>\n\n\n\n<blockquote class=\"wp-block-quote\">\n<p>\u2014 quatrocentas e quarenta e duas.<\/p>\n<\/blockquote>\n\n\n\n<p> \u00c9 o \u00fanico candidato cujo programa carece de \u00edndice remissivo.<\/p>\n\n\n\n<div style=\"height:13px\" aria-hidden=\"true\" class=\"wp-block-spacer\"><\/div>\n\n\n\n<p><strong>CDU E BE<\/strong><\/p>\n\n\n\n<p>E, claro, a CDU (Jo\u00e3o Baptista) e o BE (Ant\u00f3nio Lima) repetem a cassete que todos evitam \u2013 mas deveriam \u2013 mencionar: sem investimento p\u00fablico (real) em transportes e habita\u00e7\u00e3o, o resto n\u00e3o passa de confete eleitoral.<\/p>\n\n\n\n<div style=\"height:14px\" aria-hidden=\"true\" class=\"wp-block-spacer\"><\/div>\n\n\n\n<p>No fim, quase todos juram combater o <em>metrobus<\/em>, mas nenhum explica como financiar alternativas. Todos procuram resolver a habita\u00e7\u00e3o, mas n\u00e3o se mexe nos lucros da especula\u00e7\u00e3o. Braga arrisca-se a continuar como est\u00e1: cidade vibrante, jovem, sim, mas ref\u00e9m de promessas que s\u00f3 funcionam em panfleto, enquanto os cidad\u00e3os sofrem com lengalengas vagas, facilmente levadas pelo vento.<\/p>\n\n\n\n<p>Rui A. S\u00e1<\/p>\n\n\n\n<div style=\"height:40px\" aria-hidden=\"true\" class=\"wp-block-spacer\"><\/div>\n","protected":false},"excerpt":{"rendered":"<p>Braga arrisca-se a continuar como est\u00e1: cidade vibrante, jovem, sim, mas ref\u00e9m de promessas que&#8230;<\/p>\n","protected":false},"author":2,"featured_media":15154,"comment_status":"open","ping_status":"open","sticky":true,"template":"","format":"standard","meta":{"sfsi_plus_gutenberg_text_before_share":"","sfsi_plus_gutenberg_show_text_before_share":"","sfsi_plus_gutenberg_icon_type":"","sfsi_plus_gutenberg_icon_alignemt":"","sfsi_plus_gutenburg_max_per_row":"","ngg_post_thumbnail":0,"footnotes":""},"categories":[682,238],"tags":[701],"featured_image_urls":{"full":["https:\/\/nsf.pt\/wp-content\/uploads\/2025\/10\/rui-asa-2.jpg",824,351,false],"thumbnail":["https:\/\/nsf.pt\/wp-content\/uploads\/2025\/10\/rui-asa-2-150x150.jpg",150,150,true],"medium":["https:\/\/nsf.pt\/wp-content\/uploads\/2025\/10\/rui-asa-2-300x128.jpg",300,128,true],"medium_large":["https:\/\/nsf.pt\/wp-content\/uploads\/2025\/10\/rui-asa-2-768x327.jpg",640,273,true],"large":["https:\/\/nsf.pt\/wp-content\/uploads\/2025\/10\/rui-asa-2.jpg",640,273,false],"1536x1536":["https:\/\/nsf.pt\/wp-content\/uploads\/2025\/10\/rui-asa-2.jpg",824,351,false],"2048x2048":["https:\/\/nsf.pt\/wp-content\/uploads\/2025\/10\/rui-asa-2.jpg",824,351,false],"covernews-slider-full":["https:\/\/nsf.pt\/wp-content\/uploads\/2025\/10\/rui-asa-2.jpg",824,351,false],"covernews-slider-center":["https:\/\/nsf.pt\/wp-content\/uploads\/2025\/10\/rui-asa-2-800x351.jpg",800,351,true],"covernews-featured":["https:\/\/nsf.pt\/wp-content\/uploads\/2025\/10\/rui-asa-2.jpg",824,351,false],"covernews-medium":["https:\/\/nsf.pt\/wp-content\/uploads\/2025\/10\/rui-asa-2-540x340.jpg",540,340,true],"covernews-medium-square":["https:\/\/nsf.pt\/wp-content\/uploads\/2025\/10\/rui-asa-2-400x250.jpg",400,250,true]},"author_info":{"info":["Carlos Ribeiro"]},"category_info":"<a href=\"https:\/\/nsf.pt\/index.php\/category\/autarquicas-2025\/\" rel=\"category tag\">AUT\u00c1RQUICAS 2025<\/a> <a href=\"https:\/\/nsf.pt\/index.php\/category\/destaque\/\" rel=\"category tag\">DESTAQUE<\/a>","tag_info":"DESTAQUE","comment_count":"0","_links":{"self":[{"href":"https:\/\/nsf.pt\/index.php\/wp-json\/wp\/v2\/posts\/15152"}],"collection":[{"href":"https:\/\/nsf.pt\/index.php\/wp-json\/wp\/v2\/posts"}],"about":[{"href":"https:\/\/nsf.pt\/index.php\/wp-json\/wp\/v2\/types\/post"}],"author":[{"embeddable":true,"href":"https:\/\/nsf.pt\/index.php\/wp-json\/wp\/v2\/users\/2"}],"replies":[{"embeddable":true,"href":"https:\/\/nsf.pt\/index.php\/wp-json\/wp\/v2\/comments?post=15152"}],"version-history":[{"count":4,"href":"https:\/\/nsf.pt\/index.php\/wp-json\/wp\/v2\/posts\/15152\/revisions"}],"predecessor-version":[{"id":15160,"href":"https:\/\/nsf.pt\/index.php\/wp-json\/wp\/v2\/posts\/15152\/revisions\/15160"}],"wp:featuredmedia":[{"embeddable":true,"href":"https:\/\/nsf.pt\/index.php\/wp-json\/wp\/v2\/media\/15154"}],"wp:attachment":[{"href":"https:\/\/nsf.pt\/index.php\/wp-json\/wp\/v2\/media?parent=15152"}],"wp:term":[{"taxonomy":"category","embeddable":true,"href":"https:\/\/nsf.pt\/index.php\/wp-json\/wp\/v2\/categories?post=15152"},{"taxonomy":"post_tag","embeddable":true,"href":"https:\/\/nsf.pt\/index.php\/wp-json\/wp\/v2\/tags?post=15152"}],"curies":[{"name":"wp","href":"https:\/\/api.w.org\/{rel}","templated":true}]}}