{"id":15212,"date":"2025-10-14T13:26:20","date_gmt":"2025-10-14T13:26:20","guid":{"rendered":"https:\/\/nsf.pt\/?p=15212"},"modified":"2025-10-19T20:50:04","modified_gmt":"2025-10-19T20:50:04","slug":"reinventar-a-esquerda-e-a-sua-acao-politica-e-urgente","status":"publish","type":"post","link":"https:\/\/nsf.pt\/index.php\/2025\/10\/14\/reinventar-a-esquerda-e-a-sua-acao-politica-e-urgente\/","title":{"rendered":"Reinventar a esquerda e a sua a\u00e7\u00e3o pol\u00edtica \u00e9 urgente"},"content":{"rendered":"\n<h2 class=\"wp-block-heading\"> Falta \u00e0 esquerda portuguesa energia e discernimento<\/h2>\n\n\n\n<p><\/p>\n\n\n\n<figure class=\"wp-block-gallery has-nested-images columns-default is-cropped wp-block-gallery-1 is-layout-flex wp-block-gallery-is-layout-flex\">\n<figure class=\"wp-block-image size-large\"><img decoding=\"async\" loading=\"lazy\" width=\"1024\" height=\"221\" data-id=\"15174\" src=\"https:\/\/nsf.pt\/wp-content\/uploads\/2025\/10\/BANER-AUTARQUICAS-1024x221.jpg\" alt=\"\" class=\"wp-image-15174\" srcset=\"https:\/\/nsf.pt\/wp-content\/uploads\/2025\/10\/BANER-AUTARQUICAS-1024x221.jpg 1024w, https:\/\/nsf.pt\/wp-content\/uploads\/2025\/10\/BANER-AUTARQUICAS-300x65.jpg 300w, https:\/\/nsf.pt\/wp-content\/uploads\/2025\/10\/BANER-AUTARQUICAS-768x165.jpg 768w, https:\/\/nsf.pt\/wp-content\/uploads\/2025\/10\/BANER-AUTARQUICAS.jpg 1500w\" sizes=\"(max-width: 1024px) 100vw, 1024px\" \/><\/figure>\n<\/figure>\n\n\n\n<p><strong>DOSSI\u00ca NSF AUT\u00c1RQUICAS 2025 [12]<\/strong><\/p>\n\n\n\n<div style=\"height:28px\" aria-hidden=\"true\" class=\"wp-block-spacer\"><\/div>\n\n\n\n<h3 class=\"wp-block-heading has-vivid-red-color has-text-color\">por Lu\u00eds Mesquita<\/h3>\n\n\n\n<h3 class=\"wp-block-heading\">Notas sobre as elei\u00e7\u00f5es aut\u00e1rquicas de 12 de Outubro.\u00a0<\/h3>\n\n\n\n<p>1. A esquerda n\u00e3o disputou verdadeiramente as duas principais cidades do pa\u00eds. No Porto, a candidatura de Pizarro ficou menos de 2 mil votos atr\u00e1s da candidatura de unidade de todos os partidos de direita liderada por Pedro Duarte. A CDU, o BE, o Livre, o PAN concorreram sozinhos. Os votos de qualquer um deles seria suficiente para retirar \u00e0 direita a presid\u00eancia da C\u00e2mara, 24 anos depois!! Em Lisboa, Alexandra Leit\u00e3o ficou 20 mil votos atr\u00e1s de Moedas. A CDU concorreu sozinha. Os votos da CDU seriam suficientes para derrotar Moedas. Jo\u00e3o Ferreira poderia ser nesta altura o Vice-Presidente da CML, proposta que recusou.\u00a0<\/p>\n\n\n\n<p>2. A esquerda portuguesa atravessa um per\u00edodo de enorme desorienta\u00e7\u00e3o. Ningu\u00e9m percebe a estrat\u00e9gia dos diferentes partidos. Num quadro muito dif\u00edcil de despolitiza\u00e7\u00e3o e de manipula\u00e7\u00e3o do eleitorado, particularmente dos jovens, falta \u00e0 esquerda portuguesa energia e discernimento. Desperdi\u00e7a oportunidades de forma inacredit\u00e1vel como estas duas de entregar Porto e Lisboa \u00e0 direita. Objetivamente, a esquerda portuguesa fez exatamente o que convinha \u00e0 direita nas duas cidades. Se a CDU se juntasse \u00e0 candidatura de unidade de esquerda em Lisboa, como j\u00e1 fez noutras ocasi\u00f5es, Moedas n\u00e3o seria hoje Presidente da C\u00e2mara. Era preciso que a CDU n\u00e3o se juntasse para Moedas poder voltar a ganhar. E foi exatamente isso que se fez, foi esse o servi\u00e7o que lhes prestamos. E no Porto, escandalosamente, nenhum dos partidos de esquerda se poderia juntar \u00e0 candidatura socialista, para Pedro Duarte, como Rui Rio h\u00e1 24 anos, cantar vit\u00f3ria sem saber muito bem como! E foi exatamente isso que fizemos!&nbsp;<\/p>\n\n\n\n<p>3. Qual \u00e9 a credibilidade desta esquerda? Que confian\u00e7a d\u00e1 aos cidad\u00e3os e aos eleitores? Que utilidade tem como instrumento de disputa e de exerc\u00edcio do poder? E quem s\u00e3o os iluminados nas dire\u00e7\u00f5es dos diferentes partidos que definem tais estrat\u00e9gias absurdas e contr\u00e1rias ao interesse p\u00fablico e particularmente aos interesses dos mais desfavorecidos que supostamente representam? Eis a encruzilhada em que nos encontramos! Uma coisa \u00e9 certa: este n\u00e3o \u00e9 o caminho! Reinventar a esquerda e a sua a\u00e7\u00e3o pol\u00edtica \u00e9 urgente. Parafraseando o poeta, podemos n\u00e3o saber para onde vamos mas sabemos que n\u00e3o \u00e9 por aqui!\u00a0<\/p>\n\n\n\n<div style=\"height:90px\" aria-hidden=\"true\" class=\"wp-block-spacer\"><\/div>\n","protected":false},"excerpt":{"rendered":"<p>Falta \u00e0 esquerda portuguesa energia e discernimento DOSSI\u00ca NSF AUT\u00c1RQUICAS 2025 [12] por Lu\u00eds Mesquita&#8230;<\/p>\n","protected":false},"author":2,"featured_media":15162,"comment_status":"open","ping_status":"open","sticky":true,"template":"","format":"standard","meta":{"sfsi_plus_gutenberg_text_before_share":"","sfsi_plus_gutenberg_show_text_before_share":"","sfsi_plus_gutenberg_icon_type":"","sfsi_plus_gutenberg_icon_alignemt":"","sfsi_plus_gutenburg_max_per_row":"","ngg_post_thumbnail":0,"footnotes":""},"categories":[682,238,528],"tags":[702],"featured_image_urls":{"full":["https:\/\/nsf.pt\/wp-content\/uploads\/2025\/10\/luis-mestquta.jpg",765,459,false],"thumbnail":["https:\/\/nsf.pt\/wp-content\/uploads\/2025\/10\/luis-mestquta-150x150.jpg",150,150,true],"medium":["https:\/\/nsf.pt\/wp-content\/uploads\/2025\/10\/luis-mestquta-300x180.jpg",300,180,true],"medium_large":["https:\/\/nsf.pt\/wp-content\/uploads\/2025\/10\/luis-mestquta.jpg",640,384,false],"large":["https:\/\/nsf.pt\/wp-content\/uploads\/2025\/10\/luis-mestquta.jpg",640,384,false],"1536x1536":["https:\/\/nsf.pt\/wp-content\/uploads\/2025\/10\/luis-mestquta.jpg",765,459,false],"2048x2048":["https:\/\/nsf.pt\/wp-content\/uploads\/2025\/10\/luis-mestquta.jpg",765,459,false],"covernews-slider-full":["https:\/\/nsf.pt\/wp-content\/uploads\/2025\/10\/luis-mestquta.jpg",765,459,false],"covernews-slider-center":["https:\/\/nsf.pt\/wp-content\/uploads\/2025\/10\/luis-mestquta.jpg",765,459,false],"covernews-featured":["https:\/\/nsf.pt\/wp-content\/uploads\/2025\/10\/luis-mestquta.jpg",765,459,false],"covernews-medium":["https:\/\/nsf.pt\/wp-content\/uploads\/2025\/10\/luis-mestquta-540x340.jpg",540,340,true],"covernews-medium-square":["https:\/\/nsf.pt\/wp-content\/uploads\/2025\/10\/luis-mestquta-400x250.jpg",400,250,true]},"author_info":{"info":["Carlos Ribeiro"]},"category_info":"<a href=\"https:\/\/nsf.pt\/index.php\/category\/autarquicas-2025\/\" rel=\"category tag\">AUT\u00c1RQUICAS 2025<\/a> <a href=\"https:\/\/nsf.pt\/index.php\/category\/destaque\/\" rel=\"category tag\">DESTAQUE<\/a> <a href=\"https:\/\/nsf.pt\/index.php\/category\/o-debate-na-esquerda\/\" rel=\"category tag\">O DEBATE NA ESQUERDA<\/a>","tag_info":"O DEBATE NA ESQUERDA","comment_count":"0","_links":{"self":[{"href":"https:\/\/nsf.pt\/index.php\/wp-json\/wp\/v2\/posts\/15212"}],"collection":[{"href":"https:\/\/nsf.pt\/index.php\/wp-json\/wp\/v2\/posts"}],"about":[{"href":"https:\/\/nsf.pt\/index.php\/wp-json\/wp\/v2\/types\/post"}],"author":[{"embeddable":true,"href":"https:\/\/nsf.pt\/index.php\/wp-json\/wp\/v2\/users\/2"}],"replies":[{"embeddable":true,"href":"https:\/\/nsf.pt\/index.php\/wp-json\/wp\/v2\/comments?post=15212"}],"version-history":[{"count":1,"href":"https:\/\/nsf.pt\/index.php\/wp-json\/wp\/v2\/posts\/15212\/revisions"}],"predecessor-version":[{"id":15213,"href":"https:\/\/nsf.pt\/index.php\/wp-json\/wp\/v2\/posts\/15212\/revisions\/15213"}],"wp:featuredmedia":[{"embeddable":true,"href":"https:\/\/nsf.pt\/index.php\/wp-json\/wp\/v2\/media\/15162"}],"wp:attachment":[{"href":"https:\/\/nsf.pt\/index.php\/wp-json\/wp\/v2\/media?parent=15212"}],"wp:term":[{"taxonomy":"category","embeddable":true,"href":"https:\/\/nsf.pt\/index.php\/wp-json\/wp\/v2\/categories?post=15212"},{"taxonomy":"post_tag","embeddable":true,"href":"https:\/\/nsf.pt\/index.php\/wp-json\/wp\/v2\/tags?post=15212"}],"curies":[{"name":"wp","href":"https:\/\/api.w.org\/{rel}","templated":true}]}}