{"id":15285,"date":"2025-10-21T07:15:26","date_gmt":"2025-10-21T07:15:26","guid":{"rendered":"https:\/\/nsf.pt\/?p=15285"},"modified":"2025-10-21T07:15:57","modified_gmt":"2025-10-21T07:15:57","slug":"a-faca-afiada-e-o-cerebro","status":"publish","type":"post","link":"https:\/\/nsf.pt\/index.php\/2025\/10\/21\/a-faca-afiada-e-o-cerebro\/","title":{"rendered":"A faca afiada e o c\u00e9rebro"},"content":{"rendered":"\n<h2 class=\"wp-block-heading\">Uma met\u00e1fora sobre a mudan\u00e7a e as nossas formas de agir<\/h2>\n\n\n\n<div style=\"height:26px\" aria-hidden=\"true\" class=\"wp-block-spacer\"><\/div>\n\n\n\n<h3 class=\"wp-block-heading has-vivid-red-color has-text-color\">Por Manuela Matos Monteiro<\/h3>\n\n\n\n<figure class=\"wp-block-image size-full is-resized\"><img decoding=\"async\" loading=\"lazy\" width=\"612\" height=\"680\" src=\"https:\/\/nsf.pt\/wp-content\/uploads\/2025\/08\/manu2.jpg\" alt=\"\" class=\"wp-image-14556\" style=\"aspect-ratio:0.9;width:115px;height:auto\" srcset=\"https:\/\/nsf.pt\/wp-content\/uploads\/2025\/08\/manu2.jpg 612w, https:\/\/nsf.pt\/wp-content\/uploads\/2025\/08\/manu2-270x300.jpg 270w\" sizes=\"(max-width: 612px) 100vw, 612px\" \/><\/figure>\n\n\n\n<p>A faca j\u00e1 h\u00e1 muito cortava mal. Estava romba e tinha de fazer for\u00e7a para cortar a casca de uma simples batata ou ma\u00e7\u00e3. Afiei-a com afinco e retomei o descasque da batata. Logo no primeiro segmento, grande corte no polegar direito!<\/p>\n\n\n\n<p>Arreliei-me comigo pr\u00f3pria porque achava que j\u00e1 devia saber que esta cena \u00e9 um cl\u00e1ssico. O sangue n\u00e3o parava e eu ia procurando raz\u00f5es para me desculpar de n\u00e3o ter integrado experi\u00eancias anteriores igualmente sangrentas.<\/p>\n\n\n\n<p>Convoquei os meus conhecimentos e constatei que o estado f\u00edsico da faca mudou \u2013 de romba a afiada \u2013 mas a mem\u00f3ria motora, a mem\u00f3ria do gesto manteve o modelo da faca embotada. A faca mudou mas o modelo de previs\u00e3o permaneceu.<\/p>\n\n\n\n<p>Este incidente trivial pode ser uma boa met\u00e1fora para o que acontece quando n\u00e3o nos damos conta que o mundo mudou, que uma pessoa mudou e n\u00f3s continuamos a agir como nada tenha mudado. Enganados pela falsa previsibilidade e confian\u00e7a, sa\u00edmos feridos.<\/p>\n\n\n\n<p><\/p>\n","protected":false},"excerpt":{"rendered":"<p>Uma met\u00e1fora sobre a mudan\u00e7a e as nossas formas de agir Por Manuela Matos Monteiro&#8230;<\/p>\n","protected":false},"author":2,"featured_media":15286,"comment_status":"open","ping_status":"open","sticky":true,"template":"","format":"standard","meta":{"sfsi_plus_gutenberg_text_before_share":"","sfsi_plus_gutenberg_show_text_before_share":"","sfsi_plus_gutenberg_icon_type":"","sfsi_plus_gutenberg_icon_alignemt":"","sfsi_plus_gutenburg_max_per_row":"","ngg_post_thumbnail":0,"footnotes":""},"categories":[519],"tags":[632],"featured_image_urls":{"full":["https:\/\/nsf.pt\/wp-content\/uploads\/2025\/10\/FACA.jpg",2048,1152,false],"thumbnail":["https:\/\/nsf.pt\/wp-content\/uploads\/2025\/10\/FACA-150x150.jpg",150,150,true],"medium":["https:\/\/nsf.pt\/wp-content\/uploads\/2025\/10\/FACA-300x169.jpg",300,169,true],"medium_large":["https:\/\/nsf.pt\/wp-content\/uploads\/2025\/10\/FACA-768x432.jpg",640,360,true],"large":["https:\/\/nsf.pt\/wp-content\/uploads\/2025\/10\/FACA-1024x576.jpg",640,360,true],"1536x1536":["https:\/\/nsf.pt\/wp-content\/uploads\/2025\/10\/FACA-1536x864.jpg",1536,864,true],"2048x2048":["https:\/\/nsf.pt\/wp-content\/uploads\/2025\/10\/FACA.jpg",2048,1152,false],"covernews-slider-full":["https:\/\/nsf.pt\/wp-content\/uploads\/2025\/10\/FACA-1115x715.jpg",1115,715,true],"covernews-slider-center":["https:\/\/nsf.pt\/wp-content\/uploads\/2025\/10\/FACA-800x500.jpg",800,500,true],"covernews-featured":["https:\/\/nsf.pt\/wp-content\/uploads\/2025\/10\/FACA-1024x576.jpg",1024,576,true],"covernews-medium":["https:\/\/nsf.pt\/wp-content\/uploads\/2025\/10\/FACA-540x340.jpg",540,340,true],"covernews-medium-square":["https:\/\/nsf.pt\/wp-content\/uploads\/2025\/10\/FACA-400x250.jpg",400,250,true]},"author_info":{"info":["Carlos Ribeiro"]},"category_info":"<a href=\"https:\/\/nsf.pt\/index.php\/category\/biblioteca-das-ideias\/\" rel=\"category tag\">BIBLIOTECA DAS IDEIAS<\/a>","tag_info":"BIBLIOTECA DAS IDEIAS","comment_count":"0","_links":{"self":[{"href":"https:\/\/nsf.pt\/index.php\/wp-json\/wp\/v2\/posts\/15285"}],"collection":[{"href":"https:\/\/nsf.pt\/index.php\/wp-json\/wp\/v2\/posts"}],"about":[{"href":"https:\/\/nsf.pt\/index.php\/wp-json\/wp\/v2\/types\/post"}],"author":[{"embeddable":true,"href":"https:\/\/nsf.pt\/index.php\/wp-json\/wp\/v2\/users\/2"}],"replies":[{"embeddable":true,"href":"https:\/\/nsf.pt\/index.php\/wp-json\/wp\/v2\/comments?post=15285"}],"version-history":[{"count":1,"href":"https:\/\/nsf.pt\/index.php\/wp-json\/wp\/v2\/posts\/15285\/revisions"}],"predecessor-version":[{"id":15287,"href":"https:\/\/nsf.pt\/index.php\/wp-json\/wp\/v2\/posts\/15285\/revisions\/15287"}],"wp:featuredmedia":[{"embeddable":true,"href":"https:\/\/nsf.pt\/index.php\/wp-json\/wp\/v2\/media\/15286"}],"wp:attachment":[{"href":"https:\/\/nsf.pt\/index.php\/wp-json\/wp\/v2\/media?parent=15285"}],"wp:term":[{"taxonomy":"category","embeddable":true,"href":"https:\/\/nsf.pt\/index.php\/wp-json\/wp\/v2\/categories?post=15285"},{"taxonomy":"post_tag","embeddable":true,"href":"https:\/\/nsf.pt\/index.php\/wp-json\/wp\/v2\/tags?post=15285"}],"curies":[{"name":"wp","href":"https:\/\/api.w.org\/{rel}","templated":true}]}}