{"id":15312,"date":"2025-10-26T08:23:16","date_gmt":"2025-10-26T08:23:16","guid":{"rendered":"https:\/\/nsf.pt\/?p=15312"},"modified":"2025-10-26T08:23:21","modified_gmt":"2025-10-26T08:23:21","slug":"participacao-civica-em-portugal","status":"publish","type":"post","link":"https:\/\/nsf.pt\/index.php\/2025\/10\/26\/participacao-civica-em-portugal\/","title":{"rendered":"Participa\u00e7\u00e3o c\u00edvica em Portugal"},"content":{"rendered":"\n<h2 class=\"wp-block-heading\">Ciclo de conversas come\u00e7a a 31 de outubro em Coimbra<\/h2>\n\n\n\n<p><\/p>\n\n\n\n<p>Por Jos\u00e9 Carlos Mota<\/p>\n\n\n\n<p>Portugal n\u00e3o \u00e9 um pa\u00eds sem n\u00f3s foi o mote que emergiu do lan\u00e7amento do livro A Participa\u00e7\u00e3o C\u00edvica em Portugal, editado pela <a href=\"https:\/\/www.facebook.com\/ffms.pt?__cft__[0]=AZWA6l6xErtvEgQtdpFL85vJ-eg-SlWXISxQ325efLhxKmr8ztdWXNsMWYrTup84Jtjo7MXF24hCxrMspVv-QtnRUFW3njz7lFHxK2QqZFnV1toacwTcMbZmmocLcBm_oGLJpVBHQuYvnyMZvNhVs6vFay4uWBZEf472B6uojbzGqA&amp;__tn__=-]K-R\">Funda\u00e7\u00e3o Francisco Manuel dos Santos<\/a>.<\/p>\n\n\n\n<p>Para quem n\u00e3o p\u00f4de estar presente, partilho o v\u00eddeo:<\/p>\n\n\n\n<figure class=\"wp-block-embed is-type-video is-provider-vimeo wp-block-embed-vimeo wp-embed-aspect-16-9 wp-has-aspect-ratio\"><div class=\"wp-block-embed__wrapper\">\n<iframe loading=\"lazy\" title=\"Portugal: um pa\u00eds sem n\u00f3s? | Pra\u00e7a da Funda\u00e7\u00e3o\" src=\"https:\/\/player.vimeo.com\/video\/1127563704?dnt=1&amp;app_id=122963\" width=\"640\" height=\"360\" frameborder=\"0\" allow=\"autoplay; fullscreen; picture-in-picture; clipboard-write; encrypted-media; web-share\" referrerpolicy=\"strict-origin-when-cross-origin\"><\/iframe>\n<\/div><\/figure>\n\n\n\n<p>Mas a conversa n\u00e3o termina aqui. Estamos a lan\u00e7ar um ciclo de encontros pelo pa\u00eds para aprofundar a reflex\u00e3o. O objetivo \u00e9 criar condi\u00e7\u00f5es para melhorar o envolvimento dos cidad\u00e3os e tornar mais eficaz a resposta coletiva \u00e0s necessidades e aos desejos dos portugueses.<\/p>\n\n\n\n<p>Se o tema vos interessa, venham ter connosco:<\/p>\n\n\n\n<p><img decoding=\"async\" loading=\"lazy\" height=\"16\" width=\"16\" alt=\"&#x1f4cd;\" src=\"https:\/\/static.xx.fbcdn.net\/images\/emoji.php\/v9\/tcc\/2\/16\/1f4cd.png\"> 31 de outubro, 17h00 \u2013 Casa da Cidadania da L\u00edngua, Coimbra<\/p>\n\n\n\n<p><img decoding=\"async\" loading=\"lazy\" height=\"16\" width=\"16\" alt=\"&#x1f4cd;\" src=\"https:\/\/static.xx.fbcdn.net\/images\/emoji.php\/v9\/tcc\/2\/16\/1f4cd.png\"> 10 de novembro, 18h30 \u2013 Livraria Almedina, Braga<\/p>\n\n\n\n<p><img decoding=\"async\" loading=\"lazy\" height=\"16\" width=\"16\" alt=\"&#x1f4cd;\" src=\"https:\/\/static.xx.fbcdn.net\/images\/emoji.php\/v9\/tcc\/2\/16\/1f4cd.png\"> 12 de novembro, 18h30 \u2013 Casa Louren\u00e7o Peixinho, Aveiro<\/p>\n\n\n\n<p><img decoding=\"async\" loading=\"lazy\" height=\"16\" width=\"16\" alt=\"&#x1f4cd;\" src=\"https:\/\/static.xx.fbcdn.net\/images\/emoji.php\/v9\/tcc\/2\/16\/1f4cd.png\"> 24 de novembro, 14h00 \u2013 Centro Comunit\u00e1rio Horta da Areia, Faro<\/p>\n\n\n\n<p><img decoding=\"async\" loading=\"lazy\" height=\"16\" width=\"16\" alt=\"&#x1f4cd;\" src=\"https:\/\/static.xx.fbcdn.net\/images\/emoji.php\/v9\/tcc\/2\/16\/1f4cd.png\"> 10 de dezembro, 18h00 \u2013 Mira F\u00f3rum, Porto<\/p>\n","protected":false},"excerpt":{"rendered":"<p>Ciclo de conversas come\u00e7a a 31 de outubro em Coimbra Por Jos\u00e9 Carlos Mota Portugal&#8230;<\/p>\n","protected":false},"author":2,"featured_media":15313,"comment_status":"open","ping_status":"open","sticky":true,"template":"","format":"standard","meta":{"sfsi_plus_gutenberg_text_before_share":"","sfsi_plus_gutenberg_show_text_before_share":"","sfsi_plus_gutenberg_icon_type":"","sfsi_plus_gutenberg_icon_alignemt":"","sfsi_plus_gutenburg_max_per_row":"","ngg_post_thumbnail":0,"footnotes":""},"categories":[519,238],"tags":[691],"featured_image_urls":{"full":["https:\/\/nsf.pt\/wp-content\/uploads\/2025\/10\/ciclo.jpg",734,400,false],"thumbnail":["https:\/\/nsf.pt\/wp-content\/uploads\/2025\/10\/ciclo-150x150.jpg",150,150,true],"medium":["https:\/\/nsf.pt\/wp-content\/uploads\/2025\/10\/ciclo-300x163.jpg",300,163,true],"medium_large":["https:\/\/nsf.pt\/wp-content\/uploads\/2025\/10\/ciclo.jpg",640,349,false],"large":["https:\/\/nsf.pt\/wp-content\/uploads\/2025\/10\/ciclo.jpg",640,349,false],"1536x1536":["https:\/\/nsf.pt\/wp-content\/uploads\/2025\/10\/ciclo.jpg",734,400,false],"2048x2048":["https:\/\/nsf.pt\/wp-content\/uploads\/2025\/10\/ciclo.jpg",734,400,false],"covernews-slider-full":["https:\/\/nsf.pt\/wp-content\/uploads\/2025\/10\/ciclo.jpg",734,400,false],"covernews-slider-center":["https:\/\/nsf.pt\/wp-content\/uploads\/2025\/10\/ciclo.jpg",734,400,false],"covernews-featured":["https:\/\/nsf.pt\/wp-content\/uploads\/2025\/10\/ciclo.jpg",734,400,false],"covernews-medium":["https:\/\/nsf.pt\/wp-content\/uploads\/2025\/10\/ciclo-540x340.jpg",540,340,true],"covernews-medium-square":["https:\/\/nsf.pt\/wp-content\/uploads\/2025\/10\/ciclo-400x250.jpg",400,250,true]},"author_info":{"info":["Carlos Ribeiro"]},"category_info":"<a href=\"https:\/\/nsf.pt\/index.php\/category\/biblioteca-das-ideias\/\" rel=\"category tag\">BIBLIOTECA DAS IDEIAS<\/a> <a href=\"https:\/\/nsf.pt\/index.php\/category\/destaque\/\" rel=\"category tag\">DESTAQUE<\/a>","tag_info":"DESTAQUE","comment_count":"0","_links":{"self":[{"href":"https:\/\/nsf.pt\/index.php\/wp-json\/wp\/v2\/posts\/15312"}],"collection":[{"href":"https:\/\/nsf.pt\/index.php\/wp-json\/wp\/v2\/posts"}],"about":[{"href":"https:\/\/nsf.pt\/index.php\/wp-json\/wp\/v2\/types\/post"}],"author":[{"embeddable":true,"href":"https:\/\/nsf.pt\/index.php\/wp-json\/wp\/v2\/users\/2"}],"replies":[{"embeddable":true,"href":"https:\/\/nsf.pt\/index.php\/wp-json\/wp\/v2\/comments?post=15312"}],"version-history":[{"count":1,"href":"https:\/\/nsf.pt\/index.php\/wp-json\/wp\/v2\/posts\/15312\/revisions"}],"predecessor-version":[{"id":15314,"href":"https:\/\/nsf.pt\/index.php\/wp-json\/wp\/v2\/posts\/15312\/revisions\/15314"}],"wp:featuredmedia":[{"embeddable":true,"href":"https:\/\/nsf.pt\/index.php\/wp-json\/wp\/v2\/media\/15313"}],"wp:attachment":[{"href":"https:\/\/nsf.pt\/index.php\/wp-json\/wp\/v2\/media?parent=15312"}],"wp:term":[{"taxonomy":"category","embeddable":true,"href":"https:\/\/nsf.pt\/index.php\/wp-json\/wp\/v2\/categories?post=15312"},{"taxonomy":"post_tag","embeddable":true,"href":"https:\/\/nsf.pt\/index.php\/wp-json\/wp\/v2\/tags?post=15312"}],"curies":[{"name":"wp","href":"https:\/\/api.w.org\/{rel}","templated":true}]}}